{"id":35770,"date":"2026-07-09T07:44:00","date_gmt":"2026-07-09T05:44:00","guid":{"rendered":"https:\/\/euapp01.newsmemory.com\/lamarseillaise\/news\/?p=35770"},"modified":"2026-07-15T07:15:19","modified_gmt":"2026-07-15T05:15:19","slug":"la-ville-daix-adopte-le-crowdfunding-pour-soutenir-ses-projets-culturels","status":"publish","type":"post","link":"https:\/\/euapp01.newsmemory.com\/lamarseillaise\/news\/2026\/07\/09\/la-ville-daix-adopte-le-crowdfunding-pour-soutenir-ses-projets-culturels\/","title":{"rendered":"La Ville d\u2019Aix adopte le crowdfunding pour soutenir ses projets culturels"},"content":{"rendered":"<div class=\"paragraph\">\n<p>Dans le cadre de sa strat\u00e9gie de diversification des ressources, la Ville lance une campagne de financement participatif. Ce, par le biais de la plateforme Collecticity, op\u00e9r\u00e9e par la soci\u00e9t\u00e9 Urbanis Finance, d\u00e9di\u00e9e \u00e0 recueillir des dons pour des projets port\u00e9s dans les communes. Cette option se greffe \u00e0 une d\u00e9marche de m\u00e9c\u00e9nat aupr\u00e8s des entreprises, engag\u00e9e par la municipalit\u00e9 depuis juin\u00a02024. La d\u00e9lib\u00e9ration a cet effet a \u00e9t\u00e9 d\u00e9battue lors du dernier conseil municipal. \u00ab\u00a0<i>La ville veut d\u00e9velopper le recours aux dons des particuliers qui a progress\u00e9 de 3,6% en 2025 et repr\u00e9sente 58% de la g\u00e9n\u00e9rosit\u00e9 en France contre 42% pour le m\u00e9c\u00e9nat d\u2019entreprise, <\/i>contextualise Patrick Ardizzoni, adjoint \u00e0 l\u2019\u00e9conomie<i>. Les fonds recueillis contribueront au financement d\u2019actions et projets conduits par les mus\u00e9es d\u2019arts et d\u2019histoire, le Mus\u00e9e Granet, les sites c\u00e9zanniens.<\/i><i>\u00a0<\/i>\u00bb Si aucune des oppositions ne s\u2019est oppos\u00e9e au vote de la d\u00e9lib\u00e9ration, le sujet a suscit\u00e9 des interrogations. Apr\u00e8s question du RN sur la<i> <\/i>\u00ab<i>\u00a0<\/i><i>redevance<\/i><i>\u00a0<\/i>\u00bb<i> <\/i>attribu\u00e9e \u00e0 la plateforme, la municipalit\u00e9 explique que l\u2019organisme touche 5,5% de commission sur le montant de dons r\u00e9colt\u00e9s, limit\u00e9 \u00e0 12\u00a0500 par an.<\/p>\n<\/p><\/div>\n<div class=\"intext\"> <\/div>\n<div class=\"intext\"> Le r\u00f4le de l\u2019imp\u00f4t\u00a0?\n              <\/div>\n<div class=\"paragraph\">\n<p>Cyrille Blint, conseiller municipal d\u2019opposition (DVD) estime<i> <\/i>\u00ab<i>\u00a0<\/i><i>qu\u2019une collectivit\u00e9 comme Aix ne devrait pas \u00e0 avoir \u00e0 aller chercher les fonds aupr\u00e8s des particuliers ou au niveau des entreprises <\/i>(&#8230;) <i>normalement, \u00e7a doit se faire \u00e0 travers l\u2019imp\u00f4t<\/i><i>\u00a0<\/i>\u00bb. Autre r\u00e9flexion issue de ce groupe, l\u2019impression que<i> <\/i>\u00ab\u00a0<i>quelque chose est pris d\u2019un c\u00f4t\u00e9 pour \u00eatre enlev\u00e9 de l\u2019autre<\/i><i>\u00a0<\/i>\u00bb<i>. <\/i>Cyril Blint justifie<i>. <\/i>\u00ab\u00a0<i>Quand un particulier va faire un don pour les sites c\u00e9zanniens, 66% de ce don va arriver en moins dans les caisses de l\u2019\u00e9tat <\/i>(&#8230;)<i> Je ne suis pas pass\u00e9 de l\u2019autre c\u00f4t\u00e9 du groupe de M. Pena<\/i> [Aix Avenir, Ndlr.] <i>m<\/i><i>ais il me semble qu\u2019il y a quelque chose qui n\u2019est pas vertueux et m\u00eame si \u00e7a part d\u2019un bon sentiment, c\u2019est peut-\u00eatre pas la solution id\u00e9ale pour les deniers publics.<\/i><i>\u00a0<\/i>\u00bb \u00c0 gauche, on rejoint la r\u00e9flexion sur une possible substitution \u00e0 l\u2019imp\u00f4t. \u00ab<i>\u00a0<\/i><i>\u00c7a pose la question de l\u2019intervention priv\u00e9e dans les choix culturels. Il va falloir \u00eatre vigilants \u00e0 ce que la programmation des mus\u00e9es, des spectacles, il n\u2019y ait pas une contrepartie \u00e0 ce financement participatif<\/i><i>\u00a0<\/i>\u00bb, s\u2019inqui\u00e8te Agn\u00e8s Daures (DVG) qui, s\u2019interroge aussi sur \u00ab\u00a0<i>la fa\u00e7on dont on l\u2019int\u00e8gre dans le budget<\/i>\u00a0\u00bb<i>. <\/i>\u00ab<i>\u00a0<\/i><i>Ces montants sont un plus, ce n\u2019est pas financer un projet, c\u2019est donner un plus pour que le projet soit encore mieux<\/i><i>\u00a0<\/i>\u00bb<i>,<\/i> assure Sophie Joissains, tandis que Patrick Ardizzoni pointe une \u00ab<i>\u00a0<\/i><i>p\u00e9riode ou il y a un changement de mod\u00e8le<\/i><i>\u00a0<\/i>\u00bb<i>,<\/i> ou \u00ab<i>\u00a0<\/i><i>tout ne doit pas passer par l\u2019imp\u00f4t<\/i><i>\u00a0<\/i>\u00bb et de rappeler que \u00ab<i>\u00a0<\/i><i>les ressources de la Ville ne peuvent pas reposer que sur le m\u00e9c\u00e9nat bien entendu<\/i><i>\u00a0<\/i>\u00bb. <i><\/i><\/p>\n<\/p><\/div>\n","protected":false},"excerpt":{"rendered":"Dans le cadre de sa strat&eacute;gie de diversification des ressources, la Ville lance une campagne de financement participatif. Ce, par le biais de la plateforme Collecticity, op&eacute;r&eacute;e par la soci&eacute;t&eacute; Urbanis Finance, &#8230;","protected":false},"author":1,"featured_media":35771,"comment_status":"open","ping_status":"open","sticky":false,"template":"","format":"standard","meta":{"footnotes":""},"categories":[3926,3925,330],"tags":[556,10,148,913,540,191,1658],"news-destination":[3944],"news-source":[475],"is_homepage":[],"ta_other":[],"class_list":["post-35770","post","type-post","status-publish","format-standard","has-post-thumbnail","hentry","category-accueil-merge","category-accueil-third","category-politique","tag-aix-en-provence","tag-bouches-du-rhone","tag-conseil-municipal","tag-finances","tag-gauche","tag-politique","tag-sophie-joissains","news-destination-homepage","news-source-website"],"_links":{"self":[{"href":"https:\/\/euapp01.newsmemory.com\/lamarseillaise\/news\/wp-json\/wp\/v2\/posts\/35770","targetHints":{"allow":["GET"]}}],"collection":[{"href":"https:\/\/euapp01.newsmemory.com\/lamarseillaise\/news\/wp-json\/wp\/v2\/posts"}],"about":[{"href":"https:\/\/euapp01.newsmemory.com\/lamarseillaise\/news\/wp-json\/wp\/v2\/types\/post"}],"author":[{"embeddable":true,"href":"https:\/\/euapp01.newsmemory.com\/lamarseillaise\/news\/wp-json\/wp\/v2\/users\/1"}],"replies":[{"embeddable":true,"href":"https:\/\/euapp01.newsmemory.com\/lamarseillaise\/news\/wp-json\/wp\/v2\/comments?post=35770"}],"version-history":[{"count":1,"href":"https:\/\/euapp01.newsmemory.com\/lamarseillaise\/news\/wp-json\/wp\/v2\/posts\/35770\/revisions"}],"predecessor-version":[{"id":35772,"href":"https:\/\/euapp01.newsmemory.com\/lamarseillaise\/news\/wp-json\/wp\/v2\/posts\/35770\/revisions\/35772"}],"wp:featuredmedia":[{"embeddable":true,"href":"https:\/\/euapp01.newsmemory.com\/lamarseillaise\/news\/wp-json\/wp\/v2\/media\/35771"}],"wp:attachment":[{"href":"https:\/\/euapp01.newsmemory.com\/lamarseillaise\/news\/wp-json\/wp\/v2\/media?parent=35770"}],"wp:term":[{"taxonomy":"category","embeddable":true,"href":"https:\/\/euapp01.newsmemory.com\/lamarseillaise\/news\/wp-json\/wp\/v2\/categories?post=35770"},{"taxonomy":"post_tag","embeddable":true,"href":"https:\/\/euapp01.newsmemory.com\/lamarseillaise\/news\/wp-json\/wp\/v2\/tags?post=35770"},{"taxonomy":"news-destination","embeddable":true,"href":"https:\/\/euapp01.newsmemory.com\/lamarseillaise\/news\/wp-json\/wp\/v2\/news-destination?post=35770"},{"taxonomy":"news-source","embeddable":true,"href":"https:\/\/euapp01.newsmemory.com\/lamarseillaise\/news\/wp-json\/wp\/v2\/news-source?post=35770"},{"taxonomy":"is_homepage","embeddable":true,"href":"https:\/\/euapp01.newsmemory.com\/lamarseillaise\/news\/wp-json\/wp\/v2\/is_homepage?post=35770"},{"taxonomy":"ta_other","embeddable":true,"href":"https:\/\/euapp01.newsmemory.com\/lamarseillaise\/news\/wp-json\/wp\/v2\/ta_other?post=35770"}],"curies":[{"name":"wp","href":"https:\/\/api.w.org\/{rel}","templated":true}]}}