{"id":35761,"date":"2026-07-09T07:25:00","date_gmt":"2026-07-09T05:25:00","guid":{"rendered":"https:\/\/euapp01.newsmemory.com\/lamarseillaise\/news\/?p=35761"},"modified":"2026-07-14T17:06:24","modified_gmt":"2026-07-14T15:06:24","slug":"les-victimes-de-lincendie-de-lestaque-determinees","status":"publish","type":"post","link":"https:\/\/euapp01.newsmemory.com\/lamarseillaise\/news\/2026\/07\/09\/les-victimes-de-lincendie-de-lestaque-determinees\/","title":{"rendered":"Les victimes de l\u2019incendie de l\u2019Estaque d\u00e9termin\u00e9es"},"content":{"rendered":"<div class=\"paragraph\">\n<p>\u00ab <i>U<\/i><i>n an d\u00e9j\u00e0 que l\u2019incendie du 8<\/i><i>\u00a0<\/i><i>juillet 2025 a ravag\u00e9 nos vies, nos foyers, notre quartier et nos rep\u00e8res. Un an que des dizaines de familles se battent<\/i>.\u00a0\u00bb Les habitants des hauts de l\u2019Estaque sont venus en nombre assister ce mercredi 8\u00a0juillet au point presse organis\u00e9 par l\u2019association des victimes de l\u2019incendie. Avec \u00e9motion et col\u00e8re, sa pr\u00e9sidente, Mathilde Favier, d\u00e9nonce \u00ab<i>\u00a0<\/i><i>le manque de suivi et de prise au s\u00e9rieux de la d\u00e9tresse des sinistr\u00e9s par les autorit\u00e9s comp\u00e9tentes.<\/i>\u00a0\u00bb Une situation \u00ab\u00a0<i>intenable, humainement, psychologiquement, financi\u00e8rement<\/i>.\u00a0\u00bb<\/p>\n<p>Et de revenir sur \u00ab<i>\u00a0<\/i><i>ce qui s\u2019est pass\u00e9 ce jour-l\u00e0.<\/i>\u00a0\u00bb Pour avoir des r\u00e9ponses, l\u2019association a demand\u00e9 \u00e0 la pr\u00e9fecture, par le biais de son avocate d\u00e8s le 7\u00a0septembre, de lui remettre l\u2019ensemble des documents concernant les op\u00e9rations de secours. Sans succ\u00e8s, malgr\u00e9 l\u2019\u00ab\u00a0<i>avis favorable de la Commission d\u2019acc\u00e8s aux documents administratifs en f\u00e9vrier<\/i><i>\u00a0<\/i><i>2026<\/i>\u00a0\u00bb rappelle Mathilde Favier. Le tribunal administratif a \u00e9t\u00e9 saisi.<\/p>\n<\/p><\/div>\n<div class=\"intext\"> La Ville en soutien\n              <\/div>\n<div class=\"paragraph\">\n<p>Une centaine de plaintes ont \u00e9t\u00e9 d\u00e9pos\u00e9es, \u00ab\u00a0<i>on ne sait pas ce qu\u2019elles sont devenues<\/i>\u00a0\u00bb, affirme-t-elle. L\u2019association r\u00e9clame la mise en place d\u2019un comit\u00e9 local d\u2019aide aux victimes (CLAV) et dit avoir rencontr\u00e9 la Ville.<\/p>\n<p>Autre point noir, l\u2019attitude des assurances. Un \u00ab\u00a0<i>syst\u00e8me opaque<\/i>\u00a0\u00bb selon la pr\u00e9sidente de l\u2019association, au point que des expertises doivent encore avoir lieu pour certains en ao\u00fbt. Elle demande la prolongation des relogements quand plus des trois quarts des sinistr\u00e9s n\u2019ont pu entamer de reconstruction de leurs maisons, assure-t-elle.<\/p>\n<p>Contact\u00e9e, la pr\u00e9fecture n\u2019a pu nous r\u00e9pondre. De son c\u00f4t\u00e9, la Ville, \u00ab\u00a0<i>aux c\u00f4t\u00e9s des sinistr\u00e9s<\/i><i>\u00a0<\/i>\u00bb, confirme la tenue d\u2019une r\u00e9union le 30\u00a0juin, avec Samia Ghali, maire adjointe (DVG) et Jean-Marc Coppola, maire PCF des 15-16, qui \u00ab\u00a0<i>a permis de faire le point sur les dossiers encore en souffrance.<\/i><i>\u00a0<\/i>\u00bb Sur le CLAV, les deux \u00e9lus ont rappel\u00e9 qu\u2019ils avaient \u00e9crit, comme le maire, au pr\u00e9fet pour qu\u2019il le mette en place. Pour la Ville, \u00ab\u00a0<i>cette instance est la plus adapt\u00e9e<\/i><i>\u00a0<\/i>\u00bb<i> <\/i>mais si \u00ab\u00a0<i>l\u2019\u00c9tat n\u2019exerce pas pleinement et rapidement ses responsabilit\u00e9s, le maire de Marseille convoquera, en septembre, une r\u00e9union \u00e0 l\u2019H\u00f4tel de Ville<\/i>\u00a0\u00bb avec l\u2019ensemble des acteurs.<\/p>\n<\/p><\/div>\n","protected":false},"excerpt":{"rendered":"&laquo; Un an d&eacute;j&agrave; que l&rsquo;incendie du 8&nbsp;juillet 2025 a ravag&eacute; nos vies, nos foyers, notre quartier et nos rep&egrave;res. Un an que des dizaines de familles se battent.&nbsp;&raquo; Les habitants des hauts de &#8230;","protected":false},"author":1,"featured_media":35762,"comment_status":"open","ping_status":"open","sticky":false,"template":"","format":"standard","meta":{"footnotes":""},"categories":[3926,3925,20],"tags":[2203,10,91,754,319,1306,16,250,1438,1131,1567,3516,117,142,381,2003,2517,790,1941],"news-destination":[3944],"news-source":[475],"is_homepage":[],"ta_other":[],"class_list":["post-35761","post","type-post","status-publish","format-standard","has-post-thumbnail","hentry","category-accueil-merge","category-accueil-third","category-societe","tag-assurances","tag-bouches-du-rhone","tag-estaque","tag-familles","tag-incendie","tag-jean-marc-coppola","tag-marseille","tag-pcf","tag-plaintes","tag-prefecture","tag-prefet","tag-reconstruction","tag-reparation","tag-samia-ghali","tag-secours","tag-sinistres","tag-souffrance","tag-tribunal-administratif","tag-victimes","news-destination-homepage","news-source-website"],"_links":{"self":[{"href":"https:\/\/euapp01.newsmemory.com\/lamarseillaise\/news\/wp-json\/wp\/v2\/posts\/35761","targetHints":{"allow":["GET"]}}],"collection":[{"href":"https:\/\/euapp01.newsmemory.com\/lamarseillaise\/news\/wp-json\/wp\/v2\/posts"}],"about":[{"href":"https:\/\/euapp01.newsmemory.com\/lamarseillaise\/news\/wp-json\/wp\/v2\/types\/post"}],"author":[{"embeddable":true,"href":"https:\/\/euapp01.newsmemory.com\/lamarseillaise\/news\/wp-json\/wp\/v2\/users\/1"}],"replies":[{"embeddable":true,"href":"https:\/\/euapp01.newsmemory.com\/lamarseillaise\/news\/wp-json\/wp\/v2\/comments?post=35761"}],"version-history":[{"count":1,"href":"https:\/\/euapp01.newsmemory.com\/lamarseillaise\/news\/wp-json\/wp\/v2\/posts\/35761\/revisions"}],"predecessor-version":[{"id":35763,"href":"https:\/\/euapp01.newsmemory.com\/lamarseillaise\/news\/wp-json\/wp\/v2\/posts\/35761\/revisions\/35763"}],"wp:featuredmedia":[{"embeddable":true,"href":"https:\/\/euapp01.newsmemory.com\/lamarseillaise\/news\/wp-json\/wp\/v2\/media\/35762"}],"wp:attachment":[{"href":"https:\/\/euapp01.newsmemory.com\/lamarseillaise\/news\/wp-json\/wp\/v2\/media?parent=35761"}],"wp:term":[{"taxonomy":"category","embeddable":true,"href":"https:\/\/euapp01.newsmemory.com\/lamarseillaise\/news\/wp-json\/wp\/v2\/categories?post=35761"},{"taxonomy":"post_tag","embeddable":true,"href":"https:\/\/euapp01.newsmemory.com\/lamarseillaise\/news\/wp-json\/wp\/v2\/tags?post=35761"},{"taxonomy":"news-destination","embeddable":true,"href":"https:\/\/euapp01.newsmemory.com\/lamarseillaise\/news\/wp-json\/wp\/v2\/news-destination?post=35761"},{"taxonomy":"news-source","embeddable":true,"href":"https:\/\/euapp01.newsmemory.com\/lamarseillaise\/news\/wp-json\/wp\/v2\/news-source?post=35761"},{"taxonomy":"is_homepage","embeddable":true,"href":"https:\/\/euapp01.newsmemory.com\/lamarseillaise\/news\/wp-json\/wp\/v2\/is_homepage?post=35761"},{"taxonomy":"ta_other","embeddable":true,"href":"https:\/\/euapp01.newsmemory.com\/lamarseillaise\/news\/wp-json\/wp\/v2\/ta_other?post=35761"}],"curies":[{"name":"wp","href":"https:\/\/api.w.org\/{rel}","templated":true}]}}