{"id":35758,"date":"2026-07-09T07:29:00","date_gmt":"2026-07-09T05:29:00","guid":{"rendered":"https:\/\/euapp01.newsmemory.com\/lamarseillaise\/news\/?p=35758"},"modified":"2026-07-14T22:19:41","modified_gmt":"2026-07-14T20:19:41","slug":"renee-marcos-rescapee-et-passeuse-de-memoire","status":"publish","type":"post","link":"https:\/\/euapp01.newsmemory.com\/lamarseillaise\/news\/2026\/07\/09\/renee-marcos-rescapee-et-passeuse-de-memoire\/","title":{"rendered":"Ren\u00e9e Marcos, rescap\u00e9e et passeuse de m\u00e9moire"},"content":{"rendered":"<div class=\"paragraph\">\n<p>Depuis l\u2019annonce de son d\u00e9c\u00e8s mardi, les hommages se multiplient pour saluer le courage de cette femme qui a consacr\u00e9 une grande partie de sa vie \u00e0 t\u00e9moigner aupr\u00e8s des jeunes g\u00e9n\u00e9rations. En janvier dernier, la Ville de Marseille lui avait d\u2019ailleurs remis sa m\u00e9daille pour son \u00ab\u00a0<i>courage et son engagement exceptionnel dans la transmission de la m\u00e9moire<\/i>\u00a0\u00bb.<\/p>\n<p>N\u00e9e \u00e0 Marseille le 14\u00a0janvier 1926 dans une famille juive originaire de Salonique, install\u00e9e dans la cit\u00e9 phoc\u00e9enne depuis 1915, Louise Ren\u00e9e Guelidi grandit au sein d\u2019une fratrie de cinq enfants. Au printemps\u00a01944, d\u00e9nonc\u00e9e par des voisins, elle est arr\u00eat\u00e9e \u00e0 son domicile. Pour prot\u00e9ger ses fr\u00e8res et s\u0153urs, elle affirme \u00eatre fille unique, mensonge qui leur sauvera la vie. Apr\u00e8s les Baumettes puis Drancy, \u00e2g\u00e9e de 18\u00a0ans, elle est d\u00e9port\u00e9e par le convoi n\u00b074 \u00e0 Auschwitz, o\u00f9 sa tante et sa cousine sont gaz\u00e9es d\u00e8s leur arriv\u00e9e.<\/p>\n<p>Tatou\u00e9e du matricule A-5503 au bras (et non sur le soutien-gorge comme indiqu\u00e9 dans notre \u00e9dition de ce mercredi), elle survit au travail forc\u00e9, \u00e0 la marche de la mort puis au camp de Theresienstadt. \u00c0 la Lib\u00e9ration, atteinte du typhus, elle ne p\u00e8se plus que 35\u00a0kg. Couturi\u00e8re de m\u00e9tier, \u00e9pouse d\u2019Isidore Marcos, elle consacrera ensuite sa vie \u00e0 transmettre son histoire dans les coll\u00e8ges et lyc\u00e9es. Avec sa disparition, c\u2019est une voix majeure de la m\u00e9moire de la Shoah qui s\u2019\u00e9teint, laissant derri\u00e8re elle un h\u00e9ritage de courage, de r\u00e9silience et de vigilance face \u00e0 toutes les formes de haine.<\/p>\n<\/p><\/div>\n<div class=\"intext\"> \u00ab\u00a0Rempart\u00a0\u00bb\n              <\/div>\n<div class=\"paragraph\">\n<p>Bruno Benjamin, pr\u00e9sident du Crif Marseille-Provence, a longuement r\u00e9agi sur Facebook\u00a0: \u00ab\u00a0<i>C\u2019est une voix de la m\u00e9moire qui s\u2019\u00e9teint. Une femme qui, par son t\u00e9moignage, incarnait la v\u00e9rit\u00e9 face au mensonge, la dignit\u00e9 face \u00e0 la barbarie et la transmission face \u00e0 l\u2019oubli. Les survivants de la Shoah \u00e9taient les t\u00e9moins vivants de l\u2019Histoire. Leur seule pr\u00e9sence constituait un rempart contre le n\u00e9gationnisme.<\/i>\u00a0\u00bb Bruno Benjamin ajoute\u00a0: \u00ab\u00a0<i>Aujourd\u2019hui, alors qu\u2019ils disparaissent les uns apr\u00e8s les autres, notre responsabilit\u00e9 est plus grande que jamais<\/i><i>\u00a0<\/i><i>: porter leur parole, transmettre leur m\u00e9moire et combattre sans rel\u00e2che ceux qui cherchent \u00e0 nier ou \u00e0 d\u00e9former la v\u00e9rit\u00e9. Demain, certains pr\u00e9tendront que la Shoah n\u2019a pas exist\u00e9. C\u2019est [&#8230;] pour emp\u00eacher cette falsification de l\u2019Histoire que nous devons continuer \u00e0 raconter ce qu\u2019ils ont v\u00e9cu [&#8230;].<\/i><i>\u00a0<\/i>\u00bb<\/p>\n<p>Le maire de Marseille (DVG), Beno\u00eet Payan, a partag\u00e9 ces mots\u00a0: \u00ab\u00a0<i>Hommage \u00e0 Ren\u00e9e Marcos, survivante d\u2019Auschwitz, dont le t\u00e9moignage et l\u2019engagement inlassable pour transmettre la m\u00e9moire de la Shoah ont marqu\u00e9 des g\u00e9n\u00e9rations de Marseillaises et de Marseillais.<\/i>\u00a0\u00bb Martine Vassal, pr\u00e9sidente (DVD) du D\u00e9partement des Bouches-du-Rh\u00f4ne, se dit \u00ab\u00a0<i>profond\u00e9ment \u00e9mue par la disparition de la Marseillaise Ren\u00e9e Marcos, rescap\u00e9e d\u2019Auschwitz. Par son courage et son t\u00e9moignage, elle a transmis inlassablement la m\u00e9moire de la Shoah et rappel\u00e9 notre devoir de ne jamais oublier<\/i>\u00a0\u00bb.<\/p>\n<\/p><\/div>\n","protected":false},"excerpt":{"rendered":"Depuis l&rsquo;annonce de son d&eacute;c&egrave;s mardi, les hommages se multiplient pour saluer le courage de cette femme qui a consacr&eacute; une grande partie de sa vie &agrave; t&eacute;moigner aupr&egrave;s des jeunes &#8230;","protected":false},"author":1,"featured_media":35759,"comment_status":"open","ping_status":"open","sticky":false,"template":"","format":"standard","meta":{"footnotes":""},"categories":[3926,3925,20],"tags":[774,10,2143,618,2742,280,3639,2726,16,707,920,2438,3082,4626],"news-destination":[3944],"news-source":[475],"is_homepage":[],"ta_other":[],"class_list":["post-35758","post","type-post","status-publish","format-standard","has-post-thumbnail","hentry","category-accueil-merge","category-accueil-third","category-societe","tag-benoit-payan","tag-bouches-du-rhone","tag-crif","tag-devoir-de-memoire","tag-disparition","tag-histoire","tag-hommages","tag-juifs","tag-marseille","tag-martine-vassal","tag-memoire","tag-nazisme","tag-seconde-guerre-mondiale","tag-shoah","news-destination-homepage","news-source-website"],"_links":{"self":[{"href":"https:\/\/euapp01.newsmemory.com\/lamarseillaise\/news\/wp-json\/wp\/v2\/posts\/35758","targetHints":{"allow":["GET"]}}],"collection":[{"href":"https:\/\/euapp01.newsmemory.com\/lamarseillaise\/news\/wp-json\/wp\/v2\/posts"}],"about":[{"href":"https:\/\/euapp01.newsmemory.com\/lamarseillaise\/news\/wp-json\/wp\/v2\/types\/post"}],"author":[{"embeddable":true,"href":"https:\/\/euapp01.newsmemory.com\/lamarseillaise\/news\/wp-json\/wp\/v2\/users\/1"}],"replies":[{"embeddable":true,"href":"https:\/\/euapp01.newsmemory.com\/lamarseillaise\/news\/wp-json\/wp\/v2\/comments?post=35758"}],"version-history":[{"count":1,"href":"https:\/\/euapp01.newsmemory.com\/lamarseillaise\/news\/wp-json\/wp\/v2\/posts\/35758\/revisions"}],"predecessor-version":[{"id":35760,"href":"https:\/\/euapp01.newsmemory.com\/lamarseillaise\/news\/wp-json\/wp\/v2\/posts\/35758\/revisions\/35760"}],"wp:featuredmedia":[{"embeddable":true,"href":"https:\/\/euapp01.newsmemory.com\/lamarseillaise\/news\/wp-json\/wp\/v2\/media\/35759"}],"wp:attachment":[{"href":"https:\/\/euapp01.newsmemory.com\/lamarseillaise\/news\/wp-json\/wp\/v2\/media?parent=35758"}],"wp:term":[{"taxonomy":"category","embeddable":true,"href":"https:\/\/euapp01.newsmemory.com\/lamarseillaise\/news\/wp-json\/wp\/v2\/categories?post=35758"},{"taxonomy":"post_tag","embeddable":true,"href":"https:\/\/euapp01.newsmemory.com\/lamarseillaise\/news\/wp-json\/wp\/v2\/tags?post=35758"},{"taxonomy":"news-destination","embeddable":true,"href":"https:\/\/euapp01.newsmemory.com\/lamarseillaise\/news\/wp-json\/wp\/v2\/news-destination?post=35758"},{"taxonomy":"news-source","embeddable":true,"href":"https:\/\/euapp01.newsmemory.com\/lamarseillaise\/news\/wp-json\/wp\/v2\/news-source?post=35758"},{"taxonomy":"is_homepage","embeddable":true,"href":"https:\/\/euapp01.newsmemory.com\/lamarseillaise\/news\/wp-json\/wp\/v2\/is_homepage?post=35758"},{"taxonomy":"ta_other","embeddable":true,"href":"https:\/\/euapp01.newsmemory.com\/lamarseillaise\/news\/wp-json\/wp\/v2\/ta_other?post=35758"}],"curies":[{"name":"wp","href":"https:\/\/api.w.org\/{rel}","templated":true}]}}