{"id":35755,"date":"2026-07-09T07:31:00","date_gmt":"2026-07-09T05:31:00","guid":{"rendered":"https:\/\/euapp01.newsmemory.com\/lamarseillaise\/news\/?p=35755"},"modified":"2026-07-14T22:19:41","modified_gmt":"2026-07-14T20:19:41","slug":"de-passage-a-marseille-tondelier-prone-des-vacances-pour-tous","status":"publish","type":"post","link":"https:\/\/euapp01.newsmemory.com\/lamarseillaise\/news\/2026\/07\/09\/de-passage-a-marseille-tondelier-prone-des-vacances-pour-tous\/","title":{"rendered":"De passage \u00e0 Marseille, Tondelier pr\u00f4ne des \u00ab&nbsp;vacances pour tous&nbsp;\u00bb"},"content":{"rendered":"<div class=\"paragraph\">\n<p>\u00ab <i>J<\/i>e<i> suis honor\u00e9 de la venue de Marine Tondelier \u00e0 Marseille car les vacances pour tous c\u2019est un axe important dans sa campagne pr\u00e9sidentielle<\/i><i>\u00a0<\/i>\u00bb, affirme le sourire aux l\u00e8vres, Amine Kessaci, 4<sup>e<\/sup>\u00a0adjoint \u00e0 la mairie de Marseille en charge de la jeunesse. Il \u00e9tait ce mercredi sur le Vieux-Port avec la candidate \u00e0 la pr\u00e9sidentielle pour Europe \u00c9cologie les Verts. Au centre des discussions, le \u00ab\u00a0<i>droit aux vacances pour tous<\/i>\u00a0\u00bb avec une rencontre des enfants qui partent 3\u00a0jours sur l\u2019archipel du Frioul gr\u00e2ce aux partenariats entre les centres sociaux et la mairie.<\/p>\n<\/p><\/div>\n<div class=\"intext\"> Les centres sociaux mobilis\u00e9s\n              <\/div>\n<div class=\"paragraph\">\n<p>La candidate l\u2019assure\u00a0: \u00ab\u00a0<i>Aujourd\u2019hui 4<\/i><i>\u00a0<\/i><i>Fran\u00e7ais sur 10 ne partent jamais en vacances<\/i><i>\u00a0<\/i>\u00bb. L\u2019adjoint au maire aux centres sociaux, Hassan Guenfici, lui explique que cet \u00e9t\u00e9, \u00e0 Marseille, 43\u00a0centres sociaux sont mobilis\u00e9s pour proposer 56\u00a0s\u00e9jours pour les jeunes et les familles. Au total, 700\u00a0personnes partiront sur les deux mois d\u2019\u00e9t\u00e9. \u00ab\u00a0<i>On veut nationaliser ce dispositif pour les enfants, les seniors, les aidants et les familles monoparentales<\/i>\u00a0\u00bb, pr\u00e9cise la candidate.<\/p>\n<p>\u00ab\u00a0<i>T\u2019es d\u00e9j\u00e0 all\u00e9 au Frioul<\/i><i>\u00a0<\/i><i>?<\/i>\u00a0\u00bb, demande Marine Tondelier \u00e0 un jeune. \u00ab\u00a0<i>C\u2019est la premi\u00e8re fois que j\u2019y vais, j\u2019habite dans le 15<\/i><i><sup>e <\/sup><\/i><i>arrondissement<\/i>\u00a0\u00bb, r\u00e9pond un adolescent de 14\u00a0ans. \u00ab\u00a0<i>On a besoin de ces dispositifs pour \u00e9viter que les jeunes restent au pied de leur immeuble tout l\u2019\u00e9t\u00e9. Leur permettre de partir en vacances, c\u2019est les respecter<\/i><i>\u00a0<\/i>\u00bb, affirme Amine Kessaci.<\/p>\n<p>\u00ab\u00a0<i>C\u2019est un montant certain, mais c\u2019est un investissement qu\u2019on fait avec plaisir<\/i>\u00a0\u00bb, d\u00e9clare Hassan Guenfici. Au niveau national, Marine Tondelier affirme que les financements seront d\u00e9taill\u00e9s dans le programme Europe \u00c9cologie les Verts qui para\u00eetra le 13\u00a0juillet.<\/p>\n<p>Un Marseillais interpelle Marine Tondelier\u00a0: \u00ab\u00a0<i>Vous allez sur l\u2019archipel vous<\/i><i>\u00a0<\/i><i>?<\/i><i>\u00a0<\/i>\u00bb\u00a0; \u00ab\u00a0<i>Non j\u2019ai le mal de mer malheureusement.<\/i><i>\u00a0<\/i>\u00bb, r\u00e9pond-elle en faisant la moue. \u00c0 d\u00e9faut de se rendre au Frioul, elle continuera sa campagne en Savoie, pour causer \u00ab\u00a0<i>r\u00e9chauffement climatique<\/i>\u00a0\u00bb.<\/p>\n<p><b>Gabrielle Cartellier<\/b><\/p>\n<\/p><\/div>\n","protected":false},"excerpt":{"rendered":"&laquo; Je suis honor&eacute; de la venue de Marine Tondelier &agrave; Marseille car les vacances pour tous c&rsquo;est un axe important dans sa campagne pr&eacute;sidentielle&nbsp;&raquo;, affirme le sourire aux l&egrave;vres, Amine Kessaci, &#8230;","protected":false},"author":1,"featured_media":35756,"comment_status":"open","ping_status":"open","sticky":false,"template":"","format":"standard","meta":{"footnotes":""},"categories":[3926,3925,330,20],"tags":[2343,10,789,57,5405,1063,304,735,16,677,1361],"news-destination":[3944],"news-source":[475],"is_homepage":[],"ta_other":[],"class_list":["post-35755","post","type-post","status-publish","format-standard","has-post-thumbnail","hentry","category-accueil-merge","category-accueil-third","category-politique","category-societe","tag-amine-kessaci","tag-bouches-du-rhone","tag-campagne-electorale","tag-enfants","tag-hassan-guenfici","tag-jeunesse","tag-les-ecologistes","tag-marine-tondelier","tag-marseille","tag-presidentielle","tag-vacances","news-destination-homepage","news-source-website"],"_links":{"self":[{"href":"https:\/\/euapp01.newsmemory.com\/lamarseillaise\/news\/wp-json\/wp\/v2\/posts\/35755","targetHints":{"allow":["GET"]}}],"collection":[{"href":"https:\/\/euapp01.newsmemory.com\/lamarseillaise\/news\/wp-json\/wp\/v2\/posts"}],"about":[{"href":"https:\/\/euapp01.newsmemory.com\/lamarseillaise\/news\/wp-json\/wp\/v2\/types\/post"}],"author":[{"embeddable":true,"href":"https:\/\/euapp01.newsmemory.com\/lamarseillaise\/news\/wp-json\/wp\/v2\/users\/1"}],"replies":[{"embeddable":true,"href":"https:\/\/euapp01.newsmemory.com\/lamarseillaise\/news\/wp-json\/wp\/v2\/comments?post=35755"}],"version-history":[{"count":1,"href":"https:\/\/euapp01.newsmemory.com\/lamarseillaise\/news\/wp-json\/wp\/v2\/posts\/35755\/revisions"}],"predecessor-version":[{"id":35757,"href":"https:\/\/euapp01.newsmemory.com\/lamarseillaise\/news\/wp-json\/wp\/v2\/posts\/35755\/revisions\/35757"}],"wp:featuredmedia":[{"embeddable":true,"href":"https:\/\/euapp01.newsmemory.com\/lamarseillaise\/news\/wp-json\/wp\/v2\/media\/35756"}],"wp:attachment":[{"href":"https:\/\/euapp01.newsmemory.com\/lamarseillaise\/news\/wp-json\/wp\/v2\/media?parent=35755"}],"wp:term":[{"taxonomy":"category","embeddable":true,"href":"https:\/\/euapp01.newsmemory.com\/lamarseillaise\/news\/wp-json\/wp\/v2\/categories?post=35755"},{"taxonomy":"post_tag","embeddable":true,"href":"https:\/\/euapp01.newsmemory.com\/lamarseillaise\/news\/wp-json\/wp\/v2\/tags?post=35755"},{"taxonomy":"news-destination","embeddable":true,"href":"https:\/\/euapp01.newsmemory.com\/lamarseillaise\/news\/wp-json\/wp\/v2\/news-destination?post=35755"},{"taxonomy":"news-source","embeddable":true,"href":"https:\/\/euapp01.newsmemory.com\/lamarseillaise\/news\/wp-json\/wp\/v2\/news-source?post=35755"},{"taxonomy":"is_homepage","embeddable":true,"href":"https:\/\/euapp01.newsmemory.com\/lamarseillaise\/news\/wp-json\/wp\/v2\/is_homepage?post=35755"},{"taxonomy":"ta_other","embeddable":true,"href":"https:\/\/euapp01.newsmemory.com\/lamarseillaise\/news\/wp-json\/wp\/v2\/ta_other?post=35755"}],"curies":[{"name":"wp","href":"https:\/\/api.w.org\/{rel}","templated":true}]}}