{"id":35752,"date":"2026-07-09T07:16:00","date_gmt":"2026-07-09T05:16:00","guid":{"rendered":"https:\/\/euapp01.newsmemory.com\/lamarseillaise\/news\/?p=35752"},"modified":"2026-07-09T10:17:24","modified_gmt":"2026-07-09T08:17:24","slug":"france-maroc-le-quart-du-rendez-vous-des-copains","status":"publish","type":"post","link":"https:\/\/euapp01.newsmemory.com\/lamarseillaise\/news\/2026\/07\/09\/france-maroc-le-quart-du-rendez-vous-des-copains\/","title":{"rendered":"France-Maroc : le quart du rendez-vous des copains"},"content":{"rendered":"<div class=\"paragraph\">\n<p>Si sportivement, l\u2019\u00e9quipe de France a tourn\u00e9 la page paraguayenne pour se focaliser sur son quart de finale, le huiti\u00e8me de finale va entrer en prolongation, sur le plan judiciaire cette fois, apr\u00e8s la violente attaque raciste d\u2019une s\u00e9natrice paraguayenne dont la justice fran\u00e7aise s\u2019est saisie.<i> <\/i><\/p>\n<p>Heureusement, le vrai jeu va reprendre ses droits. Avec une affiche sportivement all\u00e9chante, o\u00f9 Fran\u00e7ais et Marocains vont devoir, le temps d\u2019un duel, oublier leurs amiti\u00e9s. Comme ce fut le cas au Qatar, lorsqu\u2019il y a quatre ans, les deux s\u00e9lections s\u2019\u00e9taient affront\u00e9es en demi-finale.<\/p>\n<p>Entre des Marocains form\u00e9s en France et pass\u00e9s par les s\u00e9lections de jeunes tricolores qui ont chang\u00e9 de maillot en passant senior, de vrais amis dans la vie qui ont m\u00eame \u00e9t\u00e9 co-\u00e9quipiers, il est clair qu\u2019apr\u00e8s les hymnes nationaux, la sono du stade de Foxborough pourrait y ajouter <i>Les copains d\u2019abord<\/i> de Georges Brassens, tant les propos du po\u00e8te S\u00e9tois semblent coller \u00e0 <a href=\"https:\/\/www.lamarseillaise.fr\/sports\/le-quart-de-finale-de-tous-les-dangers-pour-les-bleus-IB20474185\">ce choc d\u2019ouverture des quarts de finale<\/a>.<\/p>\n<p>Malheureusement, dans la nuit de Boston, il n\u2019y aura qu\u2019un seul qualifi\u00e9 pour le dernier carr\u00e9.<\/p>\n<\/p><\/div>\n<div class=\"paragraph\">\n<p><span class=\"mln_uppercase_mln\">Quarts de finale<\/span><\/p>\n<p>France &#8211; Maroc 22h00<\/p>\n<p>Espagne &#8211; Belgique ven 21h00<\/p>\n<p>Norv\u00e8ge &#8211; Angleterre sam 23h00<\/p>\n<p>Argentine &#8211; Suisse dim 3h00<\/p>\n<\/p><\/div>\n","protected":false},"excerpt":{"rendered":"Si sportivement, l&rsquo;&eacute;quipe de France a tourn&eacute; la page paraguayenne pour se focaliser sur son quart de finale, le huiti&egrave;me de finale va entrer en prolongation, sur le plan judiciaire cette fois, apr&egrave;s la violente &#8230;","protected":false},"author":1,"featured_media":35753,"comment_status":"open","ping_status":"open","sticky":false,"template":"","format":"standard","meta":{"footnotes":""},"categories":[7],"tags":[1097,999,276,5818,13,572,1999],"news-destination":[],"news-source":[475],"is_homepage":[],"ta_other":[],"class_list":["post-35752","post","type-post","status-publish","format-standard","has-post-thumbnail","hentry","category-sports","tag-coupe-du-monde","tag-equipe-de-france","tag-etats-unis","tag-fifa","tag-football","tag-france","tag-maroc","news-source-website"],"_links":{"self":[{"href":"https:\/\/euapp01.newsmemory.com\/lamarseillaise\/news\/wp-json\/wp\/v2\/posts\/35752","targetHints":{"allow":["GET"]}}],"collection":[{"href":"https:\/\/euapp01.newsmemory.com\/lamarseillaise\/news\/wp-json\/wp\/v2\/posts"}],"about":[{"href":"https:\/\/euapp01.newsmemory.com\/lamarseillaise\/news\/wp-json\/wp\/v2\/types\/post"}],"author":[{"embeddable":true,"href":"https:\/\/euapp01.newsmemory.com\/lamarseillaise\/news\/wp-json\/wp\/v2\/users\/1"}],"replies":[{"embeddable":true,"href":"https:\/\/euapp01.newsmemory.com\/lamarseillaise\/news\/wp-json\/wp\/v2\/comments?post=35752"}],"version-history":[{"count":1,"href":"https:\/\/euapp01.newsmemory.com\/lamarseillaise\/news\/wp-json\/wp\/v2\/posts\/35752\/revisions"}],"predecessor-version":[{"id":35754,"href":"https:\/\/euapp01.newsmemory.com\/lamarseillaise\/news\/wp-json\/wp\/v2\/posts\/35752\/revisions\/35754"}],"wp:featuredmedia":[{"embeddable":true,"href":"https:\/\/euapp01.newsmemory.com\/lamarseillaise\/news\/wp-json\/wp\/v2\/media\/35753"}],"wp:attachment":[{"href":"https:\/\/euapp01.newsmemory.com\/lamarseillaise\/news\/wp-json\/wp\/v2\/media?parent=35752"}],"wp:term":[{"taxonomy":"category","embeddable":true,"href":"https:\/\/euapp01.newsmemory.com\/lamarseillaise\/news\/wp-json\/wp\/v2\/categories?post=35752"},{"taxonomy":"post_tag","embeddable":true,"href":"https:\/\/euapp01.newsmemory.com\/lamarseillaise\/news\/wp-json\/wp\/v2\/tags?post=35752"},{"taxonomy":"news-destination","embeddable":true,"href":"https:\/\/euapp01.newsmemory.com\/lamarseillaise\/news\/wp-json\/wp\/v2\/news-destination?post=35752"},{"taxonomy":"news-source","embeddable":true,"href":"https:\/\/euapp01.newsmemory.com\/lamarseillaise\/news\/wp-json\/wp\/v2\/news-source?post=35752"},{"taxonomy":"is_homepage","embeddable":true,"href":"https:\/\/euapp01.newsmemory.com\/lamarseillaise\/news\/wp-json\/wp\/v2\/is_homepage?post=35752"},{"taxonomy":"ta_other","embeddable":true,"href":"https:\/\/euapp01.newsmemory.com\/lamarseillaise\/news\/wp-json\/wp\/v2\/ta_other?post=35752"}],"curies":[{"name":"wp","href":"https:\/\/api.w.org\/{rel}","templated":true}]}}