{"id":35749,"date":"2026-07-09T07:12:00","date_gmt":"2026-07-09T05:12:00","guid":{"rendered":"https:\/\/euapp01.newsmemory.com\/lamarseillaise\/news\/?p=35749"},"modified":"2026-07-14T11:13:39","modified_gmt":"2026-07-14T09:13:39","slug":"le-quart-de-finale-de-tous-les-dangers-pour-les-bleus","status":"publish","type":"post","link":"https:\/\/euapp01.newsmemory.com\/lamarseillaise\/news\/2026\/07\/09\/le-quart-de-finale-de-tous-les-dangers-pour-les-bleus\/","title":{"rendered":"Le quart de finale de tous les dangers pour les Bleus"},"content":{"rendered":"<div class=\"paragraph\">\n<p>Du c\u00f4t\u00e9 de Marrakech, les supporters marocains donnent le la.<i> <\/i><\/p>\n<p>\u00ab\u00a0<i>Si nous battons la France, pour beaucoup, nous aurons gagn\u00e9 la Coupe<\/i>\u00a0\u00bb, clame cet habitant du quartier de Geliz. Si la pr\u00e9sence du Maroc en demi-finales au Qatar en 2022, une premi\u00e8re pour une nation africaine, pouvait \u00eatre consid\u00e9r\u00e9e \u00e0 l\u2019\u00e9poque comme une \u00e9norme surprise, le voir de nouveau dans le Top 8 est cette fois d\u2019une logique implacable. Les Lions de l\u2019Atlas ont confirm\u00e9 leur nouveau statut.<\/p>\n<p>Sixi\u00e8mes au classement Fifa, ils ont fait jeu \u00e9gal dans le groupe C avec le Br\u00e9sil au premier tour (1-1) avant de se d\u00e9barrasser des Pays-Bas en 16<sup>e<\/sup>\u00a0de finale (1-1 a.p., 3 t.a.b \u00e0 2) puis de balayer le Canada, l\u2019un des trois pays h\u00f4tes (3-0). Le Maroc a assur\u00e9ment chang\u00e9 de dimension et a largement la capacit\u00e9 de briser net les r\u00eaves de troisi\u00e8me \u00e9toile de la France.<\/p>\n<\/p><\/div>\n<div class=\"intext\"> Gare \u00e0 la d\u00e9sillusion\n              <\/div>\n<div class=\"paragraph\">\n<p>Il y a quatre ans, les Bleus s\u2019en \u00e9taient sortis \u00e0 l\u2019exp\u00e9rience et avaient r\u00e9ussi \u00e0 dompter les Lions de l\u2019Atlas en demi-finales sans trop de d\u00e9g\u00e2ts (2-0). Cette ann\u00e9e, il faudra s\u2019attendre \u00e0 souffrir et le secteur offensif tricolore, encens\u00e9 mais plut\u00f4t \u00e9teint contre le Paraguay, a tout int\u00e9r\u00eat \u00e0 se r\u00e9veiller sous peine de conna\u00eetre une \u00e9norme d\u00e9sillusion.<\/p>\n<p>Consid\u00e9r\u00e9e comme la formation la plus s\u00e9duisante de cette Coupe du monde, la France poss\u00e8de une carte ma\u00eetresse avec son trio magique Mbapp\u00e9-Demb\u00e9l\u00e9-Olise (dont la demande d\u2019annulation du carton jaune re\u00e7u face au Paraguay a \u00e9t\u00e9 refus\u00e9e par la Fifa, malgr\u00e9 la jurisprudence Folarin Balogun). Totalement musel\u00e9 par une d\u00e9fense paraguayenne qui a trop souvent flirt\u00e9 avec la ligne rouge, il devrait trouver un contexte plus favorable face \u00e0 une \u00e9quipe beaucoup plus joueuse et port\u00e9e vers l\u2019avant.<\/p>\n<p>Si le Maroc ne peut pas rivaliser en attaque avec la France, il s\u2019appuie sur un milieu de terrain Bouaddi-El Aynaoui-Ounahi qui risque de monopoliser le ballon, bien aid\u00e9 par deux lat\u00e9raux qui font r\u00e9f\u00e9rence, Achraf Hakimi \u00e0 droite et Noussair Mazraoui \u00e0 gauche.<\/p>\n<p>\u00ab\u00a0<i>C\u2019est une tr\u00e8s belle \u00e9quipe. Ils ont progress\u00e9 depuis 2022, aiment avoir le ballon et les un contre un. Il va falloir \u00eatre attentif, d\u00e9fensivement et offensivement<\/i><i>\u00a0<\/i>\u00bb, a averti mardi Dayot Upam\u00e9cano, le roc de la d\u00e9fense tricolore.<\/p>\n<p>Dans l\u2019optique de la s\u00e9v\u00e8re bataille du milieu qui s\u2019esquisse, le forfait probable d\u2019Aur\u00e9lien Tchouam\u00e9ni est un coup dur pour les Bleus. Touch\u00e9 \u00e0 la cuisse vendredi dernier, le joueur du Real Madrid \u00e9tait d\u00e9j\u00e0 indisponible contre le Paraguay et n\u2019avait pas encore repris l\u2019entra\u00eenement collectif mardi. Il devrait donc \u00eatre trop juste pour d\u00e9buter, laissant vraisemblablement Manu Kon\u00e9 accompagner Adrien Rabiot dans l\u2019entre-jeu.<\/p>\n<p>Didier Deschamps devrait donc reconduire le m\u00eame onze qu\u2019en 8<sup>e<\/sup> de finale avec Bradley Barcola sur le c\u00f4t\u00e9 gauche de l\u2019attaque pour exploiter les \u00e9ventuels espaces laiss\u00e9s dans son dos par Hakimi.<\/p>\n<\/p><\/div>\n<div class=\"paragraph\">\n<p>Maroc &#8211; France<\/p>\n<p>Stade de Foxborough, 22h00.<\/p>\n<p>Arbitre : Facundo Tell (ARG).<\/p>\n<p>FRANCE : Maignan &#8211; Kound\u00e9, Upam\u00e9cano, Saliba, Digne &#8211; Kon\u00e9, Rabiot &#8211; Demb\u00e9l\u00e9, Olise, Barcola &#8211; Mbapp\u00e9.<\/p>\n<p>MAROC : Bounou \u2013 Hakimi, Diop, Riad, Mazraoui \u2013 Bouaddi, El Aynaoui \u2013 Diaz, Ounahi, El Khannouss \u2013 Rahimi<\/p>\n<\/p><\/div>\n<div class=\"paragraph\">\n<p><b>ET AUSSI <\/b><\/p>\n<p><b>Gare au carton jaune<\/b><\/p>\n<p>Vingt joueurs pourraient \u00eatre priv\u00e9s d\u2019une potentielle demi-finale de Coupe du monde en cas de deuxi\u00e8me carton jaune re\u00e7u lors du tour pr\u00e9c\u00e9dent. C\u2019est donc un param\u00e8tre \u00e0 prendre en compte par les s\u00e9lectionneurs, qui va influencer indirectement le d\u00e9roul\u00e9 des quarts de finale, et tout particuli\u00e8rement celui entre la France et le Maroc, dans lequel huit joueurs sont sous la menace.<\/p>\n<p>Cinq Marocains (Achraf Hakimi, Azzedine Ounahi, Redouane Halhal, Bilal El Khannouss et Issa Diop) et trois tricolores (Bradley Barcola, Manu Kon\u00e9 et Michael Olise) sont concern\u00e9s.<\/p>\n<p>Mais aussi cinq Anglais (Jude Bellingham, Declan Rice, Marc Gu\u00e9hi, Nico O\u2019Reilly, Jordan Henderson), trois Suisses (Granit Xhaka, Denis Zakaria, Miro Muheim) ainsi que le Norv\u00e9gien Antonio Nusa, l\u2019Espagnol Ferran Torres, le Belge Brandon Mechele et l\u2019Argentin Gonzalo Montiel.<\/p>\n<p><b>Le FBI enqu\u00eate sur l\u2019Argentine<\/b><\/p>\n<p>La F\u00e9d\u00e9ration argentine de football (AFA) est dans le viseur du FBI. Les autorit\u00e9s am\u00e9ricaines recueilleraient actuellement des t\u00e9moignages autour des agissements financiers de l\u2019instance aux \u00c9tats-Unis, selon le quotidien argentin <i>La Nacion<\/i>. Le FBI cherche en effet \u00e0 d\u00e9terminer si l\u2019AFA a pu se rendre coupable de faits relevant du blanchiment d\u2019argent ou de la fraude bancaire.<\/p>\n<p><b>Miramas dans le grand bain<\/b><\/p>\n<p>Dans le cadre des festivit\u00e9s des Soir\u00e9es du Lac de Miramas, l\u2019association N.A.F.S League, qui vient tout juste d\u2019officialiser sa cr\u00e9ation en partenariat avec la Ville de Miramas, organise une soir\u00e9e festive autour de la finale de Coupe du Monde. Dimanche 19 juillet, sur le site de Saint Sulpi, des animations et la retransmission de la finale seront propos\u00e9es, d\u00e8s 18 heures.<\/p>\n<\/p><\/div>\n","protected":false},"excerpt":{"rendered":"Du c&ocirc;t&eacute; de Marrakech, les supporters marocains donnent le la. &laquo;&nbsp;Si nous battons la France, pour beaucoup, nous aurons gagn&eacute; la Coupe&nbsp;&raquo;, clame cet habitant du quartier de Geliz. Si la pr&eacute;sence du Maroc &#8230;","protected":false},"author":1,"featured_media":35750,"comment_status":"open","ping_status":"open","sticky":false,"template":"","format":"standard","meta":{"footnotes":""},"categories":[3926,3925,7],"tags":[1097,999,276,5818,13],"news-destination":[3944],"news-source":[475],"is_homepage":[],"ta_other":[],"class_list":["post-35749","post","type-post","status-publish","format-standard","has-post-thumbnail","hentry","category-accueil-merge","category-accueil-third","category-sports","tag-coupe-du-monde","tag-equipe-de-france","tag-etats-unis","tag-fifa","tag-football","news-destination-homepage","news-source-website"],"_links":{"self":[{"href":"https:\/\/euapp01.newsmemory.com\/lamarseillaise\/news\/wp-json\/wp\/v2\/posts\/35749","targetHints":{"allow":["GET"]}}],"collection":[{"href":"https:\/\/euapp01.newsmemory.com\/lamarseillaise\/news\/wp-json\/wp\/v2\/posts"}],"about":[{"href":"https:\/\/euapp01.newsmemory.com\/lamarseillaise\/news\/wp-json\/wp\/v2\/types\/post"}],"author":[{"embeddable":true,"href":"https:\/\/euapp01.newsmemory.com\/lamarseillaise\/news\/wp-json\/wp\/v2\/users\/1"}],"replies":[{"embeddable":true,"href":"https:\/\/euapp01.newsmemory.com\/lamarseillaise\/news\/wp-json\/wp\/v2\/comments?post=35749"}],"version-history":[{"count":1,"href":"https:\/\/euapp01.newsmemory.com\/lamarseillaise\/news\/wp-json\/wp\/v2\/posts\/35749\/revisions"}],"predecessor-version":[{"id":35751,"href":"https:\/\/euapp01.newsmemory.com\/lamarseillaise\/news\/wp-json\/wp\/v2\/posts\/35749\/revisions\/35751"}],"wp:featuredmedia":[{"embeddable":true,"href":"https:\/\/euapp01.newsmemory.com\/lamarseillaise\/news\/wp-json\/wp\/v2\/media\/35750"}],"wp:attachment":[{"href":"https:\/\/euapp01.newsmemory.com\/lamarseillaise\/news\/wp-json\/wp\/v2\/media?parent=35749"}],"wp:term":[{"taxonomy":"category","embeddable":true,"href":"https:\/\/euapp01.newsmemory.com\/lamarseillaise\/news\/wp-json\/wp\/v2\/categories?post=35749"},{"taxonomy":"post_tag","embeddable":true,"href":"https:\/\/euapp01.newsmemory.com\/lamarseillaise\/news\/wp-json\/wp\/v2\/tags?post=35749"},{"taxonomy":"news-destination","embeddable":true,"href":"https:\/\/euapp01.newsmemory.com\/lamarseillaise\/news\/wp-json\/wp\/v2\/news-destination?post=35749"},{"taxonomy":"news-source","embeddable":true,"href":"https:\/\/euapp01.newsmemory.com\/lamarseillaise\/news\/wp-json\/wp\/v2\/news-source?post=35749"},{"taxonomy":"is_homepage","embeddable":true,"href":"https:\/\/euapp01.newsmemory.com\/lamarseillaise\/news\/wp-json\/wp\/v2\/is_homepage?post=35749"},{"taxonomy":"ta_other","embeddable":true,"href":"https:\/\/euapp01.newsmemory.com\/lamarseillaise\/news\/wp-json\/wp\/v2\/ta_other?post=35749"}],"curies":[{"name":"wp","href":"https:\/\/api.w.org\/{rel}","templated":true}]}}