{"id":35746,"date":"2026-07-09T06:59:00","date_gmt":"2026-07-09T04:59:00","guid":{"rendered":"https:\/\/euapp01.newsmemory.com\/lamarseillaise\/news\/?p=35746"},"modified":"2026-07-13T09:50:57","modified_gmt":"2026-07-13T07:50:57","slug":"expulsion-sauvage-a-13-habitat-le-parquet-ouvre-une-enquete","status":"publish","type":"post","link":"https:\/\/euapp01.newsmemory.com\/lamarseillaise\/news\/2026\/07\/09\/expulsion-sauvage-a-13-habitat-le-parquet-ouvre-une-enquete\/","title":{"rendered":"[Exclusif] Expulsion sauvage \u00e0 13&nbsp;Habitat&nbsp;: le parquet ouvre une enqu\u00eate"},"content":{"rendered":"<div class=\"paragraph\">\n<p>Le parquet de Marseille a confirm\u00e9 \u00e0 La\u00a0Marseillaise avoir ouvert une enqu\u00eate pr\u00e9liminaire sur les conditions de l\u2019expulsion violente de l\u2019occupant d\u2019un logement de 13\u00a0Habitat. Vendredi 26\u00a0juin \u00e0 16\u00a0heures, trois policiers nationaux p\u00e9n\u00e8trent de force avec deux agents de l\u2019office HLM et un serrurier dans un appartement au 4<sup>e<\/sup>\u00a0\u00e9tage du 8, rue F\u00e9lix \u00c9bou\u00e9, 2<sup>e<\/sup>, un immeuble haussmannien qui n\u2019est pas en p\u00e9ril. Le couple et leurs quatre enfants de 4, 7, 8 et 13\u00a0ans vivaient jusqu\u2019alors chez des proches. Ils ont emm\u00e9nag\u00e9 le 11\u00a0juin dans le T4. \u00ab\u00a0<i>Ils ont \u00e9t\u00e9 arnaqu\u00e9s par quelqu\u2019un qui leur a propos\u00e9 l\u2019appartement. Ils ont vers\u00e9 six mois d\u2019avance. L\u2019escroc leur a donn\u00e9 les cl\u00e9s, le badge d\u2019entr\u00e9e et n\u2019a plus r\u00e9pondu au t\u00e9l\u00e9phone<\/i><i>\u00a0<\/i>\u00bb explique l\u2019avocat du couple, M<sup>e<\/sup>\u00a0Nicolas Chambardon qui a d\u00e9pos\u00e9 plainte contre 13\u00a0Habitat et tout intervenant pour expulsion ill\u00e9gale, violences volontaires en r\u00e9union avec arme et \u00e0 caract\u00e8re raciste, violation de domicile, menace, atteinte arbitraire \u00e0 la libert\u00e9 individuelle.<\/p>\n<\/p><\/div>\n<div class=\"intext\"> \u00ab\u00a0Prends tes merdes<br \/>\n               <br \/>et casse-toi\u00a0!\u00a0\u00bb\n              <\/div>\n<div class=\"paragraph\">\n<p>\u00ab\u00a0<i>Ils ont forc\u00e9 la porte et<\/i><i> m\u2019ont insult\u00e9<\/i><i>\u00a0<\/i>\u00bb<i> <\/i>relate Mahdi, 31\u00a0ans, livreur qui nous re\u00e7oit dans l\u2019appartement<i>, <\/i>\u00ab<i>\u00a0<\/i><i>je leur disais que ma femme allait arriver pour leur montrer l\u2019abonnement EDF.<\/i><i>\u00a0<\/i>\u00bb Les policiers n\u2019ont pr\u00e9sent\u00e9 ni jugement, ni arr\u00eat\u00e9 pr\u00e9fectoral d\u2019\u00e9vacuation forc\u00e9e. \u00ab\u00a0<i>Ils m\u2019ont dit &#8220;d<\/i><i>\u00e9gage, prends tes merdes et casse-toi<\/i><i>\u00a0<\/i><i>!&#8221; D\u2019un coup, dans le salon, un policier <\/i><i>m\u2019a fait une cl\u00e9 au cou. Je me suis \u00e9vanoui. J\u2019ai repris connaissance sur le palier. Un policier m\u2019a lanc\u00e9 &#8220;Vous les Arabes vous prenez les Fran\u00e7ais pour des cons&#8221;. Quand j\u2019ai voulu me relever, ils m\u2019ont plaqu\u00e9 et taz\u00e9<\/i><i>\u00a0<\/i>\u00bb. Sur son corps, les br\u00fblures des pics caract\u00e9ristiques d\u2019un pistolet \u00e0 impulsions \u00e9lectriques en mode contact.<\/p>\n<p>Alert\u00e9es par les cris, ses voisines, deux dames \u00e2g\u00e9es, le d\u00e9couvrent menott\u00e9 au sol. \u00ab\u00a0<i>Il g\u00e9missait. J\u2019ai voulu lui venir en aide. J\u2019ai dit &#8220;Arr\u00eatez, il crache du sang<\/i><i>\u00a0<\/i><i>!&#8221; Ils \u00e9taient sur lui alors qu\u2019il n\u2019\u00e9tait pas agressif. Il leur disait qu\u2019il \u00e9tait asthmatique. J\u2019ai nettoy\u00e9 sa bouche. Le grand policier m\u2019a dit de ne pas m\u2019en m\u00ealer et a refus\u00e9 que je lui donne de l\u2019eau<\/i><i>\u00a0<\/i><i>\u00bb <\/i>explique Fatiha qui vit au 5<sup>e<\/sup> \u00e9tage. \u00ab\u00a0<i>C\u2019est scandaleux. J\u2019\u00e9tais choqu\u00e9e de voir \u00e7a. On l\u2019a sauv\u00e9<\/i><i>\u00a0<\/i><i>!<\/i><i>\u00a0<\/i>\u00bb intervient Asnia, la voisine de palier qui pr\u00e9cise que les anciens locataires \u00e9taient partis il y a plus de six mois. Son fils a film\u00e9 un bout de la sc\u00e8ne. Sur la vid\u00e9o d\u2019une minute, Mahdi g\u00e9mit et dit \u00ab\u00a0<i>il m\u2019a cass\u00e9 la t\u00eate<\/i>\u00a0\u00bb, le policier para\u00eet g\u00ean\u00e9\u00a0: \u00ab<i>\u00a0<\/i><i>C\u2019est pas m\u00e9chamment, mais \u00e7a ne vous regarde pas. Il y a un probl\u00e8me avec l\u2019appartement qui est squatt\u00e9, \u00e7a sert \u00e0 rien de filmer<\/i><i>\u00a0<\/i><i>!<\/i>\u00a0\u00bb<\/p>\n<p>\u00ab\u00a0<i>La v\u00e9rit\u00e9, ces dames m\u2019ont sauv\u00e9<\/i><i>\u00a0<\/i>\u00bb dit Mahdi qui explique que les policiers lui retirent alors les menottes, le vouvoient. \u00ab\u00a0<i>Ils m\u2019ont dit qu\u2019ils me faisaient un cadeau en ne mettant pas en garde \u00e0 vue.<\/i><i>\u00a0<\/i>\u00bb Quand l\u2019\u00e9pouse arrive, elle parvient \u00e0 noter le num\u00e9ro RIO d\u2019un policier<i>. <\/i>\u00c0 l\u2019H\u00f4pital europ\u00e9en o\u00f9 Mahdi est conduit par les marins-pompiers qu\u2019il a d\u00fb lui-m\u00eame appeler, le certificat m\u00e9dical fait \u00e9tat d\u2019un traumatisme cr\u00e2nien, d\u2019un trauma de l\u2019\u00e9paule et d\u2019un genou, des cervicalgies, des douleurs thoraciques et un choc psychologique. 3\u00a0jours d\u2019ITT sont prescrits.<\/p>\n<\/p><\/div>\n<div class=\"intext\"> \u00ab\u00a0Faire sortir les gens<br \/>\n               <br \/>\u00e0 la mexicaine\u00a0\u00bb\n              <\/div>\n<div class=\"paragraph\">\n<p>Lundi 29\u00a0juin, le couple revient \u00e0 l\u2019appartement. 13\u00a0Habitat qui a recrut\u00e9 un vigile, l\u2019autorise \u00e0 les laisser prendre leurs effets. Amina et Mahdi d\u00e9cident alors de rester et d\u00e9posent plainte en ligne pour escroquerie. Ils disent avoir \u00e9t\u00e9 ensuite appel\u00e9s par un policier en mode masqu\u00e9 qui les menace d\u2019un \u00ab\u00a0<i>Si vous ne partez pas, nous allons revenir tr\u00e8s nombreux vous expulser et vous enlever vos enfants<\/i><i>\u00a0<\/i>\u00bb. Vers 17h, des policiers se pr\u00e9sentent, calmes et rassurants. Le couple leur parle de l\u2019assaut du 26\u00a0juin. \u00ab\u00a0<i>Ils ont recherch\u00e9 sur leur terminal mais n\u2019ont rien trouv\u00e9. Ils ont dit qu\u2019il y a des brigades qui travaillent un peu au noir avec des soci\u00e9t\u00e9s pour faire sortir les gens \u00e0 la mexicaine<\/i><i>\u00a0<\/i>\u00bb se souvient le p\u00e8re.<\/p>\n<p>Interrog\u00e9, le bailleur 13\u00a0Habitat nous a r\u00e9pondu par \u00e9crit qu\u2019un \u00ab\u00a0<i>probl\u00e8me structurel d\u00e9tect\u00e9 sur un plancher affaiss\u00e9<\/i><i>\u00a0<\/i>\u00bb a justifi\u00e9 \u00ab\u00a0<i>il y a plusieurs semaines<\/i><i>\u00a0<\/i>\u00bb le d\u00e9part des anciens locataires, qu\u2019un prestataire venu faire un diagnostic a constat\u00e9 le 26\u00a0juin que la porte anti-intrusion n\u2019\u00e9tait plus en place. \u00ab\u00a0<i>Le squat constat\u00e9 \u00e9tant inf\u00e9rieur \u00e0 24<\/i><i>\u00a0<\/i><i>heures, l\u2019homme pr\u00e9sent dans l\u2019appartement a \u00e9t\u00e9 \u00e9vinc\u00e9 par la police, qui est intervenue en raison de la dangerosit\u00e9 potentielle du logement pour tout occupant<\/i><i>\u00a0<\/i>\u00bb affirme 13\u00a0Habitat qui ajoute\u00a0: \u00ab\u00a0<i>Nos services ont permis aux squatteurs de r\u00e9cup\u00e9rer leurs affaires. Ils ont profit\u00e9 de cette occasion pour se r\u00e9installer dans le logement en toute ill\u00e9galit\u00e9, et malgr\u00e9 le danger qu\u2019ils prennent compte tenu du probl\u00e8me structurel.<\/i><i>\u00a0<\/i><i>\u00bb <\/i>L\u2019office HLM dit avoir \u00ab\u00a0<i>d\u00e9clench\u00e9 une proc\u00e9dure contentieuse afin d\u2019aboutir au plus vite \u00e0 une expulsion.<\/i><i>\u00a0<\/i>\u00bb<\/p>\n<p>Le bureau D\u00e9ontologie et Enqu\u00eates de la Police nationale a lui d\u00e9but\u00e9 ses investigations.<\/p>\n<\/p><\/div>\n","protected":false},"excerpt":{"rendered":"Le parquet de Marseille a confirm&eacute; &agrave; La&nbsp;Marseillaise avoir ouvert une enqu&ecirc;te pr&eacute;liminaire sur les conditions de l&rsquo;expulsion violente de l&rsquo;occupant d&rsquo;un logement de 13&nbsp;Habitat. Vendredi &#8230;","protected":false},"author":1,"featured_media":35855,"comment_status":"open","ping_status":"open","sticky":false,"template":"","format":"standard","meta":{"footnotes":""},"categories":[3926,3925,20],"tags":[498,10,57,1276,1978,3799,1405,1990,2960,126,4273,1597,596,2799,16,1977,1515,1699,4540,2551,272],"news-destination":[3944],"news-source":[475],"is_homepage":[],"ta_other":[],"class_list":["post-35746","post","type-post","status-publish","format-standard","has-post-thumbnail","hentry","category-accueil-merge","category-accueil-third","category-societe","tag-13-habitat","tag-bouches-du-rhone","tag-enfants","tag-enquete","tag-enquetes","tag-escroquerie","tag-expulsion","tag-garde-a-vue","tag-intrusion","tag-la-marseillaise","tag-les-francais","tag-locataires","tag-logement","tag-marins-pompiers","tag-marseille","tag-police-nationale","tag-policier","tag-policiers","tag-procedure","tag-serrurier","tag-violences","news-destination-homepage","news-source-website"],"_links":{"self":[{"href":"https:\/\/euapp01.newsmemory.com\/lamarseillaise\/news\/wp-json\/wp\/v2\/posts\/35746","targetHints":{"allow":["GET"]}}],"collection":[{"href":"https:\/\/euapp01.newsmemory.com\/lamarseillaise\/news\/wp-json\/wp\/v2\/posts"}],"about":[{"href":"https:\/\/euapp01.newsmemory.com\/lamarseillaise\/news\/wp-json\/wp\/v2\/types\/post"}],"author":[{"embeddable":true,"href":"https:\/\/euapp01.newsmemory.com\/lamarseillaise\/news\/wp-json\/wp\/v2\/users\/1"}],"replies":[{"embeddable":true,"href":"https:\/\/euapp01.newsmemory.com\/lamarseillaise\/news\/wp-json\/wp\/v2\/comments?post=35746"}],"version-history":[{"count":2,"href":"https:\/\/euapp01.newsmemory.com\/lamarseillaise\/news\/wp-json\/wp\/v2\/posts\/35746\/revisions"}],"predecessor-version":[{"id":35851,"href":"https:\/\/euapp01.newsmemory.com\/lamarseillaise\/news\/wp-json\/wp\/v2\/posts\/35746\/revisions\/35851"}],"wp:featuredmedia":[{"embeddable":true,"href":"https:\/\/euapp01.newsmemory.com\/lamarseillaise\/news\/wp-json\/wp\/v2\/media\/35855"}],"wp:attachment":[{"href":"https:\/\/euapp01.newsmemory.com\/lamarseillaise\/news\/wp-json\/wp\/v2\/media?parent=35746"}],"wp:term":[{"taxonomy":"category","embeddable":true,"href":"https:\/\/euapp01.newsmemory.com\/lamarseillaise\/news\/wp-json\/wp\/v2\/categories?post=35746"},{"taxonomy":"post_tag","embeddable":true,"href":"https:\/\/euapp01.newsmemory.com\/lamarseillaise\/news\/wp-json\/wp\/v2\/tags?post=35746"},{"taxonomy":"news-destination","embeddable":true,"href":"https:\/\/euapp01.newsmemory.com\/lamarseillaise\/news\/wp-json\/wp\/v2\/news-destination?post=35746"},{"taxonomy":"news-source","embeddable":true,"href":"https:\/\/euapp01.newsmemory.com\/lamarseillaise\/news\/wp-json\/wp\/v2\/news-source?post=35746"},{"taxonomy":"is_homepage","embeddable":true,"href":"https:\/\/euapp01.newsmemory.com\/lamarseillaise\/news\/wp-json\/wp\/v2\/is_homepage?post=35746"},{"taxonomy":"ta_other","embeddable":true,"href":"https:\/\/euapp01.newsmemory.com\/lamarseillaise\/news\/wp-json\/wp\/v2\/ta_other?post=35746"}],"curies":[{"name":"wp","href":"https:\/\/api.w.org\/{rel}","templated":true}]}}