{"id":35737,"date":"2026-07-09T06:44:00","date_gmt":"2026-07-09T04:44:00","guid":{"rendered":"https:\/\/euapp01.newsmemory.com\/lamarseillaise\/news\/?p=35737"},"modified":"2026-07-13T09:50:57","modified_gmt":"2026-07-13T07:50:57","slug":"dans-le-var-les-collectivites-face-a-ladaptation-au-changement-climatique-a-court-et-moyen-terme","status":"publish","type":"post","link":"https:\/\/euapp01.newsmemory.com\/lamarseillaise\/news\/2026\/07\/09\/dans-le-var-les-collectivites-face-a-ladaptation-au-changement-climatique-a-court-et-moyen-terme\/","title":{"rendered":"Dans le Var, les collectivit\u00e9s face \u00e0 l\u2019adaptation au changement climatique \u00e0 court et moyen terme"},"content":{"rendered":"<div class=\"paragraph\">\n<p>La chaleur estivale n\u2019est pas un ph\u00e9nom\u00e8ne nouveau pour les d\u00e9partements m\u00e9diterran\u00e9ens. Ce qu\u2019il est en revanche, comme sur l\u2019ensemble du territoire, c\u2019est l\u2019intensit\u00e9 et la multiplication des \u00e9pisodes caniculaires. Une donn\u00e9e avec laquelle il faut composer, en veillant \u00e0 ne pas l\u2019aggraver \u00e0 coups de pansements v\u00e9n\u00e9neux, comme le plan massif de climatisation promis par Marine Le Pen et le RN s\u2019ils arrivaient au pouvoir. Depuis 2023, le Fonds Vert a ainsi vocation \u00e0 soutenir la transition \u00e9cologique des collectivit\u00e9s locales dans cette entreprise. \u00ab\u00a0<i>On dit que les dotations sont en diminution, mais la partie r\u00e9novation \u00e9nerg\u00e9tique et lutte contre les \u00eelots de chaleur est constante<\/i>\u00a0\u00bb, d\u00e9fend Simon Babre, pr\u00e9fet du Var, qui a r\u00e9uni les repr\u00e9sentants de diff\u00e9rentes collectivit\u00e9s pour aborder le sujet mercredi.<\/p>\n<\/p><\/div>\n<div class=\"intext\"> Priorit\u00e9 aux scolaires<br \/>\n               <br \/>et aux personnes fragiles\n              <\/div>\n<div class=\"paragraph\">\n<p>Cela, bien que le Fonds Vert, devenu une variable d\u2019ajustement du budget de l\u2019\u00c9tat, ait \u00e9t\u00e9 divis\u00e9 par 2,5 depuis sa cr\u00e9ation (de 2\u00a0milliards \u00e0 837\u00a0millions, apr\u00e8s avoir atteint 2,5\u00a0milliards d\u2019euros en 2024). Dans le Var, 19,5\u00a0millions d\u2019euros ont \u00e9t\u00e9 octroy\u00e9s \u00e0 plus de 100 projets d\u2019adaptation (dont 46 \u00e9tablissements scolaires) du b\u00e2ti au r\u00e9chauffement climatique, notamment \u00e0 travers la d\u00e9simperm\u00e9abilisation, la v\u00e9g\u00e9talisation et l\u2019isolation des b\u00e2timents publics. D\u2019autres projets sont en cours pour 2026, avec encore un million \u00e0 distribuer.<\/p>\n<p>Les collectivit\u00e9s b\u00e9n\u00e9ficient \u00e9galement de deux dispositifs de financement d\u2019EDF\u00a0: \u00e0 court terme, le dispositif \u00e9t\u00e9 2026, \u00e0 l\u2019intention des b\u00e2timents d\u00e9di\u00e9s au jeune public (\u00e9tablissements scolaires, centres de loisir, cr\u00e8ches), qui permet de rembourser 400\u00a0euros sur l\u2019achat de 10\u00a0\u00e9quipements (ventilateurs, brasseurs d\u2019air&#8230;) maximum par \u00e9tablissement. \u00c0 moyen terme, le dispositif solution durable, dot\u00e9 de 80\u00a0millions, octroie aux collectivit\u00e9s une prime de 10\u00a0000\u00a0euros pour financer des projets de rafra\u00eechissement au sein d\u2019\u00e9tablissements scolaires et publics. Dans la m\u00eame optique, le programme \u00ab\u00a0\u00c9dur\u00e9nov\u00a0\u00bb, pilot\u00e9 par la Banque des Territoires, depuis 2023, accompagne les collectivit\u00e9s dans la r\u00e9novation des b\u00e2tis \u00e9ducatifs et sportifs, via des conseils et des financements. Enfin, les collectivit\u00e9s peuvent aussi r\u00e9cup\u00e9rer jusqu\u2019\u00e0 15% de leurs factures de travaux aupr\u00e8s de leurs fournisseurs d\u2019\u00e9nergies, gr\u00e2ce aux certificats d\u2019\u00e9conomie d\u2019\u00e9nergie (CEE). La protection des publics vuln\u00e9rables fait \u00e9galement partie des priorit\u00e9s, suite \u00e0 une circulaire du Premier ministre demandant la cr\u00e9ation de centres d\u2019accueil. \u00c0 ce titre, si les probl\u00e8mes de fra\u00eecheur dans les Ehpad \u00ab\u00a0<i>ne sont plus qu\u2019anecdotiques d\u00e9sormais<\/i>\u00a0\u00bb selon le pr\u00e9fet, il convient de recenser les personnes vuln\u00e9rables, ce qu\u2019a demand\u00e9 ce dernier aux maires varois, avec l\u2019objectif d\u2019une couverture exhaustive d\u2019ici l\u2019\u00e9t\u00e9 prochain.<\/p>\n<\/p><\/div>\n<div class=\"paragraph\">\n<p><b>REP\u00c8RES <\/b><\/p>\n<p><b>Vigilance<\/b><\/p>\n<p><b><\/b><\/p>\n<p>M\u00e9t\u00e9o France a plac\u00e9 72 d\u00e9partements en vigilance orange canicule pour la journ\u00e9e de jeudi. Parmi lesquels : les Bouches-du-Rh\u00f4ne, les Alpes-de-Haute-Provence et le Vaucluse, avec des temp\u00e9ratures pouvant aller jusqu\u2019\u00e0 37\u00b0C dans l\u2019apr\u00e8s-midi \u00e0 Carpentras, par exemple. La vigilance jaune reste de mise dans les Hautes-Alpes et le Var.<\/p>\n<p><b>Piscines<\/b><\/p>\n<p><b><\/b><\/p>\n<p>La Ville de Marseille annonce la gratuit\u00e9 de ses piscines municipales \u00e0 partir du 8 juillet en raison d\u2019une vigilance orange canicule dans le d\u00e9partement des Bouches-du-Rh\u00f4ne. Une solution de rafra\u00eechissement qui sera maintenue jusqu\u2019\u00e0 la fin de l\u2019\u00e9pisode caniculaire. Autre r\u00e9ponse : la mairie propose l\u2019ouverture 24 h\/24 de la plage des Catalans.<\/p>\n<p><b>R\u00e9quisition<\/b><\/p>\n<p><b><\/b><\/p>\n<p>Ian Brossat a d\u00e9pos\u00e9 mercredi une proposition de loi visant \u00e0 r\u00e9quisitionner les lieux climatis\u00e9s en cas de canicule. \u00ab Quand certains disposent de lieux climatis\u00e9s et que d\u2019autres \u00e9touffent dans leur appartement, l\u2019acc\u00e8s \u00e0 la fra\u00eecheur devient une question de justice sociale. La fra\u00eecheur est un droit, pas un privil\u00e8ge \u00bb, estime le s\u00e9nateur communiste de Paris.<\/p>\n<p><b>Incendies<\/b><\/p>\n<p><b><\/b><\/p>\n<p>Environ 7 800 hectares ont br\u00fbl\u00e9 en France au cours des huit premiers jours de juillet, contre un peu plus de 4 400 sur la totalit\u00e9 du m\u00eame mois en 2025, selon les donn\u00e9es du Syst\u00e8me europ\u00e9en d\u2019information sur les incendies de for\u00eat (Effis) analys\u00e9es par l\u2019AFP. L\u2019ann\u00e9e 2026 est d\u00e9j\u00e0 la 4e ann\u00e9e avec le plus d\u2019hectares br\u00fbl\u00e9s depuis le d\u00e9but des statistiques en 2006.<\/p>\n<\/p><\/div>\n<div class=\"paragraph\">\n<p><b>\u00ab Il n\u2019a jamais fait aussi chaud tous mois confondus \u00e0 la station historique de Marignane, atteignant pour la premi\u00e8re fois le seuil des 40\u00b0c, tout comme \u00e0 Cassis avec 39.7\u00b0c. \u00bb Le bulletin de vigilance canicule de M\u00e9t\u00e9o France, publi\u00e9 ce mercredi, est sans appel. Les d\u00e9partements des Bouches-du-Rh\u00f4ne, des Alpes-de-Haute-Provence et du Vaucluse restent en vigilance Orange, le Var et les Hautes-Alpes sont en vigilance jaune&#8230; Et les temp\u00e9ratures devraient encore augmenter sous l\u2019effet d\u2019un anticyclone associ\u00e9 \u00e0 des masses d\u2019air tr\u00e8s chaudes, et cela pourrait se prolonger jusqu\u2019au week-end. Pour faire face \u00e0 cette troisi\u00e8me vague de chaleur les municipalit\u00e9s redoublent d\u2019efforts \u00e0 court et moyen terme.<\/b><\/p>\n<\/p><\/div>\n","protected":false},"excerpt":{"rendered":"La chaleur estivale n&rsquo;est pas un ph&eacute;nom&egrave;ne nouveau pour les d&eacute;partements m&eacute;diterran&eacute;ens. Ce qu&rsquo;il est en revanche, comme sur l&rsquo;ensemble du territoire, c&rsquo;est l&rsquo;intensit&eacute; et la &#8230;","protected":false},"author":1,"featured_media":35738,"comment_status":"open","ping_status":"open","sticky":false,"template":"","format":"standard","meta":{"footnotes":""},"categories":[3926,3925,333,330],"tags":[372,207,4724,1754,675,163,887,1548,1567,483,5754,419,2127,1478,889,166,31,1547],"news-destination":[3944],"news-source":[475],"is_homepage":[],"ta_other":[],"class_list":["post-35737","post","type-post","status-publish","format-standard","has-post-thumbnail","hentry","category-accueil-merge","category-accueil-third","category-environnement","category-politique","tag-canicule","tag-changement-climatique","tag-desimpermeabilisation","tag-equipements","tag-etablissements-scolaires","tag-financement","tag-financements","tag-ilots-de-chaleur","tag-prefet","tag-projets","tag-rafraichissement","tag-rechauffement-climatique","tag-renovation-energetique","tag-territoires","tag-transition-ecologique","tag-travaux","tag-var","tag-vegetalisation","news-destination-homepage","news-source-website"],"_links":{"self":[{"href":"https:\/\/euapp01.newsmemory.com\/lamarseillaise\/news\/wp-json\/wp\/v2\/posts\/35737","targetHints":{"allow":["GET"]}}],"collection":[{"href":"https:\/\/euapp01.newsmemory.com\/lamarseillaise\/news\/wp-json\/wp\/v2\/posts"}],"about":[{"href":"https:\/\/euapp01.newsmemory.com\/lamarseillaise\/news\/wp-json\/wp\/v2\/types\/post"}],"author":[{"embeddable":true,"href":"https:\/\/euapp01.newsmemory.com\/lamarseillaise\/news\/wp-json\/wp\/v2\/users\/1"}],"replies":[{"embeddable":true,"href":"https:\/\/euapp01.newsmemory.com\/lamarseillaise\/news\/wp-json\/wp\/v2\/comments?post=35737"}],"version-history":[{"count":1,"href":"https:\/\/euapp01.newsmemory.com\/lamarseillaise\/news\/wp-json\/wp\/v2\/posts\/35737\/revisions"}],"predecessor-version":[{"id":35739,"href":"https:\/\/euapp01.newsmemory.com\/lamarseillaise\/news\/wp-json\/wp\/v2\/posts\/35737\/revisions\/35739"}],"wp:featuredmedia":[{"embeddable":true,"href":"https:\/\/euapp01.newsmemory.com\/lamarseillaise\/news\/wp-json\/wp\/v2\/media\/35738"}],"wp:attachment":[{"href":"https:\/\/euapp01.newsmemory.com\/lamarseillaise\/news\/wp-json\/wp\/v2\/media?parent=35737"}],"wp:term":[{"taxonomy":"category","embeddable":true,"href":"https:\/\/euapp01.newsmemory.com\/lamarseillaise\/news\/wp-json\/wp\/v2\/categories?post=35737"},{"taxonomy":"post_tag","embeddable":true,"href":"https:\/\/euapp01.newsmemory.com\/lamarseillaise\/news\/wp-json\/wp\/v2\/tags?post=35737"},{"taxonomy":"news-destination","embeddable":true,"href":"https:\/\/euapp01.newsmemory.com\/lamarseillaise\/news\/wp-json\/wp\/v2\/news-destination?post=35737"},{"taxonomy":"news-source","embeddable":true,"href":"https:\/\/euapp01.newsmemory.com\/lamarseillaise\/news\/wp-json\/wp\/v2\/news-source?post=35737"},{"taxonomy":"is_homepage","embeddable":true,"href":"https:\/\/euapp01.newsmemory.com\/lamarseillaise\/news\/wp-json\/wp\/v2\/is_homepage?post=35737"},{"taxonomy":"ta_other","embeddable":true,"href":"https:\/\/euapp01.newsmemory.com\/lamarseillaise\/news\/wp-json\/wp\/v2\/ta_other?post=35737"}],"curies":[{"name":"wp","href":"https:\/\/api.w.org\/{rel}","templated":true}]}}