{"id":35734,"date":"2026-07-09T06:33:00","date_gmt":"2026-07-09T04:33:00","guid":{"rendered":"https:\/\/euapp01.newsmemory.com\/lamarseillaise\/news\/?p=35734"},"modified":"2026-07-09T10:17:24","modified_gmt":"2026-07-09T08:17:24","slug":"chaud-devant","status":"publish","type":"post","link":"https:\/\/euapp01.newsmemory.com\/lamarseillaise\/news\/2026\/07\/09\/chaud-devant\/","title":{"rendered":"Chaud devant !"},"content":{"rendered":"<div class=\"paragraph\">\n<p>Il y a une r\u00e9elle mise en danger \u00e0 vouloir remettre sur le march\u00e9 les bouilloires thermiques (class\u00e9es F et G) tel que le pr\u00e9sentait fin juin le ministre du Logement, en plein \u00e9pisode caniculaire. D\u2019apr\u00e8s les chiffres publi\u00e9s par Sant\u00e9 publique France, la surmortalit\u00e9 survenue lors de ce m\u00eame \u00e9pisode est av\u00e9r\u00e9e, plus de 2\u00a0000\u00a0morts, dont \u00ab\u00a040% \u00e0 domicile\u00a0\u00bb. Isolement, logement peu ou pas adapt\u00e9&#8230; Les plus de 65\u00a0ans ont d\u2019ores et d\u00e9j\u00e0 pay\u00e9 un lourd tribut aux cons\u00e9quences du d\u00e9r\u00e8glement climatique. Certes, des am\u00e9liorations ont \u00e9t\u00e9 apport\u00e9es, notamment dans les Ehpad, suite au traumatisme collectif caus\u00e9 par la canicule d\u2019ao\u00fbt 2003 et son sinistre bilan de 15\u00a0000\u00a0d\u00e9c\u00e8s. Et \u00e0 l\u2019\u00e9vidence, dans l\u2019imm\u00e9diat, la clim\u2019 sauve des vies.<\/p>\n<p><b>L\u2019urgence des financements <\/b><\/p>\n<p>\u00c0 moyen et long termes, l\u2019\u00e9quipement appara\u00eet cependant d\u00e9risoire \u00e0 constater que ledit \u00ab\u00a0d\u00e9r\u00e8glement\u00a0\u00bb n\u2019induira pas seulement une hausse des temp\u00e9ratures, mais des \u00e9pisodes climatiques de plus en plus violents et fr\u00e9quents\u00a0: vagues de chaleur, intemp\u00e9ries, \u00e9pisodes c\u00e9venols, inondations, etc. Si les pouvoirs publics et les collectivit\u00e9s tentent aujourd\u2019hui de prendre le probl\u00e8me \u00e0 bras-le-corps en multipliant \u00eelots de fra\u00eecheur, d\u00e9simperm\u00e9abilisation, ou en am\u00e9liorant la gestion de l\u2019eau, il reste encore \u00e0 financer les mesures d\u2019att\u00e9nuation et d\u2019adaptation \u00e0 la hauteur des enjeux, notamment dans le secteur immobilier. Les plans d\u2019aust\u00e9rit\u00e9 et d\u2019\u00e9conomies annonc\u00e9s \u00e0 r\u00e9p\u00e9tition par le gouvernement sont de bien mauvais augure pour r\u00e9pondre \u00e0 un tel d\u00e9fi qui nous concerne tous.<\/p>\n<\/p><\/div>\n","protected":false},"excerpt":{"rendered":"Il y a une r&eacute;elle mise en danger &agrave; vouloir remettre sur le march&eacute; les bouilloires thermiques (class&eacute;es F et G) tel que le pr&eacute;sentait fin juin le ministre du Logement, en plein &eacute;pisode caniculaire. &#8230;","protected":false},"author":1,"featured_media":35735,"comment_status":"open","ping_status":"open","sticky":false,"template":"","format":"standard","meta":{"footnotes":""},"categories":[332],"tags":[874,372,1550,1372,572,596,506,1943,419],"news-destination":[],"news-source":[475],"is_homepage":[],"ta_other":[],"class_list":["post-35734","post","type-post","status-publish","format-standard","has-post-thumbnail","hentry","category-edito","tag-austerite","tag-canicule","tag-dereglement-climatique","tag-editoriaux","tag-france","tag-logement","tag-logements-sociaux","tag-personnes-agees","tag-rechauffement-climatique","news-source-website"],"_links":{"self":[{"href":"https:\/\/euapp01.newsmemory.com\/lamarseillaise\/news\/wp-json\/wp\/v2\/posts\/35734","targetHints":{"allow":["GET"]}}],"collection":[{"href":"https:\/\/euapp01.newsmemory.com\/lamarseillaise\/news\/wp-json\/wp\/v2\/posts"}],"about":[{"href":"https:\/\/euapp01.newsmemory.com\/lamarseillaise\/news\/wp-json\/wp\/v2\/types\/post"}],"author":[{"embeddable":true,"href":"https:\/\/euapp01.newsmemory.com\/lamarseillaise\/news\/wp-json\/wp\/v2\/users\/1"}],"replies":[{"embeddable":true,"href":"https:\/\/euapp01.newsmemory.com\/lamarseillaise\/news\/wp-json\/wp\/v2\/comments?post=35734"}],"version-history":[{"count":1,"href":"https:\/\/euapp01.newsmemory.com\/lamarseillaise\/news\/wp-json\/wp\/v2\/posts\/35734\/revisions"}],"predecessor-version":[{"id":35736,"href":"https:\/\/euapp01.newsmemory.com\/lamarseillaise\/news\/wp-json\/wp\/v2\/posts\/35734\/revisions\/35736"}],"wp:featuredmedia":[{"embeddable":true,"href":"https:\/\/euapp01.newsmemory.com\/lamarseillaise\/news\/wp-json\/wp\/v2\/media\/35735"}],"wp:attachment":[{"href":"https:\/\/euapp01.newsmemory.com\/lamarseillaise\/news\/wp-json\/wp\/v2\/media?parent=35734"}],"wp:term":[{"taxonomy":"category","embeddable":true,"href":"https:\/\/euapp01.newsmemory.com\/lamarseillaise\/news\/wp-json\/wp\/v2\/categories?post=35734"},{"taxonomy":"post_tag","embeddable":true,"href":"https:\/\/euapp01.newsmemory.com\/lamarseillaise\/news\/wp-json\/wp\/v2\/tags?post=35734"},{"taxonomy":"news-destination","embeddable":true,"href":"https:\/\/euapp01.newsmemory.com\/lamarseillaise\/news\/wp-json\/wp\/v2\/news-destination?post=35734"},{"taxonomy":"news-source","embeddable":true,"href":"https:\/\/euapp01.newsmemory.com\/lamarseillaise\/news\/wp-json\/wp\/v2\/news-source?post=35734"},{"taxonomy":"is_homepage","embeddable":true,"href":"https:\/\/euapp01.newsmemory.com\/lamarseillaise\/news\/wp-json\/wp\/v2\/is_homepage?post=35734"},{"taxonomy":"ta_other","embeddable":true,"href":"https:\/\/euapp01.newsmemory.com\/lamarseillaise\/news\/wp-json\/wp\/v2\/ta_other?post=35734"}],"curies":[{"name":"wp","href":"https:\/\/api.w.org\/{rel}","templated":true}]}}