{"id":35731,"date":"2026-07-08T18:18:00","date_gmt":"2026-07-08T16:18:00","guid":{"rendered":"https:\/\/euapp01.newsmemory.com\/lamarseillaise\/news\/?p=35731"},"modified":"2026-07-13T09:06:09","modified_gmt":"2026-07-13T07:06:09","slug":"tecelys-perquisitions-au-grand-avignon-et-chez-joel-guin","status":"publish","type":"post","link":"https:\/\/euapp01.newsmemory.com\/lamarseillaise\/news\/2026\/07\/08\/tecelys-perquisitions-au-grand-avignon-et-chez-joel-guin\/","title":{"rendered":"Tecelys&nbsp;: perquisitions au Grand Avignon et chez Jo\u00ebl Guin"},"content":{"rendered":"<div class=\"paragraph\">\n<p>C\u2019est une information qui, selon un observateur du dossier, \u00ab<i>\u00a0<\/i><i>devrait faire de bruit dans le landerneau<\/i>\u00a0\u00bb. <i>La<\/i><i>\u00a0<\/i><i>Marseillaise <\/i>est en mesure de r\u00e9v\u00e9ler que, ce mardi, trois perquisitions ont \u00e9t\u00e9 men\u00e9es \u00e0 Avignon. Pr\u00e8s d\u2019une quinzaine de policiers, mandat\u00e9s par le parquet de Marseille, ont pass\u00e9 plusieurs heures au si\u00e8ge du Grand Avignon \u00e0 Agroparc, au sein des locaux de la soci\u00e9t\u00e9 publique locale (SPL) Tecelys en Courtine, mais aussi au domicile de Jo\u00ebl Guin. Le toujours maire (DVD) de Ved\u00e8ne \u00e9tait vis\u00e9 en sa qualit\u00e9 d\u2019ancien pr\u00e9sident du Grand Avignon et PDG de Tecelys.<\/p>\n<p>Le parquet nous confirme l\u2019ouverture \u00ab<i>\u00a0<\/i><i>d\u2019une enqu\u00eate pr\u00e9liminaire visant des infractions en mati\u00e8re de probit\u00e9<\/i>\u00a0\u00bb. Un terme g\u00e9n\u00e9raliste qui peut recouvrir des motifs de d\u00e9tournement de fonds publics, prise ill\u00e9gale d\u2019int\u00e9r\u00eat, favoritisme, corruption&#8230; La justice s\u2019int\u00e9resse donc au fonctionnement entre le Grand Avignon et Tecelys, d\u00e9tenue \u00e0 70% par la collectivit\u00e9, et qui a notamment la charge des transports en commun. Contact\u00e9s, Tecelys et le Grand Avignon n\u2019ont pas souhait\u00e9 r\u00e9agir. Tout comme Jo\u00ebl Guin, qui n\u2019a pas donn\u00e9 suite. Selon nos informations, les enqu\u00eateurs se sont longuement rapproch\u00e9s d\u2019Antoine Planquette, nouveau directeur de cabinet du pr\u00e9sident Olivier Galzi (DVD), qui h\u00e9rite de cette patate chaude, mais aussi du responsable des syst\u00e8mes informatiques du Grand Avignon, qui occupe aussi cette fonction chez Tecelys.<\/p>\n<\/p><\/div>\n<div class=\"intext\"> La CRC comme d\u00e9tonateur\u00a0?\n              <\/div>\n<div class=\"paragraph\">\n<p>\u00ab<i>\u00a0<\/i><i>Je ne tombe pas de ma chaise<\/i><i>\u00a0<\/i>\u00bb, l\u00e2che un t\u00e9moin \u00e0 l\u2019\u00e9vocation de ces perquisitions. Pour rappel, <a rel=\"noopener noreferrer\" href=\"https:\/\/www.lamarseillaise.fr\/societe\/grand-avignon-le-gestionnaire-du-reseau-de-transports-dans-la-tourmente-DO16905754\" target=\"_blank\">en octobre\u00a0<\/a><a rel=\"noopener noreferrer\" href=\"https:\/\/www.lamarseillaise.fr\/societe\/grand-avignon-le-gestionnaire-du-reseau-de-transports-dans-la-tourmente-DO16905754\" target=\"_blank\">2024, l\u2019affaire Tecelys avait \u00e9clat\u00e9, dans nos colonnes, avec le d\u00e9part de l\u2019ancien directeur g\u00e9n\u00e9ral des services (DGS) <\/a>du Grand Avignon. Dans une note tr\u00e8s circonstanci\u00e9e, ce dernier d\u00e9non\u00e7ait le fonctionnement opaque de la SPL et \u00ab\u00a0<i>la dilapidation de millions d\u2019euros d\u2019argent public<\/i>\u00a0\u00bb. De nombreux \u00e9l\u00e9ments, \u00e0 ses yeux, relevaient de d\u00e9lits. Rapidement, le Grand Avignon avait ouvert<a rel=\"noopener noreferrer\" href=\"https:\/\/www.lamarseillaise.fr\/societe\/avignon-ce-que-dit-l-audit-sur-le-gestionnaire-des-transports-GP19259359\" target=\"_blank\"> le parapluie en commandant un audit, biais\u00e9 selon l\u2019ex-DGS, dont les conclusions ne relevaient \u00ab<i>\u00a0<\/i><\/a><a rel=\"noopener noreferrer\" href=\"https:\/\/www.lamarseillaise.fr\/societe\/avignon-ce-que-dit-l-audit-sur-le-gestionnaire-des-transports-GP19259359\" target=\"_blank\"><i>aucune irr\u00e9gularit\u00e9<\/i>\u00a0<\/a><a rel=\"noopener noreferrer\" href=\"https:\/\/www.lamarseillaise.fr\/societe\/avignon-ce-que-dit-l-audit-sur-le-gestionnaire-des-transports-GP19259359\" target=\"_blank\">\u00bb (notre \u00e9dition du 4\u00a0<\/a><a rel=\"noopener noreferrer\" href=\"https:\/\/www.lamarseillaise.fr\/societe\/avignon-ce-que-dit-l-audit-sur-le-gestionnaire-des-transports-GP19259359\" target=\"_blank\">d\u00e9cembre)<\/a>.<\/p>\n<p>Mais tous attendent surtout le rapport de la chambre r\u00e9gionale des comptes (CRC), qui a auscult\u00e9, l\u2019an dernier, le Grand Avignon et Tecelys. Une premi\u00e8re version provisoire est entre les mains des protagonistes qui pr\u00e9parent leur r\u00e9ponse. Selon nos informations, que le parquet n\u2019a pas souhait\u00e9 confirmer, les magistrats de la CRC auraient alert\u00e9 la justice sur le fonctionnement de Tecelys. \u00ab\u00a0<i>C\u2019est s\u00fbr que l\u2019affaire va \u00e9clater, c\u2019est \u00e9vident<\/i>\u00a0\u00bb, nous confiait il y a quelques mois l\u2019ex-DGS. On s\u2019y dirige tout droit.<\/p>\n<\/p><\/div>\n","protected":false},"excerpt":{"rendered":"C&rsquo;est une information qui, selon un observateur du dossier, &laquo;&nbsp;devrait faire de bruit dans le landerneau&nbsp;&raquo;. La&nbsp;Marseillaise est en mesure de r&eacute;v&eacute;ler que, ce mardi, trois perquisitions ont &#8230;","protected":false},"author":1,"featured_media":35732,"comment_status":"open","ping_status":"open","sticky":false,"template":"","format":"standard","meta":{"footnotes":""},"categories":[3926,3925,330],"tags":[495,174,591,1276,171],"news-destination":[3944],"news-source":[475],"is_homepage":[],"ta_other":[],"class_list":["post-35731","post","type-post","status-publish","format-standard","has-post-thumbnail","hentry","category-accueil-merge","category-accueil-third","category-politique","tag-495","tag-avignon","tag-chambre-regionale-des-comptes","tag-enquete","tag-vaucluse","news-destination-homepage","news-source-website"],"_links":{"self":[{"href":"https:\/\/euapp01.newsmemory.com\/lamarseillaise\/news\/wp-json\/wp\/v2\/posts\/35731","targetHints":{"allow":["GET"]}}],"collection":[{"href":"https:\/\/euapp01.newsmemory.com\/lamarseillaise\/news\/wp-json\/wp\/v2\/posts"}],"about":[{"href":"https:\/\/euapp01.newsmemory.com\/lamarseillaise\/news\/wp-json\/wp\/v2\/types\/post"}],"author":[{"embeddable":true,"href":"https:\/\/euapp01.newsmemory.com\/lamarseillaise\/news\/wp-json\/wp\/v2\/users\/1"}],"replies":[{"embeddable":true,"href":"https:\/\/euapp01.newsmemory.com\/lamarseillaise\/news\/wp-json\/wp\/v2\/comments?post=35731"}],"version-history":[{"count":1,"href":"https:\/\/euapp01.newsmemory.com\/lamarseillaise\/news\/wp-json\/wp\/v2\/posts\/35731\/revisions"}],"predecessor-version":[{"id":35733,"href":"https:\/\/euapp01.newsmemory.com\/lamarseillaise\/news\/wp-json\/wp\/v2\/posts\/35731\/revisions\/35733"}],"wp:featuredmedia":[{"embeddable":true,"href":"https:\/\/euapp01.newsmemory.com\/lamarseillaise\/news\/wp-json\/wp\/v2\/media\/35732"}],"wp:attachment":[{"href":"https:\/\/euapp01.newsmemory.com\/lamarseillaise\/news\/wp-json\/wp\/v2\/media?parent=35731"}],"wp:term":[{"taxonomy":"category","embeddable":true,"href":"https:\/\/euapp01.newsmemory.com\/lamarseillaise\/news\/wp-json\/wp\/v2\/categories?post=35731"},{"taxonomy":"post_tag","embeddable":true,"href":"https:\/\/euapp01.newsmemory.com\/lamarseillaise\/news\/wp-json\/wp\/v2\/tags?post=35731"},{"taxonomy":"news-destination","embeddable":true,"href":"https:\/\/euapp01.newsmemory.com\/lamarseillaise\/news\/wp-json\/wp\/v2\/news-destination?post=35731"},{"taxonomy":"news-source","embeddable":true,"href":"https:\/\/euapp01.newsmemory.com\/lamarseillaise\/news\/wp-json\/wp\/v2\/news-source?post=35731"},{"taxonomy":"is_homepage","embeddable":true,"href":"https:\/\/euapp01.newsmemory.com\/lamarseillaise\/news\/wp-json\/wp\/v2\/is_homepage?post=35731"},{"taxonomy":"ta_other","embeddable":true,"href":"https:\/\/euapp01.newsmemory.com\/lamarseillaise\/news\/wp-json\/wp\/v2\/ta_other?post=35731"}],"curies":[{"name":"wp","href":"https:\/\/api.w.org\/{rel}","templated":true}]}}