{"id":35727,"date":"2026-07-08T13:10:00","date_gmt":"2026-07-08T11:10:00","guid":{"rendered":"https:\/\/euapp01.newsmemory.com\/lamarseillaise\/news\/?p=35727"},"modified":"2026-07-13T09:06:09","modified_gmt":"2026-07-13T07:06:09","slug":"avignon-lancienne-elue-christine-lagrange-est-decedee","status":"publish","type":"post","link":"https:\/\/euapp01.newsmemory.com\/lamarseillaise\/news\/2026\/07\/08\/avignon-lancienne-elue-christine-lagrange-est-decedee\/","title":{"rendered":"Avignon : l\u2019ancienne \u00e9lue Christine Lagrange est d\u00e9c\u00e9d\u00e9e"},"content":{"rendered":"<div class=\"paragraph\">\n<p>C\u2019est David Fournier qui a officialis\u00e9 la nouvelle. Dans un long post sur Facebook, l\u2019actuel conseiller municipal (PS) d\u2019Avignon annonce le d\u00e9c\u00e8s de Christine Lagrange, survenu ce mardi 7 juillet, \u00e0 63 ans.<\/p>\n<p>D\u2019abord au PS puis chez les Ecologistes, elle a si\u00e9g\u00e9 pendant trois mandats sur les bancs du conseil municipal. Elle \u00e9tait d\u2019ailleurs candidate sur la liste de David Fournier lors des derni\u00e8res municipales.<\/p>\n<\/p><\/div>\n<div class=\"paragraph\">\n<p>La disparition soudaine de cette ancienne professeure suscite d\u00e9j\u00e0 de nombreuses r\u00e9actions. \u00ab <i>Sa pugnacit\u00e9, son sens politique et sa d\u00e9termination ont \u00e9t\u00e9 un apport consid\u00e9rable et nous avons tiss\u00e9 des liens tr\u00e8s complices. Ses liens ont continu\u00e9 apr\u00e8s la campagne et nous construisions d\u00e9j\u00e0, ensemble pour le futur<\/i> \u00bb, souligne David Fournier.<\/p>\n<p>En 2014, Christine Lagrange avait \u00e9t\u00e9 \u00e9lue aux c\u00f4t\u00e9s de C\u00e9cile Helle et fut son adjointe \u00e0 l\u2019urbanisme avant de s\u2019en \u00e9loigner et mener campagne en 2020 aupr\u00e8s de Jean-Pierre Cervant\u00e8s (EELV) et mener un dernier mandat municipal. \u00ab <i>Nous garderons le souvenir d\u2019une militante d\u00e9termin\u00e9e, sinc\u00e8re et investie, attach\u00e9e \u00e0 l\u2019int\u00e9r\u00eat g\u00e9n\u00e9ral et aux valeurs qu\u2019elle d\u00e9fendait avec constance<\/i> \u00bb, rel\u00e8ve Jean-Pierre Cervant\u00e8s.<\/p>\n<p>Christine Lagrange avait aussi \u00e9t\u00e9 conseill\u00e8re r\u00e9gionale sous Michel Vauzelle et conduit la liste d\u2019union de la gauche en Vaucluse en 2015, actant son retrait au second tour. \u00ab <i>En acceptant de retirer la liste qu\u2019elle conduisait pour emp\u00eacher l\u2019\u00e9lection de l\u2019extr\u00eame droite, elle a pos\u00e9 un acte fort<\/i>, salue Michel Bissi\u00e8re, conseiller r\u00e9gional (DVD) et qui a \u00e9t\u00e9 son voisin de banc lors de la derni\u00e8re mandature au conseil municipal.<i> Elle a prouv\u00e9 ce jour-l\u00e0 que l\u2019int\u00e9r\u00eat g\u00e9n\u00e9ral et les valeurs r\u00e9publicaines pouvaient primer sur les calculs partisans<\/i>. \u00bb<\/p>\n<\/p><\/div>\n<div class=\"paragraph\">\n<p>La Ville d\u2019Avignon a \u00e9galement r\u00e9agi, le maire Olivier Galzi (DVD), adressant ses \u00ab <i>plus sinc\u00e8res condol\u00e9ances \u00e0 sa compagne Maryline [Croyet, actuelle \u00e9lue PS], \u00e0 son fils, \u00e0 sa famille, \u00e0 ses proches<\/i> \u00bb. \u00ab <i>Au-del\u00e0 des sensibilit\u00e9s politiques, nombreux sont ceux qui saluent aujourd\u2019hui une femme de caract\u00e8re, sinc\u00e8re, g\u00e9n\u00e9reuse et profond\u00e9ment attach\u00e9e \u00e0 Avignon. Son sens du dialogue, sa connaissance du terrain et son engagement constant en faveur de la jeunesse, de l\u2019\u00e9galit\u00e9 et des valeurs r\u00e9publicaines laisseront une empreinte durable dans la m\u00e9moire collective des Avignonnaises et des Avignonnais<\/i> \u00bb, indique la municipalit\u00e9.<\/p>\n<\/p><\/div>\n","protected":false},"excerpt":{"rendered":"C&rsquo;est David Fournier qui a officialis&eacute; la nouvelle. Dans un long post sur Facebook, l&rsquo;actuel conseiller municipal (PS) d&rsquo;Avignon annonce le d&eacute;c&egrave;s de Christine Lagrange, survenu ce mardi 7 juillet, &agrave; 63 &#8230;","protected":false},"author":1,"featured_media":35728,"comment_status":"open","ping_status":"open","sticky":false,"template":"","format":"standard","meta":{"footnotes":""},"categories":[3926,3925,330],"tags":[495,174,171],"news-destination":[3944],"news-source":[475],"is_homepage":[],"ta_other":[],"class_list":["post-35727","post","type-post","status-publish","format-standard","has-post-thumbnail","hentry","category-accueil-merge","category-accueil-third","category-politique","tag-495","tag-avignon","tag-vaucluse","news-destination-homepage","news-source-website"],"_links":{"self":[{"href":"https:\/\/euapp01.newsmemory.com\/lamarseillaise\/news\/wp-json\/wp\/v2\/posts\/35727","targetHints":{"allow":["GET"]}}],"collection":[{"href":"https:\/\/euapp01.newsmemory.com\/lamarseillaise\/news\/wp-json\/wp\/v2\/posts"}],"about":[{"href":"https:\/\/euapp01.newsmemory.com\/lamarseillaise\/news\/wp-json\/wp\/v2\/types\/post"}],"author":[{"embeddable":true,"href":"https:\/\/euapp01.newsmemory.com\/lamarseillaise\/news\/wp-json\/wp\/v2\/users\/1"}],"replies":[{"embeddable":true,"href":"https:\/\/euapp01.newsmemory.com\/lamarseillaise\/news\/wp-json\/wp\/v2\/comments?post=35727"}],"version-history":[{"count":1,"href":"https:\/\/euapp01.newsmemory.com\/lamarseillaise\/news\/wp-json\/wp\/v2\/posts\/35727\/revisions"}],"predecessor-version":[{"id":35729,"href":"https:\/\/euapp01.newsmemory.com\/lamarseillaise\/news\/wp-json\/wp\/v2\/posts\/35727\/revisions\/35729"}],"wp:featuredmedia":[{"embeddable":true,"href":"https:\/\/euapp01.newsmemory.com\/lamarseillaise\/news\/wp-json\/wp\/v2\/media\/35728"}],"wp:attachment":[{"href":"https:\/\/euapp01.newsmemory.com\/lamarseillaise\/news\/wp-json\/wp\/v2\/media?parent=35727"}],"wp:term":[{"taxonomy":"category","embeddable":true,"href":"https:\/\/euapp01.newsmemory.com\/lamarseillaise\/news\/wp-json\/wp\/v2\/categories?post=35727"},{"taxonomy":"post_tag","embeddable":true,"href":"https:\/\/euapp01.newsmemory.com\/lamarseillaise\/news\/wp-json\/wp\/v2\/tags?post=35727"},{"taxonomy":"news-destination","embeddable":true,"href":"https:\/\/euapp01.newsmemory.com\/lamarseillaise\/news\/wp-json\/wp\/v2\/news-destination?post=35727"},{"taxonomy":"news-source","embeddable":true,"href":"https:\/\/euapp01.newsmemory.com\/lamarseillaise\/news\/wp-json\/wp\/v2\/news-source?post=35727"},{"taxonomy":"is_homepage","embeddable":true,"href":"https:\/\/euapp01.newsmemory.com\/lamarseillaise\/news\/wp-json\/wp\/v2\/is_homepage?post=35727"},{"taxonomy":"ta_other","embeddable":true,"href":"https:\/\/euapp01.newsmemory.com\/lamarseillaise\/news\/wp-json\/wp\/v2\/ta_other?post=35727"}],"curies":[{"name":"wp","href":"https:\/\/api.w.org\/{rel}","templated":true}]}}