{"id":35713,"date":"2026-07-08T09:36:00","date_gmt":"2026-07-08T07:36:00","guid":{"rendered":"https:\/\/euapp01.newsmemory.com\/lamarseillaise\/news\/?p=35713"},"modified":"2026-07-13T08:27:09","modified_gmt":"2026-07-13T06:27:09","slug":"mieux-accompagner-les-victimes-dactes-lgbtqiaphobes","status":"publish","type":"post","link":"https:\/\/euapp01.newsmemory.com\/lamarseillaise\/news\/2026\/07\/08\/mieux-accompagner-les-victimes-dactes-lgbtqiaphobes\/","title":{"rendered":"Mieux accompagner les victimes d\u2019actes LGBTQIA+phobes"},"content":{"rendered":"<div class=\"paragraph\">\n<p>Pour la premi\u00e8re fois, la police municipale a particip\u00e9, samedi 20\u00a0juin, au village associatif de la Pride de Montpellier, o\u00f9 elle tenait un stand. L\u2019occasion de pr\u00e9senter le dispositif \u00ab\u00a0D\u00e9posons plainte\u00a0 \u00bb lanc\u00e9 mi juin par la Mairie dans l\u2019objectif de faciliter l\u2019acc\u00e8s au d\u00e9p\u00f4t de plainte <br \/>et d\u2019am\u00e9liorer l\u2019accueil des <br \/>victimes d\u2019agressions LGBTQIA+phobes. L\u2019aboutissement d\u2019un travail partenarial in\u00e9dit de deux ans entre les polices municipale et nationale d\u2019une part et les associations de d\u00e9fense des droits des personnes LGBTQIA+ d\u2019autre part.<\/p>\n<p><i>\u00ab<\/i><i>\u00a0<\/i><i>Le projet est n\u00e9 \u00e0 l\u2019\u00e9t\u00e9 2024, dans un contexte national de hausse des violences et discriminations subies en raison de l\u2019orientation sexuelle ou l\u2019identit\u00e9 de genre. Un constat encore renforc\u00e9 par le dernier rapport de SOS homophobie, paru en mai<\/i><i>\u00a0<\/i><i>\u00bb<\/i>, explique S\u00e9bastien Cote, premier adjoint au maire de Montpellier en charge de la pr\u00e9vention de la d\u00e9linquance et du lien social. <i>\u00ab<\/i><i>\u00a0<\/i><i>Le parcours de la personne victime n\u2019est pas toujours facile, lisible. Se pose \u00e9galement la question de l\u2019accueil au moment du d\u00e9p\u00f4t de plainte. Nous avons donc souhait\u00e9 \u00e0 la fois clarifier ce parcours \u00e0 destination des victimes et travailler sur leur prise en charge par les polices municipale et nationale. Car m\u00eame si on d\u00e9pose \u00e0 la police nationale, parfois la municipale est la premi\u00e8re \u00e0 intervenir sur des situations d\u2019agression. L\u2019id\u00e9e \u00e9tant d\u2019am\u00e9liorer les postures professionnelles, les pratiques de terrain, afin de d\u00e9construire les pr\u00e9jug\u00e9s entre associations et forces de l\u2019ordre<\/i><i>\u00a0 <\/i><i>\u00bb<\/i>, d\u00e9veloppe l\u2019\u00e9lu.<\/p>\n<p>Pour ce faire, un partenariat s\u2019est donc nou\u00e9 entre 7\u00a0associations volontaires (les Alli\u00e9s du barreau\u00a0; chemin des Cimes\u00a0; Enipse\u00a0; Fiert\u00e9 Montpellier\u00a0; Flag\u00a0!\u00a0; Le Refuge\u00a0; SOS Homophobie), les services municipaux (police municipale et mission pr\u00e9vention de la d\u00e9linquance) et la police nationale. Des acteurs qui ont confront\u00e9 leurs exp\u00e9riences pour mieux comprendre les r\u00e9alit\u00e9s de chacun et construire des r\u00e9ponses adapt\u00e9es.<\/p>\n<\/p><\/div>\n<div class=\"intext\"> Une sensibilisation<br \/>\n               <br \/>des agents de police\n              <\/div>\n<div class=\"paragraph\">\n<p>Cette d\u00e9marche collective a abouti \u00e0 la conception d\u2019un dispositif qui agit en deux directions\u00a0: l\u2019information des victimes potentielles via la diffusion d\u2019une brochure et d\u2019une affiche dans les associations et les lieux d\u2019accueil au public de la Ville\u00a0; et la sensibilisation des agents de police (municipaux et nationaux), \u00e0 travers un programme de formation qui d\u00e9butera en septembre et se prolongera tout au long de l\u2019ann\u00e9e 2027. <i>\u00ab<\/i><i>\u00a0<\/i><i>Cela pourrait concerner 200 agents \u00e0 la police municipale et une vingtaine \u00e0 la police nationale, o\u00f9 on va se concentrer sur les agents qui re\u00e7oivent les plaintes. La formation sera anim\u00e9e par un agent r\u00e9f\u00e9rent LGBTQIA+ d\u00e9sign\u00e9 au sein de la police municipale pour accompagner les victimes, un repr\u00e9sentant d\u2019une des associations partenaires et un agent de la pr\u00e9vention de la d\u00e9linquance \u00e0 la Ville de Montpellier<\/i><i>\u00a0<\/i><i>\u00bb, <\/i>indique S\u00e9bastien Cote. Objectif\u00a0:<i> \u00ab Renforcer la confiance des publics LGBTQI+ envers les institutions.<\/i><i>\u00a0<\/i><i>\u00bb<\/i><\/p>\n<\/p><\/div>\n","protected":false},"excerpt":{"rendered":"Pour la premi&egrave;re fois, la police municipale a particip&eacute;, samedi 20&nbsp;juin, au village associatif de la Pride de Montpellier, o&ugrave; elle tenait un stand. L&rsquo;occasion de pr&eacute;senter le dispositif &#8230;","protected":false},"author":1,"featured_media":35714,"comment_status":"open","ping_status":"open","sticky":false,"template":"","format":"standard","meta":{"footnotes":""},"categories":[3926,3925,20],"tags":[1092,2173,239,927,1116,1296,240,284,1915],"news-destination":[3944],"news-source":[475],"is_homepage":[],"ta_other":[],"class_list":["post-35713","post","type-post","status-publish","format-standard","has-post-thumbnail","hentry","category-accueil-merge","category-accueil-third","category-societe","tag-agressions","tag-egalite","tag-herault","tag-homophobie","tag-lgbt","tag-lgbtqi","tag-montpellier","tag-occitanie","tag-sebastien-cote","news-destination-homepage","news-source-website"],"_links":{"self":[{"href":"https:\/\/euapp01.newsmemory.com\/lamarseillaise\/news\/wp-json\/wp\/v2\/posts\/35713","targetHints":{"allow":["GET"]}}],"collection":[{"href":"https:\/\/euapp01.newsmemory.com\/lamarseillaise\/news\/wp-json\/wp\/v2\/posts"}],"about":[{"href":"https:\/\/euapp01.newsmemory.com\/lamarseillaise\/news\/wp-json\/wp\/v2\/types\/post"}],"author":[{"embeddable":true,"href":"https:\/\/euapp01.newsmemory.com\/lamarseillaise\/news\/wp-json\/wp\/v2\/users\/1"}],"replies":[{"embeddable":true,"href":"https:\/\/euapp01.newsmemory.com\/lamarseillaise\/news\/wp-json\/wp\/v2\/comments?post=35713"}],"version-history":[{"count":1,"href":"https:\/\/euapp01.newsmemory.com\/lamarseillaise\/news\/wp-json\/wp\/v2\/posts\/35713\/revisions"}],"predecessor-version":[{"id":35715,"href":"https:\/\/euapp01.newsmemory.com\/lamarseillaise\/news\/wp-json\/wp\/v2\/posts\/35713\/revisions\/35715"}],"wp:featuredmedia":[{"embeddable":true,"href":"https:\/\/euapp01.newsmemory.com\/lamarseillaise\/news\/wp-json\/wp\/v2\/media\/35714"}],"wp:attachment":[{"href":"https:\/\/euapp01.newsmemory.com\/lamarseillaise\/news\/wp-json\/wp\/v2\/media?parent=35713"}],"wp:term":[{"taxonomy":"category","embeddable":true,"href":"https:\/\/euapp01.newsmemory.com\/lamarseillaise\/news\/wp-json\/wp\/v2\/categories?post=35713"},{"taxonomy":"post_tag","embeddable":true,"href":"https:\/\/euapp01.newsmemory.com\/lamarseillaise\/news\/wp-json\/wp\/v2\/tags?post=35713"},{"taxonomy":"news-destination","embeddable":true,"href":"https:\/\/euapp01.newsmemory.com\/lamarseillaise\/news\/wp-json\/wp\/v2\/news-destination?post=35713"},{"taxonomy":"news-source","embeddable":true,"href":"https:\/\/euapp01.newsmemory.com\/lamarseillaise\/news\/wp-json\/wp\/v2\/news-source?post=35713"},{"taxonomy":"is_homepage","embeddable":true,"href":"https:\/\/euapp01.newsmemory.com\/lamarseillaise\/news\/wp-json\/wp\/v2\/is_homepage?post=35713"},{"taxonomy":"ta_other","embeddable":true,"href":"https:\/\/euapp01.newsmemory.com\/lamarseillaise\/news\/wp-json\/wp\/v2\/ta_other?post=35713"}],"curies":[{"name":"wp","href":"https:\/\/api.w.org\/{rel}","templated":true}]}}