{"id":35710,"date":"2026-07-08T09:29:00","date_gmt":"2026-07-08T07:29:00","guid":{"rendered":"https:\/\/euapp01.newsmemory.com\/lamarseillaise\/news\/?p=35710"},"modified":"2026-07-13T08:27:09","modified_gmt":"2026-07-13T06:27:09","slug":"la-clim-une-solution-pour-les-ehpad","status":"publish","type":"post","link":"https:\/\/euapp01.newsmemory.com\/lamarseillaise\/news\/2026\/07\/08\/la-clim-une-solution-pour-les-ehpad\/","title":{"rendered":"La clim, une solution pour les Ehpad&nbsp;?"},"content":{"rendered":"<div class=\"paragraph\">\n<p>Fini les ventilateurs et brumisateurs, place \u00e0 la climatisation<b>\u00a0<\/b>! C\u2019est le choix que vient de r\u00e9aliser l\u2019\u00c9tablissement hospitalier pour personnes \u00e2g\u00e9es d\u00e9pendantes (Ehpad) Via Domitia, \u00e0 Castelnau-le-Lez, pr\u00e8s de Montpellier. Une aubaine tant pour les 48\u00a0r\u00e9sidents que pour le personnel, alors que p\u00e9riodes de canicule et pics de chaleurs apparaissent pr\u00e9cocement cette ann\u00e9e.<\/p>\n<p>Cons\u00e9quence du d\u00e9r\u00e8glement climatique, ces p\u00e9riodes vont \u00eatre plus fr\u00e9quentes et plus intenses, d\u2019o\u00f9 la n\u00e9cessit\u00e9 d\u2019adaptation pour le personnel et les r\u00e9sidents. \u00ab\u00a0<i>C\u2019est un peu la cerise sur le g\u00e2teau. Gr\u00e2ce \u00e0 des exc\u00e9dents budg\u00e9taires r\u00e9alis\u00e9s ces derni\u00e8res ann\u00e9es, nous avons pu financer la climatisation sur nos fonds propres. Cela a repr\u00e9sent\u00e9 un investissement de 280<\/i><b>\u00a0<\/b><i>000<\/i><i>\u00a0<\/i><i>euros, mais cette climatisation peut aussi faire chauffage. Nous l\u2019utiliserons donc aussi une partie de l\u2019hiver<\/i><i>\u00a0<\/i>\u00bb, d\u00e9taille Aur\u00e9lie Colletto, directrice de l\u2019\u00e9tablissement, qui reconna\u00eet que \u00ab<i>\u00a0<\/i><i>tous les \u00e9tablissements ne peuvent pas se le permettre<\/i><i>\u00a0<\/i>\u00bb.<\/p>\n<p>Construit en 2010, l\u2019Ehpad n\u2019avait qu\u2019un syst\u00e8me climatis\u00e9 au rez-de-chauss\u00e9e ainsi qu\u2019au deuxi\u00e8me \u00e9tage, o\u00f9 logent 12\u00a0personnes handicap\u00e9es vieillissantes. Cons\u00e9quence<b>\u00a0<\/b>: les patients \u00e9taient amen\u00e9s en bas lors des journ\u00e9es chaudes pour \u00eatre mis au frais, le mercure d\u00e9passant r\u00e9guli\u00e8rement les 30\u00b0C dans les chambres. \u00ab\u00a0<i>Nous avons ensuite \u00e9quip\u00e9 les couloirs, la partie de l\u2019\u00e9tage o\u00f9 il faisait le plus chaud<\/i>\u00a0\u00bb, indique la directrice. Les 48\u00a0chambres ont ensuite \u00e9t\u00e9 \u00e9quip\u00e9es d\u2019une climatisation individuelle. Le thermostat est r\u00e9gl\u00e9 sur 26\u00b0C et la climatisation fonctionne 24h\u00a0\/\u00a024. Les chambres peuvent \u00eatre r\u00e9gl\u00e9es s\u00e9par\u00e9ment, en fonction de l\u2019envie du patient.<\/p>\n<\/p><\/div>\n<div class=\"intext\"> Du sirop pour inciter<br \/>\n               <br \/>\u00e0 boire\n              <\/div>\n<div class=\"paragraph\">\n<p>Les r\u00e9sidents sont ravis, \u00e0 l\u2019instar de Val\u00e9rie, 59\u00a0ans. \u00ab<i>\u00a0<\/i><i>Avant je n\u2019avais pas le ventilateur, ce qui m\u2019emp\u00eachait de dormir. Je sens la diff\u00e9rence avec la clim et je dors mieux<\/i><i>\u00a0<\/i>\u00bb, livre la benjamine de l\u2019\u00e9tablissement, arriv\u00e9e il y a 5\u00a0ans. De meilleures nuits, et des effets secondaires li\u00e9s aux fortes chaleurs att\u00e9nu\u00e9s. \u00ab<i>\u00a0<\/i><i>Cela permet d\u2019\u00e9viter les malaises, les vomissements, les migraines. Certains n\u2019avaient plus d\u2019app\u00e9tit du fait de la chaleur. Ils souffrent moins de d\u00e9shydratation<\/i>\u00a0\u00bb, \u00e9num\u00e8re une infirmi\u00e8re. Pour les professionnels \u00e9galement, le travail se fait dans de meilleures conditions. \u00ab\u00a0<i>On subit moins, c\u2019est plus supportable. Mais il fait toujours chaud<\/i>\u00a0\u00bb, sourit une blouse blanche.<\/p>\n<p>L\u2019installation de la climatisation n\u2019est pas la seule mesure mise en place par l\u2019\u00e9tablissement pour lutter contre les fortes chaleurs. \u00ab\u00a0<i>On fait boire les r\u00e9sidents plus souvent. Comme certains n\u2019aiment pas trop boire de l\u2019eau, on leur a mis \u00e0 disposition du sirop, car ils sont attir\u00e9s par le go\u00fbt sucr\u00e9<\/i>\u00a0\u00bb, reprend Aur\u00e9lie Colletto. Et si le sirop ne convainc toujours pas, la m\u00eame op\u00e9ration est r\u00e9alis\u00e9e avec de l\u2019eau gazeuse. \u00ab\u00a0<i>On leur donne beaucoup de glaces aussi<\/i>\u00a0\u00bb, explique la directrice. C\u00f4t\u00e9 hygi\u00e8ne, les r\u00e9sidents prennent des douches ti\u00e8des.<\/p>\n<p>Des dispositifs \u00e0 g\u00e9n\u00e9raliser, \u00e0 en croire l\u2019ARS. \u00ab\u00a0<i>Chacun doit \u00eatre conscient de ces chaleurs et les int\u00e9grer dans son budget. C\u2019est du cas par cas, tout d\u00e9pend de la situation budg\u00e9taire des \u00e9tablissements. Mais m\u00eame avec la meilleure volont\u00e9, il est compliqu\u00e9 de tout prendre en charge dans un contexte budg\u00e9taire d\u00e9grad\u00e9<\/i>\u00a0\u00bb, observe C\u00e9dric Laperteau, directeur d\u00e9partemental de l\u2019ARS de l\u2019H\u00e9rault. La sant\u00e9 a-t-elle un prix<b>\u00a0<\/b>?<\/p>\n<\/p><\/div>\n","protected":false},"excerpt":{"rendered":"Fini les ventilateurs et brumisateurs, place &agrave; la climatisation&nbsp;! C&rsquo;est le choix que vient de r&eacute;aliser l&rsquo;&Eacute;tablissement hospitalier pour personnes &acirc;g&eacute;es d&eacute;pendantes (Ehpad) Via Domitia, &#8230;","protected":false},"author":1,"featured_media":35711,"comment_status":"open","ping_status":"open","sticky":false,"template":"","format":"standard","meta":{"footnotes":""},"categories":[3926,3925,20],"tags":[1129,372,1666,373,417,1428,1886,238,239,284,419,1397],"news-destination":[3944],"news-source":[475],"is_homepage":[],"ta_other":[],"class_list":["post-35710","post","type-post","status-publish","format-standard","has-post-thumbnail","hentry","category-accueil-merge","category-accueil-third","category-societe","tag-ars","tag-canicule","tag-castelnau-le-lez","tag-chaleur","tag-climat","tag-climatisation","tag-ehpad","tag-gard","tag-herault","tag-occitanie","tag-rechauffement-climatique","tag-secheresse","news-destination-homepage","news-source-website"],"_links":{"self":[{"href":"https:\/\/euapp01.newsmemory.com\/lamarseillaise\/news\/wp-json\/wp\/v2\/posts\/35710","targetHints":{"allow":["GET"]}}],"collection":[{"href":"https:\/\/euapp01.newsmemory.com\/lamarseillaise\/news\/wp-json\/wp\/v2\/posts"}],"about":[{"href":"https:\/\/euapp01.newsmemory.com\/lamarseillaise\/news\/wp-json\/wp\/v2\/types\/post"}],"author":[{"embeddable":true,"href":"https:\/\/euapp01.newsmemory.com\/lamarseillaise\/news\/wp-json\/wp\/v2\/users\/1"}],"replies":[{"embeddable":true,"href":"https:\/\/euapp01.newsmemory.com\/lamarseillaise\/news\/wp-json\/wp\/v2\/comments?post=35710"}],"version-history":[{"count":1,"href":"https:\/\/euapp01.newsmemory.com\/lamarseillaise\/news\/wp-json\/wp\/v2\/posts\/35710\/revisions"}],"predecessor-version":[{"id":35712,"href":"https:\/\/euapp01.newsmemory.com\/lamarseillaise\/news\/wp-json\/wp\/v2\/posts\/35710\/revisions\/35712"}],"wp:featuredmedia":[{"embeddable":true,"href":"https:\/\/euapp01.newsmemory.com\/lamarseillaise\/news\/wp-json\/wp\/v2\/media\/35711"}],"wp:attachment":[{"href":"https:\/\/euapp01.newsmemory.com\/lamarseillaise\/news\/wp-json\/wp\/v2\/media?parent=35710"}],"wp:term":[{"taxonomy":"category","embeddable":true,"href":"https:\/\/euapp01.newsmemory.com\/lamarseillaise\/news\/wp-json\/wp\/v2\/categories?post=35710"},{"taxonomy":"post_tag","embeddable":true,"href":"https:\/\/euapp01.newsmemory.com\/lamarseillaise\/news\/wp-json\/wp\/v2\/tags?post=35710"},{"taxonomy":"news-destination","embeddable":true,"href":"https:\/\/euapp01.newsmemory.com\/lamarseillaise\/news\/wp-json\/wp\/v2\/news-destination?post=35710"},{"taxonomy":"news-source","embeddable":true,"href":"https:\/\/euapp01.newsmemory.com\/lamarseillaise\/news\/wp-json\/wp\/v2\/news-source?post=35710"},{"taxonomy":"is_homepage","embeddable":true,"href":"https:\/\/euapp01.newsmemory.com\/lamarseillaise\/news\/wp-json\/wp\/v2\/is_homepage?post=35710"},{"taxonomy":"ta_other","embeddable":true,"href":"https:\/\/euapp01.newsmemory.com\/lamarseillaise\/news\/wp-json\/wp\/v2\/ta_other?post=35710"}],"curies":[{"name":"wp","href":"https:\/\/api.w.org\/{rel}","templated":true}]}}