{"id":35698,"date":"2026-07-08T08:48:00","date_gmt":"2026-07-08T06:48:00","guid":{"rendered":"https:\/\/euapp01.newsmemory.com\/lamarseillaise\/news\/?p=35698"},"modified":"2026-07-08T10:12:41","modified_gmt":"2026-07-08T08:12:41","slug":"premiere-reussie-pour-le-challenge-colas","status":"publish","type":"post","link":"https:\/\/euapp01.newsmemory.com\/lamarseillaise\/news\/2026\/07\/08\/premiere-reussie-pour-le-challenge-colas\/","title":{"rendered":"Premi\u00e8re r\u00e9ussie pour le challenge Colas"},"content":{"rendered":"<div class=\"paragraph\">\n<p>Pendant que le Mondial entrait dans le dur, le Challenge Colas, lui, jouait une autre partition. Ici, les parties se disputaient au temps (40 minutes), une plaque d\u2019\u00e9gout servait de marque et certains cherchaient d\u00e8s 9h le chemin de la buvette.<\/p>\n<p>Pour sa premi\u00e8re \u00e9dition, ce concours annexe a r\u00e9uni 32 triplettes, mardi matin \u00e0 Bor\u00e9ly, dans une ambiance plus d\u00e9tendue que celle du grand tableau. \u00ab\u00a0<i>Pour cette premi\u00e8re ann\u00e9e de soutien au concours, on voulait aussi r\u00e9unir nos collaborateurs et nos partenaires autour d\u2019un \u00e9v\u00e9nement \u00e0 notre image<\/i><i>\u00a0<\/i>\u00bb, r\u00e9sume Lionel Lavernhe, directeur r\u00e9gional Provence. Sur les jeux, la hi\u00e9rarchie professionnelle s\u2019est vite rang\u00e9e derri\u00e8re le bouchon : lui-m\u00eame s\u2019est inclin\u00e9 13-1 face \u00e0 Fran\u00e7ois-Xavier, responsable d\u2019une agence dans le Vaucluse. \u00ab\u00a0<i>C\u2019\u00e9tait mon derby<\/i> <i>\u00e0 gagner<\/i><i>\u00a0<\/i>\u00bb, s\u2019amuse le vainqueur.<\/p>\n<p>Un peu plus loin, \u00c9milie comptait parmi les rares femmes engag\u00e9es dans le challenge. Avec Florent et Bernard, elle d\u00e9couvrait presque la p\u00e9tanque. Plut\u00f4t bien, m\u00eame, avec une premi\u00e8re victoire 13-4. \u00ab\u00a0<i>Il y a beaucoup d\u2019\u00e9changes de mails. Pouvoir discuter de vive voix avec les gens, c\u2019est un chouette moment<\/i><i>\u00a0<\/i>\u00bb, appr\u00e9ciait-elle. Plus loin, R\u00e9mi, Kylian et Margot savouraient un succ\u00e8s 8-7 au temps lors de la deuxi\u00e8me session. Leur ambition ? \u00ab\u00a0<i>\u00catre \u00e0 jamais les premiers \u00e0 graver notre nom sur le palmar\u00e8s. Pourquoi pas<\/i> ?\u00a0\u00bb<\/p>\n<p>Rat\u00e9 pour cette fois. Le troph\u00e9e est revenu dans les mains de Romain Rigaud, Florian Rigaud et S\u00e9bastien Rossat, vainqueurs de cette \u00e9dition inaugurale.<\/p>\n<p><b>Lorenzo Ciampi<\/b><\/p>\n<\/p><\/div>\n","protected":false},"excerpt":{"rendered":"Pendant que le Mondial entrait dans le dur, le Challenge Colas, lui, jouait une autre partition. Ici, les parties se disputaient au temps (40 minutes), une plaque d&rsquo;&eacute;gout servait de marque et certains cherchaient d&egrave;s 9h le chemin &#8230;","protected":false},"author":1,"featured_media":35699,"comment_status":"open","ping_status":"open","sticky":false,"template":"","format":"standard","meta":{"footnotes":""},"categories":[7],"tags":[10,1161,4581,16,4647,6033,4580,896,1013],"news-destination":[],"news-source":[475],"is_homepage":[],"ta_other":[],"class_list":["post-35698","post","type-post","status-publish","format-standard","has-post-thumbnail","hentry","category-sports","tag-bouches-du-rhone","tag-boules","tag-la-marseillaise-2026","tag-marseille","tag-mlm2026","tag-mondial-2026","tag-mondial-la-marseillaise-2026","tag-mondial-la-marseillaise-a-petanque","tag-petanque","news-source-website"],"_links":{"self":[{"href":"https:\/\/euapp01.newsmemory.com\/lamarseillaise\/news\/wp-json\/wp\/v2\/posts\/35698","targetHints":{"allow":["GET"]}}],"collection":[{"href":"https:\/\/euapp01.newsmemory.com\/lamarseillaise\/news\/wp-json\/wp\/v2\/posts"}],"about":[{"href":"https:\/\/euapp01.newsmemory.com\/lamarseillaise\/news\/wp-json\/wp\/v2\/types\/post"}],"author":[{"embeddable":true,"href":"https:\/\/euapp01.newsmemory.com\/lamarseillaise\/news\/wp-json\/wp\/v2\/users\/1"}],"replies":[{"embeddable":true,"href":"https:\/\/euapp01.newsmemory.com\/lamarseillaise\/news\/wp-json\/wp\/v2\/comments?post=35698"}],"version-history":[{"count":1,"href":"https:\/\/euapp01.newsmemory.com\/lamarseillaise\/news\/wp-json\/wp\/v2\/posts\/35698\/revisions"}],"predecessor-version":[{"id":35700,"href":"https:\/\/euapp01.newsmemory.com\/lamarseillaise\/news\/wp-json\/wp\/v2\/posts\/35698\/revisions\/35700"}],"wp:featuredmedia":[{"embeddable":true,"href":"https:\/\/euapp01.newsmemory.com\/lamarseillaise\/news\/wp-json\/wp\/v2\/media\/35699"}],"wp:attachment":[{"href":"https:\/\/euapp01.newsmemory.com\/lamarseillaise\/news\/wp-json\/wp\/v2\/media?parent=35698"}],"wp:term":[{"taxonomy":"category","embeddable":true,"href":"https:\/\/euapp01.newsmemory.com\/lamarseillaise\/news\/wp-json\/wp\/v2\/categories?post=35698"},{"taxonomy":"post_tag","embeddable":true,"href":"https:\/\/euapp01.newsmemory.com\/lamarseillaise\/news\/wp-json\/wp\/v2\/tags?post=35698"},{"taxonomy":"news-destination","embeddable":true,"href":"https:\/\/euapp01.newsmemory.com\/lamarseillaise\/news\/wp-json\/wp\/v2\/news-destination?post=35698"},{"taxonomy":"news-source","embeddable":true,"href":"https:\/\/euapp01.newsmemory.com\/lamarseillaise\/news\/wp-json\/wp\/v2\/news-source?post=35698"},{"taxonomy":"is_homepage","embeddable":true,"href":"https:\/\/euapp01.newsmemory.com\/lamarseillaise\/news\/wp-json\/wp\/v2\/is_homepage?post=35698"},{"taxonomy":"ta_other","embeddable":true,"href":"https:\/\/euapp01.newsmemory.com\/lamarseillaise\/news\/wp-json\/wp\/v2\/ta_other?post=35698"}],"curies":[{"name":"wp","href":"https:\/\/api.w.org\/{rel}","templated":true}]}}