{"id":35695,"date":"2026-07-08T08:52:00","date_gmt":"2026-07-08T06:52:00","guid":{"rendered":"https:\/\/euapp01.newsmemory.com\/lamarseillaise\/news\/?p=35695"},"modified":"2026-07-13T08:14:03","modified_gmt":"2026-07-13T06:14:03","slug":"le-handicap-et-linclusion-au-programme-de-mercredi","status":"publish","type":"post","link":"https:\/\/euapp01.newsmemory.com\/lamarseillaise\/news\/2026\/07\/08\/le-handicap-et-linclusion-au-programme-de-mercredi\/","title":{"rendered":"Le handicap et l\u2019inclusion au programme de mercredi"},"content":{"rendered":"<div class=\"paragraph\">\n<p>L\u2019all\u00e9e \u00e0 droite direction le ch\u00e2teau Bor\u00e9ly s\u2019est rapidement remplie ce mardi apr\u00e8s-midi. La 5<sup>e<\/sup> et derni\u00e8re manche qualificative du Handi Mondial a d\u00e9but\u00e9. 16\u00a0\u00e9quipes \u00e9taient au d\u00e9part pour compl\u00e9ter la liste de d\u00e9part de la phase finale, qui se tient mercredi matin. Une comp\u00e9tition coordonn\u00e9e par l\u2019AJC Marseille, sp\u00e9cialiste de l\u2019inclusion du handicap en milieu ordinaire. <i>\u00ab<\/i><i>\u00a0<\/i><i>Chaque triplette doit compter au moins une personne en situation de handicap et une valide<\/i><i>\u00a0<\/i><i>\u00bb<\/i>, explique Eyvann Morival, le responsable sport-sant\u00e9 de l\u2019association.<\/p>\n<p>Parmi les principaux engag\u00e9s, une formation ukrainienne. Roman, Orest, Andrii et Ivan viennent du centre de r\u00e9habilitation de Lviv, dans l\u2019Ouest. Ils \u00e9taient militaires depuis l\u2019invasion russe et ont \u00e9t\u00e9 amput\u00e9s de membres sup\u00e9rieur ou inf\u00e9rieur. C\u2019est par l\u2019interm\u00e9diaire de Mykola Dudyuk, membre de la f\u00e9d\u00e9ration nationale et ex-joueur pro, qu\u2019ils ont d\u00e9couvert la discipline. <i>\u00ab<\/i><i>\u00a0<\/i><i>Je me suis pr\u00e9sent\u00e9 \u00e0 eux pour les aider dans leur vie et dans leur r\u00e9habilitation, tout en s\u2019adaptant \u00e0 leur handicap<\/i><i>\u00a0<\/i><i>\u00bb<\/i>, raconte-t-il. Une d\u00e9l\u00e9gation \u00e9tait d\u00e9j\u00e0 pr\u00e9sente l\u2019ann\u00e9e derni\u00e8re, la f\u00e9d\u00e9ration ayant m\u00eame \u00e9t\u00e9 r\u00e9compens\u00e9e du troph\u00e9e de la Boule d\u2019or.<\/p>\n<p>L\u2019Olympique de Marseille a aussi engag\u00e9 une triplette par l\u2019interm\u00e9diaire de son \u00e9quipe amput\u00e9s. Le capitaine J\u00e9r\u00f4me Raffetto et l\u2019attaquant Romain Abellan \u00e9taient associ\u00e9s \u00e0 leur entra\u00eeneur des gardiens, Thierry Fara. Ce dernier est le fils de Patrick, pr\u00e9sident du Comit\u00e9 bouliste 13, qui a donc invit\u00e9 ce trio \u00e0 tenter sa chance. <i>\u00ab<\/i><i>\u00a0<\/i><i>On voulait aussi \u00eatre solidaire de l\u2019\u00e9v\u00e9nement. C\u2019est une belle initiative d\u2019avoir cr\u00e9\u00e9 \u00e7a. C\u2019est beau pour l\u2019inclusion, \u00e7a nous fait plaisir d\u2019\u00eatre ici<\/i><i>\u00a0<\/i><i>\u00bb<\/i>, d\u00e9crit Romain, vainqueur de sa premi\u00e8re partie de l\u2019apr\u00e8s-midi. 32\u00a0\u00e9quipes participent ce mercredi au Handi Mondial, avec une finale pr\u00e9vue \u00e0 14h sur le stade d\u2019honneur.<\/p>\n<\/p><\/div>\n","protected":false},"excerpt":{"rendered":"L&rsquo;all&eacute;e &agrave; droite direction le ch&acirc;teau Bor&eacute;ly s&rsquo;est rapidement remplie ce mardi apr&egrave;s-midi. La 5e et derni&egrave;re manche qualificative du Handi Mondial a d&eacute;but&eacute;. 16&nbsp;&eacute;quipes &#8230;","protected":false},"author":1,"featured_media":35696,"comment_status":"open","ping_status":"open","sticky":false,"template":"","format":"standard","meta":{"footnotes":""},"categories":[3926,3925,7],"tags":[10,1161,5259,1066,1300,4581,5560,16,4647,3332,4580,896,1013],"news-destination":[3944],"news-source":[475],"is_homepage":[],"ta_other":[],"class_list":["post-35695","post","type-post","status-publish","format-standard","has-post-thumbnail","hentry","category-accueil-merge","category-accueil-third","category-sports","tag-bouches-du-rhone","tag-boules","tag-handi-mondial","tag-handicap","tag-inclusion","tag-la-marseillaise-2026","tag-le-mondial-la-marseillaise-2026","tag-marseille","tag-mlm2026","tag-mondial-a-petanque","tag-mondial-la-marseillaise-2026","tag-mondial-la-marseillaise-a-petanque","tag-petanque","news-destination-homepage","news-source-website"],"_links":{"self":[{"href":"https:\/\/euapp01.newsmemory.com\/lamarseillaise\/news\/wp-json\/wp\/v2\/posts\/35695","targetHints":{"allow":["GET"]}}],"collection":[{"href":"https:\/\/euapp01.newsmemory.com\/lamarseillaise\/news\/wp-json\/wp\/v2\/posts"}],"about":[{"href":"https:\/\/euapp01.newsmemory.com\/lamarseillaise\/news\/wp-json\/wp\/v2\/types\/post"}],"author":[{"embeddable":true,"href":"https:\/\/euapp01.newsmemory.com\/lamarseillaise\/news\/wp-json\/wp\/v2\/users\/1"}],"replies":[{"embeddable":true,"href":"https:\/\/euapp01.newsmemory.com\/lamarseillaise\/news\/wp-json\/wp\/v2\/comments?post=35695"}],"version-history":[{"count":1,"href":"https:\/\/euapp01.newsmemory.com\/lamarseillaise\/news\/wp-json\/wp\/v2\/posts\/35695\/revisions"}],"predecessor-version":[{"id":35697,"href":"https:\/\/euapp01.newsmemory.com\/lamarseillaise\/news\/wp-json\/wp\/v2\/posts\/35695\/revisions\/35697"}],"wp:featuredmedia":[{"embeddable":true,"href":"https:\/\/euapp01.newsmemory.com\/lamarseillaise\/news\/wp-json\/wp\/v2\/media\/35696"}],"wp:attachment":[{"href":"https:\/\/euapp01.newsmemory.com\/lamarseillaise\/news\/wp-json\/wp\/v2\/media?parent=35695"}],"wp:term":[{"taxonomy":"category","embeddable":true,"href":"https:\/\/euapp01.newsmemory.com\/lamarseillaise\/news\/wp-json\/wp\/v2\/categories?post=35695"},{"taxonomy":"post_tag","embeddable":true,"href":"https:\/\/euapp01.newsmemory.com\/lamarseillaise\/news\/wp-json\/wp\/v2\/tags?post=35695"},{"taxonomy":"news-destination","embeddable":true,"href":"https:\/\/euapp01.newsmemory.com\/lamarseillaise\/news\/wp-json\/wp\/v2\/news-destination?post=35695"},{"taxonomy":"news-source","embeddable":true,"href":"https:\/\/euapp01.newsmemory.com\/lamarseillaise\/news\/wp-json\/wp\/v2\/news-source?post=35695"},{"taxonomy":"is_homepage","embeddable":true,"href":"https:\/\/euapp01.newsmemory.com\/lamarseillaise\/news\/wp-json\/wp\/v2\/is_homepage?post=35695"},{"taxonomy":"ta_other","embeddable":true,"href":"https:\/\/euapp01.newsmemory.com\/lamarseillaise\/news\/wp-json\/wp\/v2\/ta_other?post=35695"}],"curies":[{"name":"wp","href":"https:\/\/api.w.org\/{rel}","templated":true}]}}