{"id":35692,"date":"2026-07-08T08:57:00","date_gmt":"2026-07-08T06:57:00","guid":{"rendered":"https:\/\/euapp01.newsmemory.com\/lamarseillaise\/news\/?p=35692"},"modified":"2026-07-08T10:12:41","modified_gmt":"2026-07-08T08:12:41","slug":"clement-et-didier-duvernay-esprit-de-famille","status":"publish","type":"post","link":"https:\/\/euapp01.newsmemory.com\/lamarseillaise\/news\/2026\/07\/08\/clement-et-didier-duvernay-esprit-de-famille\/","title":{"rendered":"Cl\u00e9ment et Didier Duvernay : esprit de famille"},"content":{"rendered":"<div class=\"paragraph\">\n<p>Toujours souriants, les m\u00eames yeux bleu ciel, le visage burin\u00e9 par le soleil de Bor\u00e9ly, grands et costauds l\u2019un comme l\u2019autre. La team Duvernay ne peut pas cacher la g\u00e9n\u00e9tique commune. Seule la barbe les distingue, claire et fine pour Didier, le p\u00e8re, fonc\u00e9e et \u00e9paisse pour Cl\u00e9ment, le fils. C\u00f4t\u00e9 p\u00e9tanque, si le palmar\u00e8s du plus jeune est le plus fourni, c\u2019est aussi un peu \u00e0 son p\u00e8re que le m\u00e9rite en revient. \u00ab\u00a0<i>C\u2019est lui qui m\u2019a tout appris et il m\u2019a donn\u00e9 envie de continuer<\/i><i>\u00a0<\/i>\u00bb, glisse d\u2019embl\u00e9e Cl\u00e9ment. \u00ab\u00a0<i>Depuis qu\u2019il a 11<\/i><i>\u00a0<\/i><i>ans, on joue ensemble<\/i>\u00a0\u00bb, ajoute Didier. Une constance rare dans le monde des boules, qui est peut-\u00eatre le secret de la r\u00e9ussite. Simplicit\u00e9, proximit\u00e9, respect, et esprit de famille, voil\u00e0 les mots-cl\u00e9s chez les Duvernay. \u00c0 33\u00a0ans aujourd\u2019hui, Cl\u00e9ment vit \u00e0 Sanc\u00e9 en Bourgogne, le village de sa naissance, o\u00f9 r\u00e9sident toujours ses parents.<\/p>\n<p>M\u00eame leur lien avec La\u00a0Marseillaise est une histoire de famille. \u00ab\u00a0<i>J\u2019avais 12 ou 13<\/i><i>\u00a0<\/i><i>ans<\/i>, raconte Cl\u00e9ment, <i>on a particip\u00e9 avec mon p\u00e8re et m<\/i><i>a m\u00e8re, B\u00e9atrice. Et apr\u00e8s notre d\u00e9faite le lundi, on a vu arriver un immense bouquet de fleurs qui a \u00e9t\u00e9 offert \u00e0 ma m\u00e8re, car c\u2019\u00e9tait la femme qui \u00e9tait all\u00e9e le plus loin dans le Mondial<\/i><i>\u00a0<\/i><i>!<\/i>\u00a0\u00bb Avec elle, Didier a \u00e9t\u00e9 vice-champion de Bourgogne en triplette mixte, en compagnie de Christophe Poumerol.<\/p>\n<p>Quant \u00e0 Cl\u00e9ment, c\u2019est avec son \u00e9pouse Charl\u00e8ne qu\u2019il signe des performances. Aux c\u00f4t\u00e9s de Lucas, fr\u00e8re cadet de Cl\u00e9ment, le couple Duvernay s\u2019est impos\u00e9 en triplette mixte au championnat de Sa\u00f4ne-et-Loire en 2024. Ce qui leur a ouvert les portes du championnat de France, l\u2019ann\u00e9e o\u00f9 Cl\u00e9ment y a \u00e9t\u00e9 sacr\u00e9 en t\u00eate-\u00e0-t\u00eate. \u00ab\u00a0<i>La p\u00e9tanque, \u00e7a fait partie de ma vie. Je suis un gagneur, j\u2019ai la passion du jeu et les victoires entra\u00eenent les victoires<\/i>\u00a0\u00bb, dit-il simplement. Les boules prennent m\u00eame de plus en plus d\u2019importance depuis que Cl\u00e9ment est sous contrat au club de Fr\u00e9jus. Cela lui permet quelques facilit\u00e9s pour les d\u00e9placements, les prises en charge lors des tournois, etc. Au quotidien, il est agent communal polyvalent \u00e0 Pierreclos, pr\u00e8s de M\u00e2con. Et il faut bien faire place au boulot, m\u00eame quand le rythme p\u00e9tanque est intense. Pour \u00eatre pr\u00e9sent au Mondial, il a pos\u00e9 deux jours de cong\u00e9, tout comme Didier, qui travaille dans la vente de carrelage. \u00ab\u00a0<i>On s\u2019\u00e9tait dit qu\u2019\u00eatre l\u00e0 le lundi, ce serait beau. Alors rester jusqu\u2019au mardi, c\u2019est du bonheur<\/i><i>\u00a0<\/i><i>!<\/i>\u00a0\u00bb<\/p>\n<p>La prochaine fois, s\u2019ils arrivent au carr\u00e9 d\u2019honneur, il faudra pr\u00e9voir un jour de cong\u00e9 en plus\u00a0! D\u2019autant qu\u2019avec Andrea Chiapello, le champion du monde italien, dont c\u2019\u00e9tait la premi\u00e8re Marseillaise, ils pourraient bien retenter l\u2019aventure. Ensemble, ils visent d\u00e9j\u00e0 le championnat de France doublette, fin ao\u00fbt. \u00ab\u00a0<i>Pour le moment, je me suis donn\u00e9 trois ans \u00e0 fond sur la p\u00e9tanque,<\/i> explique Cl\u00e9ment. <i>Ensuite on verra.<\/i>\u00a0\u00bb Avec son \u00e9pouse Charl\u00e8ne, ils ont deux enfants, Noa, 8\u00a0ans, et Tha\u00efs, 5\u00a0ans. C\u2019est important aussi de les voir grandir, de passer du temps avec eux. L\u2019a\u00een\u00e9 a d\u2019ailleurs d\u00e9j\u00e0 un peu pris go\u00fbt \u00e0 la p\u00e9tanque. \u00ab\u00a0<i>Il tire des boules, il se d\u00e9brouille, mais doucement<\/i><i>\u00a0<\/i><i>! Le monde de la p\u00e9tanque, c\u2019est dur, je pr\u00e9f\u00e8re qu\u2019il prenne son temps<\/i><i>\u00a0<\/i><i>!<\/i>\u00a0\u00bb, avoue Cl\u00e9ment. Didier confirme et r\u00e9sume l\u2019essentiel\u00a0: \u00ab\u00a0<i>Avant tout, il faut prendre du plaisir<\/i><i>\u00a0<\/i><i>!<\/i>\u00a0\u00bb<\/p>\n<p><b>Jan-Cyril Salemi<\/b><\/p>\n<\/p><\/div>\n<div class=\"paragraph\"> <\/div>\n","protected":false},"excerpt":{"rendered":"Toujours souriants, les m&ecirc;mes yeux bleu ciel, le visage burin&eacute; par le soleil de Bor&eacute;ly, grands et costauds l&rsquo;un comme l&rsquo;autre. La team Duvernay ne peut pas cacher la g&eacute;n&eacute;tique commune. Seule la barbe les &#8230;","protected":false},"author":1,"featured_media":35693,"comment_status":"open","ping_status":"open","sticky":false,"template":"","format":"standard","meta":{"footnotes":""},"categories":[7],"tags":[10,1161,4581,3986,5560,16,4647,6033,3332,4580,896,1013],"news-destination":[],"news-source":[475],"is_homepage":[],"ta_other":[],"class_list":["post-35692","post","type-post","status-publish","format-standard","has-post-thumbnail","hentry","category-sports","tag-bouches-du-rhone","tag-boules","tag-la-marseillaise-2026","tag-le-mondial-la-marseillaise","tag-le-mondial-la-marseillaise-2026","tag-marseille","tag-mlm2026","tag-mondial-2026","tag-mondial-a-petanque","tag-mondial-la-marseillaise-2026","tag-mondial-la-marseillaise-a-petanque","tag-petanque","news-source-website"],"_links":{"self":[{"href":"https:\/\/euapp01.newsmemory.com\/lamarseillaise\/news\/wp-json\/wp\/v2\/posts\/35692","targetHints":{"allow":["GET"]}}],"collection":[{"href":"https:\/\/euapp01.newsmemory.com\/lamarseillaise\/news\/wp-json\/wp\/v2\/posts"}],"about":[{"href":"https:\/\/euapp01.newsmemory.com\/lamarseillaise\/news\/wp-json\/wp\/v2\/types\/post"}],"author":[{"embeddable":true,"href":"https:\/\/euapp01.newsmemory.com\/lamarseillaise\/news\/wp-json\/wp\/v2\/users\/1"}],"replies":[{"embeddable":true,"href":"https:\/\/euapp01.newsmemory.com\/lamarseillaise\/news\/wp-json\/wp\/v2\/comments?post=35692"}],"version-history":[{"count":1,"href":"https:\/\/euapp01.newsmemory.com\/lamarseillaise\/news\/wp-json\/wp\/v2\/posts\/35692\/revisions"}],"predecessor-version":[{"id":35694,"href":"https:\/\/euapp01.newsmemory.com\/lamarseillaise\/news\/wp-json\/wp\/v2\/posts\/35692\/revisions\/35694"}],"wp:featuredmedia":[{"embeddable":true,"href":"https:\/\/euapp01.newsmemory.com\/lamarseillaise\/news\/wp-json\/wp\/v2\/media\/35693"}],"wp:attachment":[{"href":"https:\/\/euapp01.newsmemory.com\/lamarseillaise\/news\/wp-json\/wp\/v2\/media?parent=35692"}],"wp:term":[{"taxonomy":"category","embeddable":true,"href":"https:\/\/euapp01.newsmemory.com\/lamarseillaise\/news\/wp-json\/wp\/v2\/categories?post=35692"},{"taxonomy":"post_tag","embeddable":true,"href":"https:\/\/euapp01.newsmemory.com\/lamarseillaise\/news\/wp-json\/wp\/v2\/tags?post=35692"},{"taxonomy":"news-destination","embeddable":true,"href":"https:\/\/euapp01.newsmemory.com\/lamarseillaise\/news\/wp-json\/wp\/v2\/news-destination?post=35692"},{"taxonomy":"news-source","embeddable":true,"href":"https:\/\/euapp01.newsmemory.com\/lamarseillaise\/news\/wp-json\/wp\/v2\/news-source?post=35692"},{"taxonomy":"is_homepage","embeddable":true,"href":"https:\/\/euapp01.newsmemory.com\/lamarseillaise\/news\/wp-json\/wp\/v2\/is_homepage?post=35692"},{"taxonomy":"ta_other","embeddable":true,"href":"https:\/\/euapp01.newsmemory.com\/lamarseillaise\/news\/wp-json\/wp\/v2\/ta_other?post=35692"}],"curies":[{"name":"wp","href":"https:\/\/api.w.org\/{rel}","templated":true}]}}