{"id":35680,"date":"2026-07-08T07:51:00","date_gmt":"2026-07-08T05:51:00","guid":{"rendered":"https:\/\/euapp01.newsmemory.com\/lamarseillaise\/news\/?p=35680"},"modified":"2026-07-08T10:02:56","modified_gmt":"2026-07-08T08:02:56","slug":"hausse-du-tarif-de-leau-les-citoyens-nont-pas-a-payer-les-erreurs-du-passe","status":"publish","type":"post","link":"https:\/\/euapp01.newsmemory.com\/lamarseillaise\/news\/2026\/07\/08\/hausse-du-tarif-de-leau-les-citoyens-nont-pas-a-payer-les-erreurs-du-passe\/","title":{"rendered":"Hausse du tarif de l\u2019eau&nbsp;: Les citoyens n\u2019ont pas \u00e0 payer \u00ab&nbsp;les erreurs du pass\u00e9&nbsp;\u00bb"},"content":{"rendered":"<div class=\"paragraph\">\n<p>En attendant de remettre en avant le d\u00e9bat sur un retour en r\u00e9gie publique de l\u2019eau, qui se posera avant la fin de la d\u00e9l\u00e9gation de service public en 2028, le collectif de l\u2019eau ne peut que s\u2019\u00e9mouvoir face \u00e0 la \u00ab\u00a0<i>situation catastrophique du budget de l\u2019eau au Grand Avignon et de l\u2019impossibilit\u00e9 de financer les investissements indispensables<\/i><i>\u00a0<\/i>\u00bb. L\u2019association r\u00e9agit, par communiqu\u00e9, \u00e0 <a rel=\"noopener noreferrer\" href=\"https:\/\/www.lamarseillaise.fr\/politique\/la-forte-augmentation-du-tarif-de-l-eau-suscite-des-remous-KF20434817\" target=\"_blank\">la brutale hausse de 20% en moyenne de la facture de l\u2019eau pour les usagers (nos \u00e9ditions du 27 et 30\u00a0juin)<\/a>.<\/p>\n<p>Une d\u00e9cision valid\u00e9e la semaine derni\u00e8re en conseil communautaire, au cours d\u2019une s\u00e9ance \u00e0 laquelle a assist\u00e9 le collectif de l\u2019eau. \u00ab\u00a0<i>Nous regrettons comme certains \u00e9lus que ce soient les citoyens qui doivent payer cash, et cher, les erreurs du pass\u00e9 de certains qui sont toujours aux manettes de la politique de l\u2019eau<\/i><i>\u00a0<\/i>\u00bb, d\u00e9plore l\u2019association, visant sans le citer Patrick Sandevoir, vice-pr\u00e9sident d\u00e9l\u00e9gu\u00e9 \u00e0 l\u2019eau et l\u2019assainissement. Alors que dans l\u2019opposition, Mathilde Louvain (LFI), et aussi au sein de l\u2019ex\u00e9cutif, Jacques Demanse (PCF), ont appel\u00e9 \u00e0 travailler avec le collectif, \u00ab\u00a0<i>contrairement \u00e0 ce qui a \u00e9t\u00e9 dit par M. Sandevoir, le collectif de l\u2019eau n\u2019a jamais \u00e9t\u00e9 entendu sur ces questions et le pr\u00e9c\u00e9dent pr\u00e9sident a toujours refus\u00e9 de nous recevoir<\/i><i>\u00a0<\/i>\u00bb. Les seules rencontres ayant eu lieu dans le cadre de commissions obligatoires avec les d\u00e9l\u00e9gataires Suez et Veolia.<\/p>\n<p>\u00ab<i>\u00a0<\/i><i>La question sociale que nous avons soulev\u00e9e dans notre lettre ouverte n\u2019a pas re\u00e7u de r\u00e9ponse<\/i>\u00a0\u00bb, regrette le collectif qui souhaite une meilleure information aupr\u00e8s des usagers autre que par la seule presse, comme l\u2019a indiqu\u00e9 Olivier Galzi, pr\u00e9sident (DVD) du Grand Avignon.<\/p>\n<\/p><\/div>\n","protected":false},"excerpt":{"rendered":"En attendant de remettre en avant le d&eacute;bat sur un retour en r&eacute;gie publique de l&rsquo;eau, qui se posera avant la fin de la d&eacute;l&eacute;gation de service public en 2028, le collectif de l&rsquo;eau ne peut que &#8230;","protected":false},"author":1,"featured_media":35681,"comment_status":"open","ping_status":"open","sticky":false,"template":"","format":"standard","meta":{"footnotes":""},"categories":[20],"tags":[495,174,511,309,1110,171],"news-destination":[],"news-source":[475],"is_homepage":[],"ta_other":[],"class_list":["post-35680","post","type-post","status-publish","format-standard","has-post-thumbnail","hentry","category-societe","tag-495","tag-avignon","tag-citoyens","tag-eau","tag-tarifs","tag-vaucluse","news-source-website"],"_links":{"self":[{"href":"https:\/\/euapp01.newsmemory.com\/lamarseillaise\/news\/wp-json\/wp\/v2\/posts\/35680","targetHints":{"allow":["GET"]}}],"collection":[{"href":"https:\/\/euapp01.newsmemory.com\/lamarseillaise\/news\/wp-json\/wp\/v2\/posts"}],"about":[{"href":"https:\/\/euapp01.newsmemory.com\/lamarseillaise\/news\/wp-json\/wp\/v2\/types\/post"}],"author":[{"embeddable":true,"href":"https:\/\/euapp01.newsmemory.com\/lamarseillaise\/news\/wp-json\/wp\/v2\/users\/1"}],"replies":[{"embeddable":true,"href":"https:\/\/euapp01.newsmemory.com\/lamarseillaise\/news\/wp-json\/wp\/v2\/comments?post=35680"}],"version-history":[{"count":1,"href":"https:\/\/euapp01.newsmemory.com\/lamarseillaise\/news\/wp-json\/wp\/v2\/posts\/35680\/revisions"}],"predecessor-version":[{"id":35682,"href":"https:\/\/euapp01.newsmemory.com\/lamarseillaise\/news\/wp-json\/wp\/v2\/posts\/35680\/revisions\/35682"}],"wp:featuredmedia":[{"embeddable":true,"href":"https:\/\/euapp01.newsmemory.com\/lamarseillaise\/news\/wp-json\/wp\/v2\/media\/35681"}],"wp:attachment":[{"href":"https:\/\/euapp01.newsmemory.com\/lamarseillaise\/news\/wp-json\/wp\/v2\/media?parent=35680"}],"wp:term":[{"taxonomy":"category","embeddable":true,"href":"https:\/\/euapp01.newsmemory.com\/lamarseillaise\/news\/wp-json\/wp\/v2\/categories?post=35680"},{"taxonomy":"post_tag","embeddable":true,"href":"https:\/\/euapp01.newsmemory.com\/lamarseillaise\/news\/wp-json\/wp\/v2\/tags?post=35680"},{"taxonomy":"news-destination","embeddable":true,"href":"https:\/\/euapp01.newsmemory.com\/lamarseillaise\/news\/wp-json\/wp\/v2\/news-destination?post=35680"},{"taxonomy":"news-source","embeddable":true,"href":"https:\/\/euapp01.newsmemory.com\/lamarseillaise\/news\/wp-json\/wp\/v2\/news-source?post=35680"},{"taxonomy":"is_homepage","embeddable":true,"href":"https:\/\/euapp01.newsmemory.com\/lamarseillaise\/news\/wp-json\/wp\/v2\/is_homepage?post=35680"},{"taxonomy":"ta_other","embeddable":true,"href":"https:\/\/euapp01.newsmemory.com\/lamarseillaise\/news\/wp-json\/wp\/v2\/ta_other?post=35680"}],"curies":[{"name":"wp","href":"https:\/\/api.w.org\/{rel}","templated":true}]}}