{"id":35677,"date":"2026-07-08T08:00:00","date_gmt":"2026-07-08T06:00:00","guid":{"rendered":"https:\/\/euapp01.newsmemory.com\/lamarseillaise\/news\/?p=35677"},"modified":"2026-07-08T10:02:56","modified_gmt":"2026-07-08T08:02:56","slug":"une-medaille-remise-au-general-arnaud-browaeys","status":"publish","type":"post","link":"https:\/\/euapp01.newsmemory.com\/lamarseillaise\/news\/2026\/07\/08\/une-medaille-remise-au-general-arnaud-browaeys\/","title":{"rendered":"Une m\u00e9daille remise au g\u00e9n\u00e9ral Arnaud Browaeys"},"content":{"rendered":"<div class=\"paragraph\">\n<p>\u00ab <i>I<\/i><i>l est des parcours qui imposent naturellement le respect, parce qu\u2019ils t\u00e9moignent de fid\u00e9lit\u00e9 sans faille \u00e0 une vocation<\/i>\u00a0\u00bb<i>,<\/i> posait, en d\u00e9but de c\u00e9r\u00e9monie Sophie Joissains, maire d\u2019Aix-en-Provence. Le premier magistrat de la ville remet, ce mardi, la m\u00e9daille de la Ville pour acte de bravoure au G\u00e9n\u00e9ral Arnaud Browaeys, gendarme c\u00e9l\u00e9br\u00e9 pour \u00ab\u00a0<i>une carri\u00e8re exceptionnelle<\/i>\u00a0\u00bb et les<i> <\/i>\u00ab<i>\u00a0<\/i><i>valeurs que vous incarnez depuis plus de 35<\/i><i>\u00a0<\/i><i>ans sous l\u2019uniforme de la gendarmerie.<\/i>\u00a0\u00bb D\u2019ici quelques jours, Arnaud Browaeys quittera le service actif pour rejoindre la deuxi\u00e8me section des officiers g\u00e9n\u00e9raux, en r\u00e9gion parisienne. Le maire, a longuement \u00e9gren\u00e9 le parcours du g\u00e9n\u00e9ral. Apr\u00e8s plusieurs postes de commandement sur le terrain, notamment \u00e0 Bron, dans le Haut-Rhin, \u00e0 Aubagne et en Moselle, il s\u2019est impos\u00e9 comme<i> <\/i>\u00ab<i>\u00a0<\/i><i>un sp\u00e9cialiste de l\u2019organisation et des ressources humaines<\/i><i>\u00a0<\/i>\u00bb au sein de la gendarmerie et du minist\u00e8re de la D\u00e9fense. \u00ab\u00a0<i>Depuis f\u00e9vrier<\/i><i>\u00a0<\/i><i>2021, vous commandez la r\u00e9gion de gendarmerie Paca, ainsi que la gendarmerie pour la zone de d\u00e9fense et de s\u00e9curit\u00e9 sud,<\/i> poursuit Sophie Joissains. (Soit)<i> <\/i><i>pr\u00e8s de 16<\/i><i>\u00a0<\/i><i>000 militaires actifs, des milliers de r\u00e9servistes et de personnels civils, des enjeux de s\u00e9curit\u00e9 parmi lesquels les plus compliqu\u00e9s de notre pays (&#8230;) une pression op\u00e9rationnelle constante.<\/i><i>\u00a0<\/i>\u00bb Le gendarme rappelle avoir \u00ab\u00a0o<i>ccup\u00e9 un certain nombre de postes dits satellites<\/i>\u00a0\u00bb, dont trois ans d\u2019ambassade. \u00ab\u00a0<i>Au quotidien, les gendarmes de la compagnie d\u2019Aix, du groupement de la section de recherche ont travaill\u00e9 au service de la population d\u2019Aix en traquant les d\u00e9linquants, la criminalit\u00e9 organis\u00e9e, les diff\u00e9rents trafics<\/i>, a tenu \u00e0 rappeler Arnaud Browaeys.<i> On est l\u00e0 pour veiller \u00e0 ce que les ph\u00e9nom\u00e8nes que je viens de citer ne viennent gangrener les espaces aujourd\u2019hui pr\u00e9serv\u00e9s<\/i><i>\u00a0<\/i>\u00bb.<\/p>\n<\/p><\/div>\n","protected":false},"excerpt":{"rendered":"&laquo; Il est des parcours qui imposent naturellement le respect, parce qu&rsquo;ils t&eacute;moignent de fid&eacute;lit&eacute; sans faille &agrave; une vocation&nbsp;&raquo;, posait, en d&eacute;but de c&eacute;r&eacute;monie Sophie Joissains, &#8230;","protected":false},"author":1,"featured_media":35678,"comment_status":"open","ping_status":"open","sticky":false,"template":"","format":"standard","meta":{"footnotes":""},"categories":[20],"tags":[556,10,2237,389,2582,3006,1658],"news-destination":[],"news-source":[475],"is_homepage":[],"ta_other":[],"class_list":["post-35677","post","type-post","status-publish","format-standard","has-post-thumbnail","hentry","category-societe","tag-aix-en-provence","tag-bouches-du-rhone","tag-gendarmes","tag-hommage","tag-medailles","tag-recompense","tag-sophie-joissains","news-source-website"],"_links":{"self":[{"href":"https:\/\/euapp01.newsmemory.com\/lamarseillaise\/news\/wp-json\/wp\/v2\/posts\/35677","targetHints":{"allow":["GET"]}}],"collection":[{"href":"https:\/\/euapp01.newsmemory.com\/lamarseillaise\/news\/wp-json\/wp\/v2\/posts"}],"about":[{"href":"https:\/\/euapp01.newsmemory.com\/lamarseillaise\/news\/wp-json\/wp\/v2\/types\/post"}],"author":[{"embeddable":true,"href":"https:\/\/euapp01.newsmemory.com\/lamarseillaise\/news\/wp-json\/wp\/v2\/users\/1"}],"replies":[{"embeddable":true,"href":"https:\/\/euapp01.newsmemory.com\/lamarseillaise\/news\/wp-json\/wp\/v2\/comments?post=35677"}],"version-history":[{"count":1,"href":"https:\/\/euapp01.newsmemory.com\/lamarseillaise\/news\/wp-json\/wp\/v2\/posts\/35677\/revisions"}],"predecessor-version":[{"id":35679,"href":"https:\/\/euapp01.newsmemory.com\/lamarseillaise\/news\/wp-json\/wp\/v2\/posts\/35677\/revisions\/35679"}],"wp:featuredmedia":[{"embeddable":true,"href":"https:\/\/euapp01.newsmemory.com\/lamarseillaise\/news\/wp-json\/wp\/v2\/media\/35678"}],"wp:attachment":[{"href":"https:\/\/euapp01.newsmemory.com\/lamarseillaise\/news\/wp-json\/wp\/v2\/media?parent=35677"}],"wp:term":[{"taxonomy":"category","embeddable":true,"href":"https:\/\/euapp01.newsmemory.com\/lamarseillaise\/news\/wp-json\/wp\/v2\/categories?post=35677"},{"taxonomy":"post_tag","embeddable":true,"href":"https:\/\/euapp01.newsmemory.com\/lamarseillaise\/news\/wp-json\/wp\/v2\/tags?post=35677"},{"taxonomy":"news-destination","embeddable":true,"href":"https:\/\/euapp01.newsmemory.com\/lamarseillaise\/news\/wp-json\/wp\/v2\/news-destination?post=35677"},{"taxonomy":"news-source","embeddable":true,"href":"https:\/\/euapp01.newsmemory.com\/lamarseillaise\/news\/wp-json\/wp\/v2\/news-source?post=35677"},{"taxonomy":"is_homepage","embeddable":true,"href":"https:\/\/euapp01.newsmemory.com\/lamarseillaise\/news\/wp-json\/wp\/v2\/is_homepage?post=35677"},{"taxonomy":"ta_other","embeddable":true,"href":"https:\/\/euapp01.newsmemory.com\/lamarseillaise\/news\/wp-json\/wp\/v2\/ta_other?post=35677"}],"curies":[{"name":"wp","href":"https:\/\/api.w.org\/{rel}","templated":true}]}}