{"id":35674,"date":"2026-07-08T08:01:00","date_gmt":"2026-07-08T06:01:00","guid":{"rendered":"https:\/\/euapp01.newsmemory.com\/lamarseillaise\/news\/?p=35674"},"modified":"2026-07-08T10:02:56","modified_gmt":"2026-07-08T08:02:56","slug":"grand-avignon-douze-associations-solidaires-primees","status":"publish","type":"post","link":"https:\/\/euapp01.newsmemory.com\/lamarseillaise\/news\/2026\/07\/08\/grand-avignon-douze-associations-solidaires-primees\/","title":{"rendered":"Grand Avignon : douze associations solidaires prim\u00e9es"},"content":{"rendered":"<div class=\"paragraph\">\n<p>Un dispositif port\u00e9 par la fondation Vinci qui a remis un ch\u00e8que global de 91\u00a0600\u00a0euros pour des projets \u00e0 destinations des quartiers prioritaires de la ville (QPV). Le partenariat engag\u00e9 par la fondation est double\u00a0: soutien financier et soutien humain, avec la mobilisation de 19\u00a0parrains salari\u00e9s des entreprises locales de Vinci. Les associations \u0153uvrent notamment pour l\u2019acc\u00e8s des habitants des QPV \u00e0 une alimentation saine, \u00e0 la formation, au travail, \u00e0 l\u2019exercice de leurs droits, \u00e0 la cr\u00e9ation artistique ou encore \u00e0 renforcer le lien social et am\u00e9liorer l\u2019environnement dans ces quartiers.<\/p>\n<\/p><\/div>\n","protected":false},"excerpt":{"rendered":"Un dispositif port&eacute; par la fondation Vinci qui a remis un ch&egrave;que global de 91&nbsp;600&nbsp;euros pour des projets &agrave; destinations des quartiers prioritaires de la ville (QPV). Le partenariat engag&eacute; par la fondation est &#8230;","protected":false},"author":1,"featured_media":35675,"comment_status":"open","ping_status":"open","sticky":false,"template":"","format":"standard","meta":{"footnotes":""},"categories":[20],"tags":[1059,138,2346,1122,4398,1553,1095,461,1492,260,393,171],"news-destination":[],"news-source":[475],"is_homepage":[],"ta_other":[],"class_list":["post-35674","post","type-post","status-publish","format-standard","has-post-thumbnail","hentry","category-societe","tag-arts","tag-associations","tag-ceremonie","tag-creation","tag-lien","tag-lien-social","tag-partenariat","tag-prix","tag-solidaires","tag-solidarite","tag-soutien","tag-vaucluse","news-source-website"],"_links":{"self":[{"href":"https:\/\/euapp01.newsmemory.com\/lamarseillaise\/news\/wp-json\/wp\/v2\/posts\/35674","targetHints":{"allow":["GET"]}}],"collection":[{"href":"https:\/\/euapp01.newsmemory.com\/lamarseillaise\/news\/wp-json\/wp\/v2\/posts"}],"about":[{"href":"https:\/\/euapp01.newsmemory.com\/lamarseillaise\/news\/wp-json\/wp\/v2\/types\/post"}],"author":[{"embeddable":true,"href":"https:\/\/euapp01.newsmemory.com\/lamarseillaise\/news\/wp-json\/wp\/v2\/users\/1"}],"replies":[{"embeddable":true,"href":"https:\/\/euapp01.newsmemory.com\/lamarseillaise\/news\/wp-json\/wp\/v2\/comments?post=35674"}],"version-history":[{"count":1,"href":"https:\/\/euapp01.newsmemory.com\/lamarseillaise\/news\/wp-json\/wp\/v2\/posts\/35674\/revisions"}],"predecessor-version":[{"id":35676,"href":"https:\/\/euapp01.newsmemory.com\/lamarseillaise\/news\/wp-json\/wp\/v2\/posts\/35674\/revisions\/35676"}],"wp:featuredmedia":[{"embeddable":true,"href":"https:\/\/euapp01.newsmemory.com\/lamarseillaise\/news\/wp-json\/wp\/v2\/media\/35675"}],"wp:attachment":[{"href":"https:\/\/euapp01.newsmemory.com\/lamarseillaise\/news\/wp-json\/wp\/v2\/media?parent=35674"}],"wp:term":[{"taxonomy":"category","embeddable":true,"href":"https:\/\/euapp01.newsmemory.com\/lamarseillaise\/news\/wp-json\/wp\/v2\/categories?post=35674"},{"taxonomy":"post_tag","embeddable":true,"href":"https:\/\/euapp01.newsmemory.com\/lamarseillaise\/news\/wp-json\/wp\/v2\/tags?post=35674"},{"taxonomy":"news-destination","embeddable":true,"href":"https:\/\/euapp01.newsmemory.com\/lamarseillaise\/news\/wp-json\/wp\/v2\/news-destination?post=35674"},{"taxonomy":"news-source","embeddable":true,"href":"https:\/\/euapp01.newsmemory.com\/lamarseillaise\/news\/wp-json\/wp\/v2\/news-source?post=35674"},{"taxonomy":"is_homepage","embeddable":true,"href":"https:\/\/euapp01.newsmemory.com\/lamarseillaise\/news\/wp-json\/wp\/v2\/is_homepage?post=35674"},{"taxonomy":"ta_other","embeddable":true,"href":"https:\/\/euapp01.newsmemory.com\/lamarseillaise\/news\/wp-json\/wp\/v2\/ta_other?post=35674"}],"curies":[{"name":"wp","href":"https:\/\/api.w.org\/{rel}","templated":true}]}}