{"id":35665,"date":"2026-07-08T08:03:00","date_gmt":"2026-07-08T06:03:00","guid":{"rendered":"https:\/\/euapp01.newsmemory.com\/lamarseillaise\/news\/?p=35665"},"modified":"2026-07-13T08:06:34","modified_gmt":"2026-07-13T06:06:34","slug":"agression-au-centre-social-la-mairie-de-gap-apporte-son-soutien-au-personnel","status":"publish","type":"post","link":"https:\/\/euapp01.newsmemory.com\/lamarseillaise\/news\/2026\/07\/08\/agression-au-centre-social-la-mairie-de-gap-apporte-son-soutien-au-personnel\/","title":{"rendered":"Agression au centre social&nbsp;: la mairie de Gap apporte son soutien au personnel"},"content":{"rendered":"<div class=\"paragraph\">\n<p>Pour l\u2019heure, le centre social les pl\u00e9iades, dans le Haut-Gap, est ferm\u00e9, la quasi-totalit\u00e9 de son personnel est en arr\u00eat de travail, suite \u00e0 une agression contre l\u2019\u00e9quipe du centre survenue mi-juin. Les faits se sont d\u00e9roul\u00e9s un lundi apr\u00e8s-midi, alors que le centre \u00e9tait ferm\u00e9. Un des deux agresseurs serait venu \u00e0 l\u2019entr\u00e9e du centre, \u00ab<i>\u00a0<\/i><i>manifestant une forte hostilit\u00e9<\/i>\u00a0\u00bb<i>,<\/i> et \u00ab<i>\u00a0<\/i><i>assenant de grands coups de pied dans la porte.<\/i>\u00a0\u00bb Une personne du centre lui aurait alors ouvert, l\u2019individu serait revenu \u00e0 plusieurs reprises sur les lieux, prof\u00e9rant des insultes et menaces de mort \u00e0 l\u2019adresse du personnel. Le deuxi\u00e8me individu, rest\u00e9 dehors, aurait lui \u00ab\u00a0<i>prof\u00e9r\u00e9 des menaces de mort \u00e0 caract\u00e8re raciste visant explicitement les personnes blanches.<\/i>\u00a0\u00bb<i><\/i><\/p>\n<p><i><\/i><\/p>\n<\/p><\/div>\n<div class=\"intext\"> \u00ab\u00a0Pas de couteau\u00a0\u00bb\n              <\/div>\n<div class=\"paragraph\">\n<p>Contrairement au r\u00e9cit de certains habitants du quartier rapport\u00e9 par le Dauphin\u00e9 Lib\u00e9r\u00e9, la mairie affirme qu\u2019un seul individu s\u2019est introduit dans les locaux, qu\u2019il \u00ab<i>\u00a0<\/i><i>n\u2019\u00e9tait pas arm\u00e9 d\u2019un couteau et il n\u2019y a pas eu de menace de br\u00fbler le centre social<\/i><i>\u00a0<\/i>\u00bb.<\/p>\n<p>Pour l\u2019heure, les agents du centre sont en arr\u00eat de travail, l\u2019un d\u2019eux a fait valoir son droit de retrait, rendant de facto le centre social Les Pl\u00e9iades ferm\u00e9 pour une dur\u00e9e ind\u00e9termin\u00e9e. La Ville condamne \u00ab<i>\u00a0<\/i><i>avec la plus grande fermet\u00e9 ces agissements inacceptables<\/i><i>\u00a0<\/i>\u00bb, et fait savoir qu\u2019elle apporte son \u00ab\u00a0<i>son plein et entier soutien \u00e0 tous ses agents, profond\u00e9ment et l\u00e9gitimement affect\u00e9s par ces faits<\/i><i>\u00a0<\/i>\u00bb.<\/p>\n<\/p><\/div>\n","protected":false},"excerpt":{"rendered":"Pour l&rsquo;heure, le centre social les pl&eacute;iades, dans le Haut-Gap, est ferm&eacute;, la quasi-totalit&eacute; de son personnel est en arr&ecirc;t de travail, suite &agrave; une agression contre l&rsquo;&eacute;quipe du centre survenue &#8230;","protected":false},"author":1,"featured_media":35666,"comment_status":"open","ping_status":"open","sticky":false,"template":"","format":"standard","meta":{"footnotes":""},"categories":[3926,3925,20],"tags":[1118,4768,501,442,521,393,720,272],"news-destination":[3944],"news-source":[475],"is_homepage":[],"ta_other":[],"class_list":["post-35665","post","type-post","status-publish","format-standard","has-post-thumbnail","hentry","category-accueil-merge","category-accueil-third","category-societe","tag-agression","tag-alpes","tag-centre-social","tag-mairie","tag-personnel","tag-soutien","tag-ville","tag-violences","news-destination-homepage","news-source-website"],"_links":{"self":[{"href":"https:\/\/euapp01.newsmemory.com\/lamarseillaise\/news\/wp-json\/wp\/v2\/posts\/35665","targetHints":{"allow":["GET"]}}],"collection":[{"href":"https:\/\/euapp01.newsmemory.com\/lamarseillaise\/news\/wp-json\/wp\/v2\/posts"}],"about":[{"href":"https:\/\/euapp01.newsmemory.com\/lamarseillaise\/news\/wp-json\/wp\/v2\/types\/post"}],"author":[{"embeddable":true,"href":"https:\/\/euapp01.newsmemory.com\/lamarseillaise\/news\/wp-json\/wp\/v2\/users\/1"}],"replies":[{"embeddable":true,"href":"https:\/\/euapp01.newsmemory.com\/lamarseillaise\/news\/wp-json\/wp\/v2\/comments?post=35665"}],"version-history":[{"count":1,"href":"https:\/\/euapp01.newsmemory.com\/lamarseillaise\/news\/wp-json\/wp\/v2\/posts\/35665\/revisions"}],"predecessor-version":[{"id":35667,"href":"https:\/\/euapp01.newsmemory.com\/lamarseillaise\/news\/wp-json\/wp\/v2\/posts\/35665\/revisions\/35667"}],"wp:featuredmedia":[{"embeddable":true,"href":"https:\/\/euapp01.newsmemory.com\/lamarseillaise\/news\/wp-json\/wp\/v2\/media\/35666"}],"wp:attachment":[{"href":"https:\/\/euapp01.newsmemory.com\/lamarseillaise\/news\/wp-json\/wp\/v2\/media?parent=35665"}],"wp:term":[{"taxonomy":"category","embeddable":true,"href":"https:\/\/euapp01.newsmemory.com\/lamarseillaise\/news\/wp-json\/wp\/v2\/categories?post=35665"},{"taxonomy":"post_tag","embeddable":true,"href":"https:\/\/euapp01.newsmemory.com\/lamarseillaise\/news\/wp-json\/wp\/v2\/tags?post=35665"},{"taxonomy":"news-destination","embeddable":true,"href":"https:\/\/euapp01.newsmemory.com\/lamarseillaise\/news\/wp-json\/wp\/v2\/news-destination?post=35665"},{"taxonomy":"news-source","embeddable":true,"href":"https:\/\/euapp01.newsmemory.com\/lamarseillaise\/news\/wp-json\/wp\/v2\/news-source?post=35665"},{"taxonomy":"is_homepage","embeddable":true,"href":"https:\/\/euapp01.newsmemory.com\/lamarseillaise\/news\/wp-json\/wp\/v2\/is_homepage?post=35665"},{"taxonomy":"ta_other","embeddable":true,"href":"https:\/\/euapp01.newsmemory.com\/lamarseillaise\/news\/wp-json\/wp\/v2\/ta_other?post=35665"}],"curies":[{"name":"wp","href":"https:\/\/api.w.org\/{rel}","templated":true}]}}