{"id":35659,"date":"2026-07-08T07:29:00","date_gmt":"2026-07-08T05:29:00","guid":{"rendered":"https:\/\/euapp01.newsmemory.com\/lamarseillaise\/news\/?p=35659"},"modified":"2026-07-13T07:37:59","modified_gmt":"2026-07-13T05:37:59","slug":"en-vaucluse-plusieurs-massifs-interdits-dacces","status":"publish","type":"post","link":"https:\/\/euapp01.newsmemory.com\/lamarseillaise\/news\/2026\/07\/08\/en-vaucluse-plusieurs-massifs-interdits-dacces\/","title":{"rendered":"En Vaucluse, plusieurs massifs interdits d\u2019acc\u00e8s"},"content":{"rendered":"<div class=\"paragraph\">\n<p>Le cocktail canicule et vent met en alerte consid\u00e9rable face au risque incendie, le Vaucluse \u00e9tant l\u2019un des 7\u00a0d\u00e9partements class\u00e9s rouge ce mercredi, avec danger feux \u00ab\u00a0tr\u00e8s \u00e9lev\u00e9\u00a0\u00bb. Il faut dire aussi que la pluie n\u2019est pas tomb\u00e9e depuis un moment\u00a0: cons\u00e9quence, le pr\u00e9fet de Vaucluse a plac\u00e9 le d\u00e9partement en vigilance s\u00e9cheresse (lire aussi page\u00a015) depuis ce mardi.<\/p>\n<p>Dans la m\u00eame veine, la pr\u00e9fecture a annonc\u00e9, ce mardi en fin de journ\u00e9e, l\u2019interdiction d\u2019acc\u00e8s \u00e0 12 des 15\u00a0massifs vauclusiens pour ce mercredi. \u00ab<i>\u00a0<\/i><i>Il est rappel\u00e9 \u00e0 chacun qu\u2019en toutes circonstances, la prudence est de mise \u00e0 l\u2019int\u00e9rieur des massifs forestiers pour lesquels l\u2019acc\u00e8s reste autoris\u00e9<\/i><i>\u00a0<\/i><i>\u00bb<\/i>, pr\u00e9cise la pr\u00e9fecture, insistant sur le respect \u00ab\u00a0<i>scrupuleux<\/i>\u00a0\u00bb des r\u00e8gles comme l\u2019interdiction de fumer et d\u2019allumer du feu.<\/p>\n<p>Une d\u00e9cision qui intervient alors que ce mardi, le pr\u00e9fet Thierry Suquet et Christophe Paichoux, directeur d\u00e9partemental du Service d\u00e9partemental d\u2019incendie et de secours (Sdis) de Vaucluse, ont sign\u00e9, \u00e0 la caserne d\u2019Entraigues, <a rel=\"nofollow noopener noreferrer\" href=\"https:\/\/\/lamarseillaise\/news\/wp-content\/uploads\/sites\/2\/2026\/07\/sdacr_complet.460e93d458feee3d469d5588618439d4.pdf\" target=\"_blank\">le nouveau sch\u00e9ma d\u00e9partemental d\u2019analyse et de couverture des risques 2026-2031. Un document<\/a> strat\u00e9gique de 200\u00a0pages, qui dresse une feuille de route \u00ab\u00a0<i>qui permet d\u2019adapter l\u2019organisation des secours aux r\u00e9alit\u00e9s du territoire, \u00e0 l\u2019\u00e9volution des risques et aux besoins de la population<\/i>\u00a0\u00bb, note le Sdis. Ce document pr\u00e9voit 14\u00a0orientations strat\u00e9giques, bien au-del\u00e0 bien s\u00fbr du risque incendie.<\/p>\n<p>Alors que l<a rel=\"noopener noreferrer\" href=\"https:\/\/www.lamarseillaise.fr\/environnement\/pleins-feux-sur-les-dispositifs-contre-les-feux-de-forets-FG20406267\" target=\"_blank\">es pompiers vauclusiens r\u00e9alisent en moyenne 144\u00a0interventions par jour<\/a>, un mat\u00e9riel fiable et moderne est n\u00e9cessaire. Dans ce cadre, les pompiers ont renouvel\u00e9 une partie de leur parc v\u00e9hicule. Il y a une semaine, 10\u00a0nouveaux engins ont \u00e9t\u00e9 pr\u00e9sent\u00e9s, dont une \u00e9chelle pivotante combin\u00e9e 33\u00a0m\u00e8tres destin\u00e9e au centre d\u2019incendie et de secours d\u2019Orange. Elle est \u00ab\u00a0<i>plus compacte que les anciennes g\u00e9n\u00e9rations facilitant ainsi les man\u0153uvres dans les rues \u00e9troites<\/i>\u00a0\u00bb, souligne le Sdis. Les casernes de Beaumes-de-Venise et Robion ont r\u00e9cup\u00e9r\u00e9 chacune un camion-citerne. Les centres du Thor, Avignon, Boll\u00e8ne, Cavaillon, Carpentras, Sorgues et Valr\u00e9as ont aussi r\u00e9cup\u00e9r\u00e9 de nouveaux v\u00e9hicules.<\/p>\n<\/p><\/div>\n","protected":false},"excerpt":{"rendered":"Le cocktail canicule et vent met en alerte consid&eacute;rable face au risque incendie, le Vaucluse &eacute;tant l&rsquo;un des 7&nbsp;d&eacute;partements class&eacute;s rouge ce mercredi, avec danger feux &laquo;&nbsp;tr&egrave;s &#8230;","protected":false},"author":1,"featured_media":35660,"comment_status":"open","ping_status":"open","sticky":false,"template":"","format":"standard","meta":{"footnotes":""},"categories":[3926,3925,20],"tags":[495,174,319,1396,2500,320,431,171],"news-destination":[3944],"news-source":[475],"is_homepage":[],"ta_other":[],"class_list":["post-35659","post","type-post","status-publish","format-standard","has-post-thumbnail","hentry","category-accueil-merge","category-accueil-third","category-societe","tag-495","tag-avignon","tag-incendie","tag-incendies","tag-massifs","tag-pompiers","tag-prevention","tag-vaucluse","news-destination-homepage","news-source-website"],"_links":{"self":[{"href":"https:\/\/euapp01.newsmemory.com\/lamarseillaise\/news\/wp-json\/wp\/v2\/posts\/35659","targetHints":{"allow":["GET"]}}],"collection":[{"href":"https:\/\/euapp01.newsmemory.com\/lamarseillaise\/news\/wp-json\/wp\/v2\/posts"}],"about":[{"href":"https:\/\/euapp01.newsmemory.com\/lamarseillaise\/news\/wp-json\/wp\/v2\/types\/post"}],"author":[{"embeddable":true,"href":"https:\/\/euapp01.newsmemory.com\/lamarseillaise\/news\/wp-json\/wp\/v2\/users\/1"}],"replies":[{"embeddable":true,"href":"https:\/\/euapp01.newsmemory.com\/lamarseillaise\/news\/wp-json\/wp\/v2\/comments?post=35659"}],"version-history":[{"count":1,"href":"https:\/\/euapp01.newsmemory.com\/lamarseillaise\/news\/wp-json\/wp\/v2\/posts\/35659\/revisions"}],"predecessor-version":[{"id":35661,"href":"https:\/\/euapp01.newsmemory.com\/lamarseillaise\/news\/wp-json\/wp\/v2\/posts\/35659\/revisions\/35661"}],"wp:featuredmedia":[{"embeddable":true,"href":"https:\/\/euapp01.newsmemory.com\/lamarseillaise\/news\/wp-json\/wp\/v2\/media\/35660"}],"wp:attachment":[{"href":"https:\/\/euapp01.newsmemory.com\/lamarseillaise\/news\/wp-json\/wp\/v2\/media?parent=35659"}],"wp:term":[{"taxonomy":"category","embeddable":true,"href":"https:\/\/euapp01.newsmemory.com\/lamarseillaise\/news\/wp-json\/wp\/v2\/categories?post=35659"},{"taxonomy":"post_tag","embeddable":true,"href":"https:\/\/euapp01.newsmemory.com\/lamarseillaise\/news\/wp-json\/wp\/v2\/tags?post=35659"},{"taxonomy":"news-destination","embeddable":true,"href":"https:\/\/euapp01.newsmemory.com\/lamarseillaise\/news\/wp-json\/wp\/v2\/news-destination?post=35659"},{"taxonomy":"news-source","embeddable":true,"href":"https:\/\/euapp01.newsmemory.com\/lamarseillaise\/news\/wp-json\/wp\/v2\/news-source?post=35659"},{"taxonomy":"is_homepage","embeddable":true,"href":"https:\/\/euapp01.newsmemory.com\/lamarseillaise\/news\/wp-json\/wp\/v2\/is_homepage?post=35659"},{"taxonomy":"ta_other","embeddable":true,"href":"https:\/\/euapp01.newsmemory.com\/lamarseillaise\/news\/wp-json\/wp\/v2\/ta_other?post=35659"}],"curies":[{"name":"wp","href":"https:\/\/api.w.org\/{rel}","templated":true}]}}