{"id":35655,"date":"2026-07-08T07:32:01","date_gmt":"2026-07-08T05:32:01","guid":{"rendered":"https:\/\/euapp01.newsmemory.com\/lamarseillaise\/news\/?p=35655"},"modified":"2026-07-13T07:37:59","modified_gmt":"2026-07-13T05:37:59","slug":"a-lestaque-une-exposition-pour-ne-pas-oublier-lincendie-du-8-juillet","status":"publish","type":"post","link":"https:\/\/euapp01.newsmemory.com\/lamarseillaise\/news\/2026\/07\/08\/a-lestaque-une-exposition-pour-ne-pas-oublier-lincendie-du-8-juillet\/","title":{"rendered":"\u00c0 L\u2019Estaque, une exposition pour ne pas oublier l\u2019incendie du 8&nbsp;juillet"},"content":{"rendered":"<div class=\"paragraph\">\n<p>Un petit tableau noir, peint \u00e0 partir des cendres de l\u2019incendie du 8\u00a0juillet, fait partie des \u0153uvres expos\u00e9es \u00e0 la Villa\u00a0Mistral dans le cadre du projet de l\u2019\u00c9cole du feu. Il a \u00e9t\u00e9 peint par Ludivine, cofondatrice de la D\u00e9viation &#8211; un collectif d\u2019artistes de l\u2019Estaque -, dont les habitations ont \u00e9t\u00e9 d\u00e9truites. \u00ab\u00a0D\u2019habitude elle fait des tableaux plus lumineux, mais l\u00e0 c\u2019\u00e9tait dur\u00a0\u00bb, souffle Marielle A., employ\u00e9e au Bureau du Guide.<\/p>\n<p>Agir pour se prot\u00e9ger<\/p>\n<p>L\u2019\u00c9cole du feu a \u00e9t\u00e9 mont\u00e9e par le Bureau du Guide suite \u00e0 un appel \u00e0 projets de la Fondation de France. Elle a mis en place une exposition, coorganis\u00e9e avec le collectif de l\u2019incendie du 8\u00a0juillet et la coop\u00e9rative de l\u2019H\u00f4tel du Nord, pour restituer ce qu\u2019ils ont appris sur le feu. \u00ab\u00a0<i>J\u2019ai appris que les pins sont des torches inflammables<\/i>\u00a0\u00bb, raconte Agn\u00e8s de la Colline, surnom donn\u00e9 par les habitants.<\/p>\n<p>Des \u00ab\u00a0pyros-balades\u00a0\u00bb ont \u00e9t\u00e9 organis\u00e9es pour mieux comprendre le territoire, ainsi que des rencontres avec des professionnels du feu. \u00ab\u00a0<i>On a perdu la culture de nos anciens sur le feu<\/i>\u00a0\u00bb, admet Agn\u00e8s de la colline. Agn\u00e8s L, ajoute\u00a0: \u00ab\u00a0<i>Avec l\u2019\u00c9cole du feu, on transmet de nouveau de la connaissance, et on peut agir<\/i><i>\u00a0<\/i>\u00bb.<\/p>\n<p>L\u2019exposition explore, \u00e9galement, des pistes pour prot\u00e9ger les habitants des feux\u00a0: \u00ab\u00a0<i>Il faut ramener de la biodiversit\u00e9 pour \u00e9viter que les pins et les cypr\u00e8s se r\u00e9pandent car ils favorisent le feu. On a eu le projet d\u2019une p\u00e9pini\u00e8re, aujourd\u2019hui elle r\u00e9unit 80<\/i><i>\u00a0<\/i><i>arbres<\/i>\u00a0\u00bb, conclut Agn\u00e8s L.<\/p>\n<p>L\u2019exposition gratuite se tiendra jusqu\u2019au samedi 11\u00a0juillet \u00e0 la Villa Mistral.<\/p>\n<\/p><\/div>\n","protected":false},"excerpt":{"rendered":"Un petit tableau noir, peint &agrave; partir des cendres de l&rsquo;incendie du 8&nbsp;juillet, fait partie des &oelig;uvres expos&eacute;es &agrave; la Villa&nbsp;Mistral dans le cadre du projet de l&rsquo;&Eacute;cole du feu. Il a &#8230;","protected":false},"author":1,"featured_media":35656,"comment_status":"open","ping_status":"open","sticky":false,"template":"","format":"standard","meta":{"footnotes":""},"categories":[3926,3925,20],"tags":[10,35,279,318,106,319,16],"news-destination":[3944],"news-source":[475],"is_homepage":[],"ta_other":[],"class_list":["post-35655","post","type-post","status-publish","format-standard","has-post-thumbnail","hentry","category-accueil-merge","category-accueil-third","category-societe","tag-bouches-du-rhone","tag-culture","tag-exposition","tag-feu","tag-habitants","tag-incendie","tag-marseille","news-destination-homepage","news-source-website"],"_links":{"self":[{"href":"https:\/\/euapp01.newsmemory.com\/lamarseillaise\/news\/wp-json\/wp\/v2\/posts\/35655","targetHints":{"allow":["GET"]}}],"collection":[{"href":"https:\/\/euapp01.newsmemory.com\/lamarseillaise\/news\/wp-json\/wp\/v2\/posts"}],"about":[{"href":"https:\/\/euapp01.newsmemory.com\/lamarseillaise\/news\/wp-json\/wp\/v2\/types\/post"}],"author":[{"embeddable":true,"href":"https:\/\/euapp01.newsmemory.com\/lamarseillaise\/news\/wp-json\/wp\/v2\/users\/1"}],"replies":[{"embeddable":true,"href":"https:\/\/euapp01.newsmemory.com\/lamarseillaise\/news\/wp-json\/wp\/v2\/comments?post=35655"}],"version-history":[{"count":3,"href":"https:\/\/euapp01.newsmemory.com\/lamarseillaise\/news\/wp-json\/wp\/v2\/posts\/35655\/revisions"}],"predecessor-version":[{"id":36155,"href":"https:\/\/euapp01.newsmemory.com\/lamarseillaise\/news\/wp-json\/wp\/v2\/posts\/35655\/revisions\/36155"}],"wp:featuredmedia":[{"embeddable":true,"href":"https:\/\/euapp01.newsmemory.com\/lamarseillaise\/news\/wp-json\/wp\/v2\/media\/35656"}],"wp:attachment":[{"href":"https:\/\/euapp01.newsmemory.com\/lamarseillaise\/news\/wp-json\/wp\/v2\/media?parent=35655"}],"wp:term":[{"taxonomy":"category","embeddable":true,"href":"https:\/\/euapp01.newsmemory.com\/lamarseillaise\/news\/wp-json\/wp\/v2\/categories?post=35655"},{"taxonomy":"post_tag","embeddable":true,"href":"https:\/\/euapp01.newsmemory.com\/lamarseillaise\/news\/wp-json\/wp\/v2\/tags?post=35655"},{"taxonomy":"news-destination","embeddable":true,"href":"https:\/\/euapp01.newsmemory.com\/lamarseillaise\/news\/wp-json\/wp\/v2\/news-destination?post=35655"},{"taxonomy":"news-source","embeddable":true,"href":"https:\/\/euapp01.newsmemory.com\/lamarseillaise\/news\/wp-json\/wp\/v2\/news-source?post=35655"},{"taxonomy":"is_homepage","embeddable":true,"href":"https:\/\/euapp01.newsmemory.com\/lamarseillaise\/news\/wp-json\/wp\/v2\/is_homepage?post=35655"},{"taxonomy":"ta_other","embeddable":true,"href":"https:\/\/euapp01.newsmemory.com\/lamarseillaise\/news\/wp-json\/wp\/v2\/ta_other?post=35655"}],"curies":[{"name":"wp","href":"https:\/\/api.w.org\/{rel}","templated":true}]}}