{"id":35652,"date":"2026-07-08T07:17:01","date_gmt":"2026-07-08T05:17:01","guid":{"rendered":"https:\/\/euapp01.newsmemory.com\/lamarseillaise\/news\/?p=35652"},"modified":"2026-07-12T18:04:45","modified_gmt":"2026-07-12T16:04:45","slug":"le-gendarme-du-nucleaire-livre-un-bilan-globalement-satisfaisant","status":"publish","type":"post","link":"https:\/\/euapp01.newsmemory.com\/lamarseillaise\/news\/2026\/07\/08\/le-gendarme-du-nucleaire-livre-un-bilan-globalement-satisfaisant\/","title":{"rendered":"Le gendarme du nucl\u00e9aire livre un bilan globalement satisfaisant"},"content":{"rendered":"<div class=\"paragraph\">\n<p>L\u2019antenne marseillaise de l\u2019Autorit\u00e9 de s\u00fbret\u00e9 nucl\u00e9aire et de radioprotection (ASNR) dressait mardi le bilan 2025 de ses contr\u00f4les en r\u00e9gion PACA, Occitanie et Corse. Elle couvre 22\u00a0installations nucl\u00e9aires de base dont 20 \u00e0 Cadarache, mais aussi de nombreux sites d\u2019activit\u00e9s nucl\u00e9aires dans le champ m\u00e9dical avec notamment 13\u00a0services de radioth\u00e9rapie externe, 16\u00a0services de m\u00e9decine nucl\u00e9aire, de radioth\u00e9rapie, 96\u00a0scanners, 8\u00a0200 appareils de radiologie m\u00e9dicale et dentaire. Elle surveille 400\u00a0\u00e9tablissements industriels et de recherche et 600\u00a0cliniques v\u00e9t\u00e9rinaires.<\/p>\n<p>En 2025, l\u2019ASNR a proc\u00e9d\u00e9 \u00e0 216\u00a0inspections dont 106\u00a0en s\u00fbret\u00e9 nucl\u00e9aire et 95\u00a0relevant du nucl\u00e9aire de proximit\u00e9. 6\u00a0incidents significatifs de niveau\u00a01 (mineur) sur l\u2019\u00e9chelle INES ont \u00e9t\u00e9 relev\u00e9s notamment des vols d\u2019appareils de mesure embarquant une source radioactive. On notera pour l\u2019aspect insolite, la d\u00e9couverte fortuite en octobre dernier de 163\u00a0sources radioactives scell\u00e9es dans un local d\u2019entreposage de d\u00e9chets contamin\u00e9s du service de m\u00e9decine nucl\u00e9aire de l\u2019h\u00f4pital de la Timone. Dans ce fatras radioactif qui n\u2019\u00e9tait pas r\u00e9f\u00e9renc\u00e9, on retient pour les plus redoutables 6\u00a0sources d\u2019am\u00e9ricium\u00a0241, 3\u00a0sources de c\u00e9sium\u00a0137 et 1\u00a0source de plutonium\u00a0239\u00a0!<\/p>\n<\/p><\/div>\n<div class=\"intext\"> Cadarache et ses sites et sols pollu\u00e9s\n              <\/div>\n<div class=\"paragraph\">\n<p>Le bilan est globalement \u00ab\u00a0<i>satisfaisant<\/i>\u00a0\u00bb. Pour ne prendre que le centre CEA de Cadarache, l\u2019ASNR consid\u00e8re que \u00ab<i>\u00a0<\/i><i>le niveau de s\u00fbret\u00e9 nucl\u00e9aire se maintient \u00e0 un niveau satisfaisant dans l\u2019ensemble<\/i>\u00a0\u00bb. \u00ab\u00a0<i>La strat\u00e9gie de gestion des d\u00e9mant\u00e8lements et des d\u00e9chets reste <\/i><i>\u201c<\/i><i>un sujet majeur de vigilance<\/i><i>\u201d<\/i><i>\u00a0<\/i>\u00bb. La d\u00e9couverte de d\u00e9fauts de g\u00e9nie civil sur l\u2019INB\u00a037-A a \u00e9galement mis en \u00e9vidence \u00ab\u00a0<i>la fragilit\u00e9 de la fili\u00e8re de traitement des d\u00e9chets de moyenne activit\u00e9 \u00e0 vie longue du CEA<\/i>\u00a0\u00bb.<\/p>\n<p>En mati\u00e8re de protection de l\u2019environnement, \u00ab\u00a0<i>le niveau de ma\u00eetrise reste satisfaisant mais des am\u00e9liorations sont attendues, notamment pour la gestion des eaux pluviales et des sols historiquement marqu\u00e9s<\/i><i>\u00a0<\/i>\u00bb. Le suivi des nappes phr\u00e9atiques, la r\u00e9habilitation des ouvrages et la pr\u00e9vention des pollutions connaissent des progr\u00e8s. Le gendarme du nucl\u00e9aire dit \u00ab\u00a0<i>attendre encore des am\u00e9liorations sur la politique de gestion des sites et sols pollu\u00e9s<\/i><i>\u00a0<\/i>\u00bb sur Cadarache. \u00ab\u00a0<i>La conformit\u00e9 des 400<\/i><i>\u00a0<\/i><i>pi\u00e9zom\u00e8tres de surveillance des nappes r\u00e9partie sur le site est un sujet \u00e0 Cadarache<\/i><i>\u00a0<\/i><i>\u00bb, <\/i>d\u00e9veloppe Pierre Juan. \u00ab\u00a0<i>L\u2019exploitant nous doit des dossiers de d\u00e9pollution dans sa gestion des sites et sols pollu\u00e9s historiques. On a aussi un sujet de gestion des r\u00e9seaux des eaux pluviales et des eaux industrielles. L\u2019exploitant a r\u00e9guli\u00e8rement des \u00e9carts avec des fuites dans les r\u00e9seaux d\u2019eaux industrielles. Il y a des kilom\u00e8tres de tuyaux sur le site. L\u2019enjeu, c\u2019est de surveiller leur bonne \u00e9tanch\u00e9it\u00e9.<\/i>\u00a0\u00bb<\/p>\n<\/p><\/div>\n<div class=\"intext\"> L\u2019impact des \u00e9pisodes caniculaires\u00a0?\n              <\/div>\n<div class=\"paragraph\">\n<p>Interrog\u00e9 sur l\u2019impact des canicules r\u00e9p\u00e9t\u00e9es sur les installations, Pierre Juan, le chef d\u2019antenne de l\u2019ASNR, rassure\u00a0: \u00ab\u00a0<i>Les installations les plus sensibles sont les r\u00e9acteurs d\u2019EDF. On n\u2019en a pas dans la r\u00e9gion. Un \u00e9pisode caniculaire n\u2019a pas de cons\u00e9quences sur les installations nucl\u00e9aires de la r\u00e9gion. Il n\u2019y a pas de sujet d\u2019\u00e9vacuation de puissance. On a la capacit\u00e9 d\u2019arr\u00eater nos installations qui sont con\u00e7ues pour tenir sur des plages de temp\u00e9ratures extr\u00eames \u201cgrand chaud-grand froid\u201d.<\/i>\u00a0\u00bb Pierre Bois, directeur g\u00e9n\u00e9ral adjoint de l\u2019ASNR, confirme\u00a0: \u00ab\u00a0<i>ce n\u2019est pas un enjeu de s\u00fbret\u00e9 mais un enjeu de modulation de production de l\u2019\u00e9lectricit\u00e9. L\u2019enjeu pour EDF est de moduler la production thermique pour limiter des rejets d\u2019eau de refroidissement dans les rivi\u00e8res les plus expos\u00e9es.<\/i><i>\u00a0<\/i>\u00bb<\/p>\n<\/p><\/div>\n","protected":false},"excerpt":{"rendered":"L&rsquo;antenne marseillaise de l&rsquo;Autorit&eacute; de s&ucirc;ret&eacute; nucl&eacute;aire et de radioprotection (ASNR) dressait mardi le bilan 2025 de ses contr&ocirc;les en r&eacute;gion PACA, Occitanie et Corse. Elle couvre &#8230;","protected":false},"author":1,"featured_media":35653,"comment_status":"open","ping_status":"open","sticky":false,"template":"","format":"standard","meta":{"footnotes":""},"categories":[3926,3925,20],"tags":[10,4665,4320,2224,725,1288,1421,3621,515,488,6051,2434,1844,16,258,4754,125,431,563,537,522,6053,1592,6052,88,1395,2771,2087],"news-destination":[3944],"news-source":[475],"is_homepage":[],"ta_other":[],"class_list":["post-35652","post","type-post","status-publish","format-standard","has-post-thumbnail","hentry","category-accueil-merge","category-accueil-third","category-societe","tag-bouches-du-rhone","tag-cadarache","tag-cliniques","tag-controles","tag-dechets","tag-decouverte","tag-depollution","tag-fuites","tag-gestion","tag-industriels","tag-insolite","tag-installations","tag-la-timone","tag-marseille","tag-medecine","tag-nappes-phreatiques","tag-nucleaire","tag-prevention","tag-production","tag-protection","tag-proximite","tag-radiologie","tag-recherche","tag-sources","tag-surveillance","tag-temperatures","tag-traitement","tag-vigilance","news-destination-homepage","news-source-website"],"_links":{"self":[{"href":"https:\/\/euapp01.newsmemory.com\/lamarseillaise\/news\/wp-json\/wp\/v2\/posts\/35652","targetHints":{"allow":["GET"]}}],"collection":[{"href":"https:\/\/euapp01.newsmemory.com\/lamarseillaise\/news\/wp-json\/wp\/v2\/posts"}],"about":[{"href":"https:\/\/euapp01.newsmemory.com\/lamarseillaise\/news\/wp-json\/wp\/v2\/types\/post"}],"author":[{"embeddable":true,"href":"https:\/\/euapp01.newsmemory.com\/lamarseillaise\/news\/wp-json\/wp\/v2\/users\/1"}],"replies":[{"embeddable":true,"href":"https:\/\/euapp01.newsmemory.com\/lamarseillaise\/news\/wp-json\/wp\/v2\/comments?post=35652"}],"version-history":[{"count":1,"href":"https:\/\/euapp01.newsmemory.com\/lamarseillaise\/news\/wp-json\/wp\/v2\/posts\/35652\/revisions"}],"predecessor-version":[{"id":35654,"href":"https:\/\/euapp01.newsmemory.com\/lamarseillaise\/news\/wp-json\/wp\/v2\/posts\/35652\/revisions\/35654"}],"wp:featuredmedia":[{"embeddable":true,"href":"https:\/\/euapp01.newsmemory.com\/lamarseillaise\/news\/wp-json\/wp\/v2\/media\/35653"}],"wp:attachment":[{"href":"https:\/\/euapp01.newsmemory.com\/lamarseillaise\/news\/wp-json\/wp\/v2\/media?parent=35652"}],"wp:term":[{"taxonomy":"category","embeddable":true,"href":"https:\/\/euapp01.newsmemory.com\/lamarseillaise\/news\/wp-json\/wp\/v2\/categories?post=35652"},{"taxonomy":"post_tag","embeddable":true,"href":"https:\/\/euapp01.newsmemory.com\/lamarseillaise\/news\/wp-json\/wp\/v2\/tags?post=35652"},{"taxonomy":"news-destination","embeddable":true,"href":"https:\/\/euapp01.newsmemory.com\/lamarseillaise\/news\/wp-json\/wp\/v2\/news-destination?post=35652"},{"taxonomy":"news-source","embeddable":true,"href":"https:\/\/euapp01.newsmemory.com\/lamarseillaise\/news\/wp-json\/wp\/v2\/news-source?post=35652"},{"taxonomy":"is_homepage","embeddable":true,"href":"https:\/\/euapp01.newsmemory.com\/lamarseillaise\/news\/wp-json\/wp\/v2\/is_homepage?post=35652"},{"taxonomy":"ta_other","embeddable":true,"href":"https:\/\/euapp01.newsmemory.com\/lamarseillaise\/news\/wp-json\/wp\/v2\/ta_other?post=35652"}],"curies":[{"name":"wp","href":"https:\/\/api.w.org\/{rel}","templated":true}]}}