{"id":35649,"date":"2026-07-08T07:17:00","date_gmt":"2026-07-08T05:17:00","guid":{"rendered":"https:\/\/euapp01.newsmemory.com\/lamarseillaise\/news\/?p=35649"},"modified":"2026-07-13T06:58:18","modified_gmt":"2026-07-13T04:58:18","slug":"la-strategie-dattaque-contre-les-feux-naissants-un-travail-collectif","status":"publish","type":"post","link":"https:\/\/euapp01.newsmemory.com\/lamarseillaise\/news\/2026\/07\/08\/la-strategie-dattaque-contre-les-feux-naissants-un-travail-collectif\/","title":{"rendered":"La strat\u00e9gie d\u2019attaque contre les feux naissants, un travail collectif"},"content":{"rendered":"<div class=\"paragraph\">\n<p>De la vigie d\u2019Ensu\u00e8s-la-Redonne, la C\u00f4te Bleue et l\u2019\u00e9tang de Berre sont \u00e0 un mouvement oculaire. En se tournant vers la mer, les falaises calcaires des calanques sont visibles. Du c\u00f4t\u00e9 des terres, les pistes de l\u2019a\u00e9roport de Marignane sont nettes, et Rognac n\u2019est plus qu\u2019\u00e0 un pas. En haut de sa tour, Anna scrute le paysage. \u00c7a fait 7\u00a0ans que la Marseillaise y passe ses \u00e9t\u00e9s, 13 qu\u2019elle est guetteuse volontaire pour le Service d\u00e9partemental d\u2019incendie et de secours des Bouches-du-Rh\u00f4ne (Sdis 13).<\/p>\n<p>\u00ab\u00a0<i>On est les premiers yeux, donc \u00e7a peut \u00eatre anxiog\u00e8ne<\/i>\u00a0\u00bb, confie celle qui reste confin\u00e9e dans l\u2019une des 27\u00a0vigies du territoire de 11h \u00e0 19h, \u00ab\u00a0<i>parfois jusqu\u2019\u00e0 21h30 en cas de prolongation<\/i><i>\u00a0<\/i>\u00bb. \u00ab\u00a0<i>Ce n\u2019est pas pour rien que la devise des pompiers, c\u2019est courage et d\u00e9vouement<\/i><i>\u00a0<\/i>\u00bb, glisse-t-elle.<\/p>\n<\/p><\/div>\n<div class=\"intext\"> L\u2019intelligence artificielle exp\u00e9riment\u00e9e\n              <\/div>\n<div class=\"paragraph\">\n<p>Alors que la situation est tendue sur le territoire, avec \u00ab\u00a0<i>une trentaine de d\u00e9parts de feu chaque jour en moyenne, et des pointes \u00e0 50<\/i><i>\u00a0<\/i>\u00bb, la pr\u00e9sidente du D\u00e9partement Martine Vassal (DVD) est all\u00e9e \u00e0 la rencontre des diff\u00e9rents acteurs qui permettent d\u2019identifier et de lutter contre les incendies. \u00ab\u00a0<i>C\u2019est tout un syst\u00e8me autour des sapeurs pompiers qui a \u00e9t\u00e9 mis en place, <\/i>salue-t-elle<i>, avec des forestiers sapeurs (au nombre de 150) qui d\u00e9pendent du d\u00e9partement et qui s\u2019occupent du d\u00e9broussaillement, de l\u2019entretien des pistes DFCI, avec des r\u00e9serves communales, mais aussi les communes, l\u2019Office national des for\u00eats, avec la Direction d\u00e9partementale des territoires et de la mer&#8230; On est sur une mobilisation totale de toutes celles et ceux qui, de pr\u00e8s ou de loin, sont sur la gestion de l\u2019espace public.<\/i>\u00a0\u00bb<\/p>\n<p>En compl\u00e9ment des moyens humains, les pompiers m\u00e8nent plusieurs exp\u00e9rimentations dans des secteurs accident\u00e9s, donc plus difficilement surveillables. Le commandant du groupement prospectif en charge de l\u2019innovation au sein du Sdis 13 explique\u00a0: \u00ab\u00a0<i>On a d\u00e9velopp\u00e9 un syst\u00e8me de d\u00e9tection pr\u00e9coce des feux de for\u00eats li\u00e9 \u00e0 de l\u2019intelligence artificielle (IA), avec un projet sur la Sainte-Victoire qui est d\u2019appliquer de l\u2019IA \u00e0 des appareils photos avec des bo\u00eetiers autonomes en \u00e9nergie qui ont \u00e9t\u00e9 plac\u00e9s sur un pyl\u00f4ne, et un autre projet avec une cam\u00e9ra de d\u00e9tection automatis\u00e9e install\u00e9e sur une vigie.<\/i><i>\u00a0<\/i>\u00bb<\/p>\n<p>Toutes les informations de terrain sont remont\u00e9es au poste de commandement (PC) for\u00eat, situ\u00e9 au sein du Centre op\u00e9rationnel du Sdis. Sur place, c\u2019est une v\u00e9ritable fourmili\u00e8re. Les t\u00e9l\u00e9phones sonnent, les yeux sont riv\u00e9s sur les multiples \u00e9crans. Les forestiers sapeurs et les coordonateurs du Sdis y travaillent main dans la main tout l\u2019\u00e9t\u00e9 pour associer \u00ab\u00a0<i>la connaissance de terrain et des dispositifs<\/i>\u00a0\u00bb, explique Richard Dietrich, chef du bureau vigie\/DFCI au groupement risques naturels feux de for\u00eats.<\/p>\n<p>\u00ab\u00a0<i>On recueille, traite et discrimine les alertes du r\u00e9seau de surveillance terrestre, vigie et patrouille, mais aussi celles du 18 112 qui sont faites par les particuliers, <\/i>poursuit-il.<i> Ensuite on fait de la lev\u00e9e de doute, avec notre r\u00e9seau, et on va envoyer les premiers moyens d\u2019intervention pour traiter les d\u00e9parts<\/i>.\u00a0\u00bb Ce travail collectif au service de la strat\u00e9gie dite d\u2019attaque de feux naissants qui porte ses fruits\u00a0: 80% des incendies sont rep\u00e9r\u00e9s par les forestiers sapeurs.<\/p>\n<\/p><\/div>\n","protected":false},"excerpt":{"rendered":"De la vigie d&rsquo;Ensu&egrave;s-la-Redonne, la C&ocirc;te Bleue et l&rsquo;&eacute;tang de Berre sont &agrave; un mouvement oculaire. En se tournant vers la mer, les falaises calcaires des calanques sont visibles. Du c&ocirc;t&eacute; des terres, &#8230;","protected":false},"author":1,"featured_media":35650,"comment_status":"open","ping_status":"open","sticky":false,"template":"","format":"standard","meta":{"footnotes":""},"categories":[3926,3925,20],"tags":[10,318,6049,1396,6050,1260,707,1911,5879,88],"news-destination":[3944],"news-source":[475],"is_homepage":[],"ta_other":[],"class_list":["post-35649","post","type-post","status-publish","format-standard","has-post-thumbnail","hentry","category-accueil-merge","category-accueil-third","category-societe","tag-bouches-du-rhone","tag-feu","tag-forestiers-sapeurs","tag-incendies","tag-la-vigie","tag-lutte","tag-martine-vassal","tag-risques","tag-sdis","tag-surveillance","news-destination-homepage","news-source-website"],"_links":{"self":[{"href":"https:\/\/euapp01.newsmemory.com\/lamarseillaise\/news\/wp-json\/wp\/v2\/posts\/35649","targetHints":{"allow":["GET"]}}],"collection":[{"href":"https:\/\/euapp01.newsmemory.com\/lamarseillaise\/news\/wp-json\/wp\/v2\/posts"}],"about":[{"href":"https:\/\/euapp01.newsmemory.com\/lamarseillaise\/news\/wp-json\/wp\/v2\/types\/post"}],"author":[{"embeddable":true,"href":"https:\/\/euapp01.newsmemory.com\/lamarseillaise\/news\/wp-json\/wp\/v2\/users\/1"}],"replies":[{"embeddable":true,"href":"https:\/\/euapp01.newsmemory.com\/lamarseillaise\/news\/wp-json\/wp\/v2\/comments?post=35649"}],"version-history":[{"count":1,"href":"https:\/\/euapp01.newsmemory.com\/lamarseillaise\/news\/wp-json\/wp\/v2\/posts\/35649\/revisions"}],"predecessor-version":[{"id":35651,"href":"https:\/\/euapp01.newsmemory.com\/lamarseillaise\/news\/wp-json\/wp\/v2\/posts\/35649\/revisions\/35651"}],"wp:featuredmedia":[{"embeddable":true,"href":"https:\/\/euapp01.newsmemory.com\/lamarseillaise\/news\/wp-json\/wp\/v2\/media\/35650"}],"wp:attachment":[{"href":"https:\/\/euapp01.newsmemory.com\/lamarseillaise\/news\/wp-json\/wp\/v2\/media?parent=35649"}],"wp:term":[{"taxonomy":"category","embeddable":true,"href":"https:\/\/euapp01.newsmemory.com\/lamarseillaise\/news\/wp-json\/wp\/v2\/categories?post=35649"},{"taxonomy":"post_tag","embeddable":true,"href":"https:\/\/euapp01.newsmemory.com\/lamarseillaise\/news\/wp-json\/wp\/v2\/tags?post=35649"},{"taxonomy":"news-destination","embeddable":true,"href":"https:\/\/euapp01.newsmemory.com\/lamarseillaise\/news\/wp-json\/wp\/v2\/news-destination?post=35649"},{"taxonomy":"news-source","embeddable":true,"href":"https:\/\/euapp01.newsmemory.com\/lamarseillaise\/news\/wp-json\/wp\/v2\/news-source?post=35649"},{"taxonomy":"is_homepage","embeddable":true,"href":"https:\/\/euapp01.newsmemory.com\/lamarseillaise\/news\/wp-json\/wp\/v2\/is_homepage?post=35649"},{"taxonomy":"ta_other","embeddable":true,"href":"https:\/\/euapp01.newsmemory.com\/lamarseillaise\/news\/wp-json\/wp\/v2\/ta_other?post=35649"}],"curies":[{"name":"wp","href":"https:\/\/api.w.org\/{rel}","templated":true}]}}