{"id":35646,"date":"2026-07-08T07:19:00","date_gmt":"2026-07-08T05:19:00","guid":{"rendered":"https:\/\/euapp01.newsmemory.com\/lamarseillaise\/news\/?p=35646"},"modified":"2026-07-13T07:21:45","modified_gmt":"2026-07-13T05:21:45","slug":"lorganisation-des-estivals-provoque-des-debats-houleux-au-conseil-municipal-des-pennes-mirabeau","status":"publish","type":"post","link":"https:\/\/euapp01.newsmemory.com\/lamarseillaise\/news\/2026\/07\/08\/lorganisation-des-estivals-provoque-des-debats-houleux-au-conseil-municipal-des-pennes-mirabeau\/","title":{"rendered":"L\u2019organisation des Estivals provoque des d\u00e9bats houleux au conseil municipal des Pennes Mirabeau"},"content":{"rendered":"<div class=\"paragraph\">\n<p>\u00c0 quelques jours des Estivals, l\u2019\u00e9v\u00e9nement festif de l\u2019\u00e9t\u00e9, apr\u00e8s le refus du Comit\u00e9 des f\u00eates, organisateur historique de la manifestation, de signer la convention, la Ville a propos\u00e9 le Club de rugby des Cadeneaux pour le remplacer. Un revirement qui a provoqu\u00e9 de houleux d\u00e9bats au conseil municipal convoqu\u00e9 en urgence lundi soir. \u00ab\u00a0<i>Notre volont\u00e9 est de r\u00e9introduire de l\u2019ordre, de la l\u00e9galit\u00e9 et de l\u2019\u00e9galit\u00e9<\/i>\u00a0\u00bb, a justifi\u00e9 le maire (LR), Romain Amaro.<\/p>\n<p>Un argument que l\u2019opposant Jean-Philippe Musso (DVG) rejette en bloc\u00a0: \u00ab\u00a0<i>Refuser cette convention ne rend pas les proc\u00e9dures ant\u00e9rieures ill\u00e9gales<\/i>. <i>On peut changer de m\u00e9thode mais on peut pas jeter le discr\u00e9dit sur une association et ses b\u00e9n\u00e9voles qui, pendant des ann\u00e9es, ont fait vivre des \u00e9v\u00e9nements populaires, attendus et appr\u00e9ci\u00e9s des Pennois<\/i>\u00a0\u00bb. Selon lui, le texte vise sciemment \u00e0 \u00e9carter le Comit\u00e9 des f\u00eates et son repr\u00e9sentant, Jean-Marc L\u00e9onetti, ex-premier adjoint sous Michel Amiel. Il d\u00e9nonce une convention qui retire \u00e0 l\u2019association le choix de ses partenaires, met en p\u00e9ril son \u00e9quilibre financier et impose un suivi jug\u00e9 abusif de sa communication avec la presse. \u00ab\u00a0<i>Aux Pennes-Mirabeau, on n\u2019est pas dans une dictature<\/i><i>\u00a0<\/i>\u00bb, ajoute-t-il, d\u00e9non\u00e7ant une \u00ab\u00a0<i>chasse aux sorci\u00e8res<\/i><i>\u00a0<\/i>\u00bb visant les associations favorables \u00e0 l\u2019ancienne majorit\u00e9.<\/p>\n<p>Autre point de tension, jusqu\u2019\u00e0 la veille du conseil, l\u2019organisation revenait au Sporting Club Police Marseillais, pr\u00e9sid\u00e9 par Romain Vesperini, \u00e9lu aux c\u00f4t\u00e9s du maire actuel. Une proximit\u00e9 soulevant \u00ab<i>\u00a0<\/i><i>l\u2019hypoth\u00e8se d\u2019un conflit d\u2019int\u00e9r\u00eats<\/i>\u00a0\u00bb selon l\u2019opposition. \u00ab\u00a0<i>Peut-\u00eatre parce que ce choix devenait difficilement d\u00e9fendable, vous avez r\u00e9trop\u00e9dal\u00e9 et confi\u00e9 l\u2019organisation au club de rugby des Cadeneaux<\/i><i>\u00a0<\/i>\u00bb, a lanc\u00e9 Jean-Philippe Musso, disant avoir appris ce nouveau changement d\u2019organisateur par la presse, le matin m\u00eame du conseil. En fin de d\u00e9bat, le maire tente un ultime coup de th\u00e9\u00e2tre pour esp\u00e9rer remporter la partie en sous-entendant un conflit d\u2019int\u00e9r\u00eats. Il fait distribuer un formulaire d\u2019inscription destin\u00e9 aux food-trucks des Estivals. Le document exige une caution de 40\u00a0euros \u00e0 l\u2019ordre du Comit\u00e9 des f\u00eates, \u00e0 envoyer \u00e0 l\u2019adresse de Jean-Marc L\u00e9onetti, accompagn\u00e9e du contact e-mail de sa propre cave \u00e0 vin.<\/p>\n<\/p><\/div>\n<div class=\"intext\"> L\u2019affaire d\u00e9licate<br \/>\n               <br \/>du Data Center\n              <\/div>\n<div class=\"paragraph\">\n<p>Le reste du conseil n\u2019a pas \u00e9chapp\u00e9 \u00e0 cette tension notamment quand la question du Data Center &#8211; projet de l\u2019ancienne mandature que le maire Romain Amaro disait vouloir abandonner &#8211; arrive au menu. \u00ab\u00a0<i>On passe d\u2019un extr\u00eame \u00e0 l\u2019autre<\/i>\u00a0\u00bb, rel\u00e8ve Jean-Philippe Musso. Le maire pr\u00e9sente un accord en cours de n\u00e9gociation avec l\u2019entreprise Telehouse, pour enrichir le projet de panneaux solaires et de redistribution de la chaleur fatale de l\u2019infrastructure qui permettrait \u00ab\u00a0<i>une r\u00e9duction des factures d\u2019\u00e9lectricit\u00e9<\/i><i>\u00a0<\/i>\u00bb assure Romain Amaro. Des avantages jug\u00e9s insuffisants pour Jean-Philippe Musso qui pointe \u00ab\u00a0<i>des co\u00fbts exorbitants par rapport aux b\u00e9n\u00e9fices<\/i>\u00a0\u00bb.<\/p>\n<p>Devant la mairie, les opposants se sont fait entendre. Christine Muscat, pr\u00e9sidente du Comit\u00e9 d\u2019int\u00e9r\u00eat de quartier Palli\u00e8res, d\u00e9nonce \u00ab\u00a0<i>des mensonges<\/i><i>\u00a0<\/i>\u00bb sur la promesse d\u2019un acc\u00e8s gratuit des habitants \u00e0 l\u2019\u00e9nergie produite et r\u00e9clame des preuves.<\/p>\n<\/p><\/div>\n","protected":false},"excerpt":{"rendered":"&Agrave; quelques jours des Estivals, l&rsquo;&eacute;v&eacute;nement festif de l&rsquo;&eacute;t&eacute;, apr&egrave;s le refus du Comit&eacute; des f&ecirc;tes, organisateur historique de la manifestation, de signer la convention, la Ville a &#8230;","protected":false},"author":1,"featured_media":35647,"comment_status":"open","ping_status":"open","sticky":false,"template":"","format":"standard","meta":{"footnotes":""},"categories":[3926,3925,330],"tags":[138,148,3277,397,980,3375,752],"news-destination":[3944],"news-source":[475],"is_homepage":[],"ta_other":[],"class_list":["post-35646","post","type-post","status-publish","format-standard","has-post-thumbnail","hentry","category-accueil-merge","category-accueil-third","category-politique","tag-associations","tag-conseil-municipal","tag-data-centers","tag-festivals","tag-fetes","tag-les-pennes-mirabeau","tag-maire","news-destination-homepage","news-source-website"],"_links":{"self":[{"href":"https:\/\/euapp01.newsmemory.com\/lamarseillaise\/news\/wp-json\/wp\/v2\/posts\/35646","targetHints":{"allow":["GET"]}}],"collection":[{"href":"https:\/\/euapp01.newsmemory.com\/lamarseillaise\/news\/wp-json\/wp\/v2\/posts"}],"about":[{"href":"https:\/\/euapp01.newsmemory.com\/lamarseillaise\/news\/wp-json\/wp\/v2\/types\/post"}],"author":[{"embeddable":true,"href":"https:\/\/euapp01.newsmemory.com\/lamarseillaise\/news\/wp-json\/wp\/v2\/users\/1"}],"replies":[{"embeddable":true,"href":"https:\/\/euapp01.newsmemory.com\/lamarseillaise\/news\/wp-json\/wp\/v2\/comments?post=35646"}],"version-history":[{"count":1,"href":"https:\/\/euapp01.newsmemory.com\/lamarseillaise\/news\/wp-json\/wp\/v2\/posts\/35646\/revisions"}],"predecessor-version":[{"id":35648,"href":"https:\/\/euapp01.newsmemory.com\/lamarseillaise\/news\/wp-json\/wp\/v2\/posts\/35646\/revisions\/35648"}],"wp:featuredmedia":[{"embeddable":true,"href":"https:\/\/euapp01.newsmemory.com\/lamarseillaise\/news\/wp-json\/wp\/v2\/media\/35647"}],"wp:attachment":[{"href":"https:\/\/euapp01.newsmemory.com\/lamarseillaise\/news\/wp-json\/wp\/v2\/media?parent=35646"}],"wp:term":[{"taxonomy":"category","embeddable":true,"href":"https:\/\/euapp01.newsmemory.com\/lamarseillaise\/news\/wp-json\/wp\/v2\/categories?post=35646"},{"taxonomy":"post_tag","embeddable":true,"href":"https:\/\/euapp01.newsmemory.com\/lamarseillaise\/news\/wp-json\/wp\/v2\/tags?post=35646"},{"taxonomy":"news-destination","embeddable":true,"href":"https:\/\/euapp01.newsmemory.com\/lamarseillaise\/news\/wp-json\/wp\/v2\/news-destination?post=35646"},{"taxonomy":"news-source","embeddable":true,"href":"https:\/\/euapp01.newsmemory.com\/lamarseillaise\/news\/wp-json\/wp\/v2\/news-source?post=35646"},{"taxonomy":"is_homepage","embeddable":true,"href":"https:\/\/euapp01.newsmemory.com\/lamarseillaise\/news\/wp-json\/wp\/v2\/is_homepage?post=35646"},{"taxonomy":"ta_other","embeddable":true,"href":"https:\/\/euapp01.newsmemory.com\/lamarseillaise\/news\/wp-json\/wp\/v2\/ta_other?post=35646"}],"curies":[{"name":"wp","href":"https:\/\/api.w.org\/{rel}","templated":true}]}}