{"id":35639,"date":"2026-07-08T06:54:00","date_gmt":"2026-07-08T04:54:00","guid":{"rendered":"https:\/\/euapp01.newsmemory.com\/lamarseillaise\/news\/?p=35639"},"modified":"2026-07-11T15:44:43","modified_gmt":"2026-07-11T13:44:43","slug":"cedric-riot-et-caroline-regad-universite-de-toulon-assemblees-de-la-terre-ne-plus-considerer-lhumain-au-dessus-dune-pyramide-du-vivant","status":"publish","type":"post","link":"https:\/\/euapp01.newsmemory.com\/lamarseillaise\/news\/2026\/07\/08\/cedric-riot-et-caroline-regad-universite-de-toulon-assemblees-de-la-terre-ne-plus-considerer-lhumain-au-dessus-dune-pyramide-du-vivant\/","title":{"rendered":"C\u00e9dric Riot et Caroline Regad (Universit\u00e9 de Toulon &#8211; Assembl\u00e9es de la Terre) : \u00ab Ne plus consid\u00e9rer l\u2019humain au-dessus d\u2019une pyramide du vivant \u00bb"},"content":{"rendered":"<div class=\"paragraph\">\n<p><b>La Marseillaise<\/b><b>\u00a0<\/b><b>:<\/b> <b>Comment ont \u00e9t\u00e9 lanc\u00e9es les Assembl\u00e9es de la Terre<\/b><b>\u00a0<\/b><b>?<\/b><\/p>\n<p>Caroline Regad\u00a0: On a \u00e9t\u00e9 d\u00e9sign\u00e9s, gr\u00e2ce \u00e0 nos travaux, pour coordonner des Assembl\u00e9es de la Terre en France, qui r\u00e9unissent citoyens et personnalit\u00e9s qualifi\u00e9es. <a rel=\"noopener noreferrer\" href=\"https:\/\/www.lamarseillaise.fr\/environnement\/toulon-donne-le-coup-d-envoi-des-assemblees-de-la-terre-GL18463656\" target=\"_blank\">L\u2019objectif, c\u2019est de r\u00e9\u00e9crire les ODD, les objectifs de d\u00e9veloppement durable, de fa\u00e7on \u00e9cocentr\u00e9e<\/a>. Donc arr\u00eater de consid\u00e9rer l\u2019humain au-dessus d\u2019une pyramide des vivants, mais dans une communaut\u00e9 qui inclut la nature et les animaux. C\u00e9dric Riot : Maria Mercedes Sanchez, la fondatrice du programme Harmonie avec la Nature, voulait des personnes dot\u00e9es des crit\u00e8res acad\u00e9mique et citoyen, et du statut d\u2019expert d\u2019Harmonie avec la Nature, que nous avons acquis gr\u00e2ce \u00e0 la Charte du droit du vivant, con\u00e7ue en 2021 \u00e0 l\u2019Universit\u00e9 de Toulon, et \u00e0 la D\u00e9claration de Toulon de 2019 sur la personnalit\u00e9 juridique des animaux, d\u00e9sormais connues internationalement.<\/p>\n<p><b>Quel bilan tirez-vous de cette premi\u00e8re ann\u00e9e<\/b><b>\u00a0<\/b><b>?<\/b><\/p>\n<p>C\u00e9.R.\u00a0Nous avons travaill\u00e9 sur les ODD en lien avec la nature. On a auditionn\u00e9 des institutions publiques et priv\u00e9es, des collectivit\u00e9s, <a rel=\"noopener noreferrer\" href=\"https:\/\/www.lamarseillaise.fr\/environnement\/premier-point-d-experts-pour-les-assemblees-de-la-terre-LF18844681\" target=\"_blank\">des personnalit\u00e9s du monde scientifique<\/a> ou m\u00e9diatique&#8230; Deux chercheurs du CNRS vont int\u00e9grer notre conseil scientifique, o\u00f9 sont pr\u00e9sents des repr\u00e9sentants du minist\u00e8re de la Transition \u00c9cologique. Au niveau citoyen, on va lancer une enqu\u00eate publique. On a des liens avec les \u00e9tablissements universitaires et scolaires.<\/p>\n<p>Ca.R. : En termes de d\u00e9veloppement, on est sur les principes directeurs sur lesquels on souhaite baser les ODD, avant de les d\u00e9velopper d\u2019ici 2028, pour l\u2019\u00e9tape r\u00e9gionale europ\u00e9enne de 2029.<\/p>\n<p><b><\/b><\/p>\n<p><b><a rel=\"noopener noreferrer\" href=\"https:\/\/www.lamarseillaise.fr\/environnement\/les-assises-du-droit-de-la-nature-grande-premiere-a-l-universite-MF20435090\" target=\"_blank\">Les premi\u00e8res Assises du droit de la nature<\/a> accueillaient les Assembl\u00e9es de la Terre mais aussi les 3<\/b><b><sup>es<\/sup><\/b><b>\u00a0<\/b><b>rencontres de l\u2019Association Internationale des Procureurs et des Poursuivants Francophones (AIPPF).<\/b><\/p>\n<p>C\u00e9.R.<b>\u00a0<\/b>: C\u2019est un \u00e9v\u00e9nement institutionnel et scientifique unique. Jamais des hauts magistrats de l\u2019espace international francophone n\u2019avaient discut\u00e9 ainsi avec des universitaires sur le droit de la nature. L\u2019AIPPF, c\u2019est plus de 3<b>\u00a0<\/b>000\u00a0procureurs r\u00e9partis dans 34\u00a0pays. C\u2019est quelque chose de tr\u00e8s fort et une r\u00e9solution a \u00e9t\u00e9 sign\u00e9e, avec plusieurs recommandations pour les \u00c9tats et institutions, et l\u2019adoption de la Charte du droit du vivant par l\u2019AIPPF.<\/p>\n<p><b>Quels sont les projets pour 2027<\/b><b>\u00a0<\/b><b>?<\/b><\/p>\n<p>Ca.R<b>\u00a0<\/b>: On va continuer \u00e0 travailler, d\u00e8s fin septembre, sur la r\u00e9\u00e9criture des ODD en lien avec les objectifs soci\u00e9taux, en v\u00e9rifiant que ce qu\u2019on fait reste coh\u00e9rent avec ce qui a \u00e9t\u00e9 fait. Lorsqu\u2019on fait un pas en avant, on r\u00e9alise qu\u2019il y a beaucoup \u00e0 balayer, avec toutes les comp\u00e9tences et \u00e9nergies qui sont en train de se f\u00e9d\u00e9rer autour de l\u2019Assembl\u00e9e de la Terre France.<\/p>\n<\/p><\/div>\n<div class=\"paragraph\">\n<p><i>Infos et inscriptions citoyennes<\/i><i>\u00a0<\/i><i>: <a rel=\"nofollow noopener noreferrer\" href=\"https:\/\/www.univ-tln.fr\/assemblee-de-la-terre-france-lancement\/#:~:text=Le%20lancement%20officiel%20de%20l,de%20la%20Terre%20de%202030.\" target=\"_blank\">univ-tln.fr<\/a><\/i><\/p>\n<\/p><\/div>\n","protected":false},"excerpt":{"rendered":"La Marseillaise&nbsp;: Comment ont &eacute;t&eacute; lanc&eacute;es les Assembl&eacute;es de la Terre&nbsp;?","protected":false},"author":1,"featured_media":35640,"comment_status":"open","ping_status":"open","sticky":false,"template":"","format":"standard","meta":{"footnotes":""},"categories":[3926,3925,333],"tags":[6045,6046,182,3227,1687,511,2482,796,1721,805,938,483,420,383,597,889,1615,31],"news-destination":[3944],"news-source":[475],"is_homepage":[],"ta_other":[],"class_list":["post-35639","post","type-post","status-publish","format-standard","has-post-thumbnail","hentry","category-accueil-merge","category-accueil-third","category-environnement","tag-assemblees-de-la-terre","tag-assises-du-droit-de-la-nature","tag-animaux","tag-charte","tag-chercheurs","tag-citoyens","tag-cnrs","tag-developpement-durable","tag-droit","tag-enseignants","tag-nature","tag-projets","tag-scientifique","tag-terre","tag-toulon","tag-transition-ecologique","tag-universite","tag-var","news-destination-homepage","news-source-website"],"_links":{"self":[{"href":"https:\/\/euapp01.newsmemory.com\/lamarseillaise\/news\/wp-json\/wp\/v2\/posts\/35639","targetHints":{"allow":["GET"]}}],"collection":[{"href":"https:\/\/euapp01.newsmemory.com\/lamarseillaise\/news\/wp-json\/wp\/v2\/posts"}],"about":[{"href":"https:\/\/euapp01.newsmemory.com\/lamarseillaise\/news\/wp-json\/wp\/v2\/types\/post"}],"author":[{"embeddable":true,"href":"https:\/\/euapp01.newsmemory.com\/lamarseillaise\/news\/wp-json\/wp\/v2\/users\/1"}],"replies":[{"embeddable":true,"href":"https:\/\/euapp01.newsmemory.com\/lamarseillaise\/news\/wp-json\/wp\/v2\/comments?post=35639"}],"version-history":[{"count":3,"href":"https:\/\/euapp01.newsmemory.com\/lamarseillaise\/news\/wp-json\/wp\/v2\/posts\/35639\/revisions"}],"predecessor-version":[{"id":36108,"href":"https:\/\/euapp01.newsmemory.com\/lamarseillaise\/news\/wp-json\/wp\/v2\/posts\/35639\/revisions\/36108"}],"wp:featuredmedia":[{"embeddable":true,"href":"https:\/\/euapp01.newsmemory.com\/lamarseillaise\/news\/wp-json\/wp\/v2\/media\/35640"}],"wp:attachment":[{"href":"https:\/\/euapp01.newsmemory.com\/lamarseillaise\/news\/wp-json\/wp\/v2\/media?parent=35639"}],"wp:term":[{"taxonomy":"category","embeddable":true,"href":"https:\/\/euapp01.newsmemory.com\/lamarseillaise\/news\/wp-json\/wp\/v2\/categories?post=35639"},{"taxonomy":"post_tag","embeddable":true,"href":"https:\/\/euapp01.newsmemory.com\/lamarseillaise\/news\/wp-json\/wp\/v2\/tags?post=35639"},{"taxonomy":"news-destination","embeddable":true,"href":"https:\/\/euapp01.newsmemory.com\/lamarseillaise\/news\/wp-json\/wp\/v2\/news-destination?post=35639"},{"taxonomy":"news-source","embeddable":true,"href":"https:\/\/euapp01.newsmemory.com\/lamarseillaise\/news\/wp-json\/wp\/v2\/news-source?post=35639"},{"taxonomy":"is_homepage","embeddable":true,"href":"https:\/\/euapp01.newsmemory.com\/lamarseillaise\/news\/wp-json\/wp\/v2\/is_homepage?post=35639"},{"taxonomy":"ta_other","embeddable":true,"href":"https:\/\/euapp01.newsmemory.com\/lamarseillaise\/news\/wp-json\/wp\/v2\/ta_other?post=35639"}],"curies":[{"name":"wp","href":"https:\/\/api.w.org\/{rel}","templated":true}]}}