{"id":35636,"date":"2026-07-08T06:57:00","date_gmt":"2026-07-08T04:57:00","guid":{"rendered":"https:\/\/euapp01.newsmemory.com\/lamarseillaise\/news\/?p=35636"},"modified":"2026-07-11T15:57:22","modified_gmt":"2026-07-11T13:57:22","slug":"candidate-marine-le-pen-va-se-pourvoir-en-cassation","status":"publish","type":"post","link":"https:\/\/euapp01.newsmemory.com\/lamarseillaise\/news\/2026\/07\/08\/candidate-marine-le-pen-va-se-pourvoir-en-cassation\/","title":{"rendered":"Candidate, Marine Le Pen va se pourvoir en cassation"},"content":{"rendered":"<div class=\"paragraph\">\n<p>\u00ab <i>M<\/i><i>ains propres et t\u00eate haute<\/i><i>\u00a0<\/i>\u00bb\u00a0: c\u2019\u00e9tait l\u2019un des slogans phares du Front national lors des l\u00e9gislatives de 1993. Sur les affiches, le p\u00e8re fondateur du parti d\u2019extr\u00eame droite fran\u00e7ais, Jean-Marie Le\u00a0Pen, pose tout sourire. Trente-six ans plus tard, sa fille, Marine Le\u00a0Pen sort, t\u00eate baiss\u00e9e, de la cour d\u2019appel de Paris. Dans l\u2019affaire des assistants d\u2019eurod\u00e9put\u00e9s du Front national, la d\u00e9put\u00e9e a \u00e9t\u00e9 condamn\u00e9e \u00e0 trois ans de prison dont deux avec sursis et un an ferme sous bracelet \u00e9lectronique ce mardi. Sa peine d\u2019in\u00e9ligibilit\u00e9 de 45\u00a0mois dont 30 avec sursis, a d\u00e9j\u00e0 \u00e9t\u00e9 ex\u00e9cut\u00e9e.<\/p>\n<p>\u00c0 l\u2019issue de plusieurs heures de r\u00e9union au QG du parti aux c\u00f4t\u00e9s de ses affid\u00e9s dont Jordan Bardella, Marine Le\u00a0Pen annonce sa d\u00e9cision au 20\u00a0heures de TF1\u00a0: \u00ab\u00a0<i>je suis candidate \u00e0 l\u2019\u00e9lection pr\u00e9sidentielle<\/i>\u00a0\u00bb, confirmant qu\u2019elle va se pourvoir en cassation pour \u00ab\u00a0<i>suspendre les effets<\/i>\u00a0\u00bb de cette d\u00e9cision et ainsi \u00ab\u00a0<i>faire campagne sans bracelet \u00e9lectronique<\/i>\u00a0\u00bb. C\u2019\u00e9tait la condition qu\u2019elle s\u2019\u00e9tait elle-m\u00eame fix\u00e9e pour mener cette quatri\u00e8me campagne pour l\u2019\u00c9lys\u00e9e. <i>\u00ab<\/i><i>\u00a0<\/i><i>Vous imaginez bien que si la cour suit le tribunal qui m\u2019a condamn\u00e9 au port d\u2019un bracelet \u00e9lectronique je ne pourrais pas faire campagne<\/i><i>\u00a0<\/i><i>!<\/i>\u00a0\u00bb, assurait l\u2019h\u00e9riti\u00e8re Le Pen dans une interview \u00e0 BFMTV le 25\u00a0f\u00e9vrier 2026. \u00ab\u00a0<i>On ne peut pas faire campagne dans ces conditions<\/i><i>\u00a0<\/i><i>! Vous pouvez faire campagne sans aller le soir rencontrer vos \u00e9lecteurs dans des meetings<\/i><i>\u00a0<\/i><i>? Ce serait une autre mani\u00e8re de m\u2019emp\u00eacher d\u2019\u00eatre candidate<\/i>\u00a0\u00bb, poussait-elle alors.<\/p>\n<p>Mais le parti, fond\u00e9 par des Waffen SS et des n\u00e9onazis, n\u2019est pas \u00e0 une contradiction pr\u00e8s. Le 5\u00a0avril 2013, interview\u00e9e sur le plateau de Public S\u00e9nat, sa championne r\u00e9clamait \u00ab<i>\u00a0<\/i><i>l\u2019in\u00e9ligibilit\u00e9 \u00e0 vie<\/i><i>\u00a0<\/i>\u00bb pour les \u00e9lus condamn\u00e9s pour \u00ab\u00a0<i>d\u00e9tournement de fonds publics<\/i>\u00a0\u00bb. Heureusement pour Marine Le\u00a0Pen que ses propres propositions ne s\u2019appliquent pas.<\/p>\n<p>La cour de cassation devrait statuer d\u00e9but 2027. Si la haute juridiction confirme l\u2019arr\u00eat de la cour d\u2019appel, celui-ci s\u2019appliquerait imm\u00e9diatement. Quelques semaines seulement avant le premier tour. Pour la secr\u00e9taire nationale des \u00c9cologistes, Marine Le\u00a0Pen est une \u00ab\u00a0<i>privil\u00e9gi\u00e9e<\/i>\u00a0\u00bb qui a \u00ab\u00a0<i>b\u00e9n\u00e9fici\u00e9 d\u2019une grande mansu\u00e9tude<\/i>\u00a0\u00bb de la part de la justice, \u00ab\u00a0<i>notamment en passant aussi rapidement en appel<\/i>\u00a0\u00bb, temp\u00eate Marine Tondelier.<\/p>\n<\/p><\/div>\n<div class=\"intext\"> \u00ab\u00a0Elle est une d\u00e9linquante\u00a0\u00bb\n              <\/div>\n<div class=\"paragraph\">\n<p>\u00ab\u00a0<i>Elle est une d\u00e9linquante, voil\u00e0 la seule conclusion qu\u2019on peut tirer de cette d\u00e9cision de justice<\/i>\u00a0\u00bb, tacle le chef des d\u00e9put\u00e9s socialistes Boris Vallaud, interrog\u00e9 dans la matin\u00e9e. \u00ab\u00a0<i>Apr\u00e8s, c\u2019est \u00e0 elle de poser la question de savoir si quand on est une d\u00e9linquante, on se pr\u00e9sente aux \u00e9lecteurs<\/i>\u00a0\u00bb. \u00ab\u00a0<i>J\u2019ai ma r\u00e9ponse<\/i>\u00a0\u00bb, glisse-t-il.<\/p>\n<p>\u00ab\u00a0<i>Une telle condamnation, quel que soit l\u2019am\u00e9nagement de la peine, ne peut permettre de se pr\u00e9senter devant les Fran\u00e7ais. Il n\u2019y a rien d\u2019autre \u00e0 dire<\/i>\u00a0\u00bb, tranche le secr\u00e9taire national du PCF, Fabien Roussel. Et pour cause, d\u00e8s le d\u00e9but de l\u2019audience qui s\u2019est ouverte \u00e0 13h30, la pr\u00e9sidente de la cour d\u2019appel de Paris r\u00e9p\u00e8te\u00a0: \u00ab\u00a0<i>les faits sont graves<\/i>\u00a0\u00bb. \u00c0 la sortie, l\u2019avocat du Parlement europ\u00e9en souffle\u00a0: \u00ab\u00a0<i>ils ont vol\u00e9 l\u2019argent du contribuable et \u00e7a a \u00e9t\u00e9 confirm\u00e9 pour la deuxi\u00e8me fois<\/i>\u00a0\u00bb. Le pr\u00e9judice est estim\u00e9 \u00e0 quelque 2,9\u00a0millions d\u2019euros.<\/p>\n<\/p><\/div>\n","protected":false},"excerpt":{"rendered":"&laquo; Mains propres et t&ecirc;te haute&nbsp;&raquo;&nbsp;: c&rsquo;&eacute;tait l&rsquo;un des slogans phares du Front national lors des l&eacute;gislatives de 1993. Sur les affiches, le p&egrave;re fondateur du parti d&rsquo;extr&ecirc;me droite &#8230;","protected":false},"author":1,"featured_media":35637,"comment_status":"open","ping_status":"open","sticky":false,"template":"","format":"standard","meta":{"footnotes":""},"categories":[3926,3925,1854,4383,330],"tags":[3204,2879,572,574,571,4107,544],"news-destination":[3944],"news-source":[475],"is_homepage":[],"ta_other":[],"class_list":["post-35636","post","type-post","status-publish","format-standard","has-post-thumbnail","hentry","category-accueil-merge","category-accueil-third","category-france","category-justice","category-politique","tag-cour-de-cassation","tag-detournement-de-fonds","tag-france","tag-marine-le-pen","tag-paris","tag-parlement-europeen","tag-rassemblement-national","news-destination-homepage","news-source-website"],"_links":{"self":[{"href":"https:\/\/euapp01.newsmemory.com\/lamarseillaise\/news\/wp-json\/wp\/v2\/posts\/35636","targetHints":{"allow":["GET"]}}],"collection":[{"href":"https:\/\/euapp01.newsmemory.com\/lamarseillaise\/news\/wp-json\/wp\/v2\/posts"}],"about":[{"href":"https:\/\/euapp01.newsmemory.com\/lamarseillaise\/news\/wp-json\/wp\/v2\/types\/post"}],"author":[{"embeddable":true,"href":"https:\/\/euapp01.newsmemory.com\/lamarseillaise\/news\/wp-json\/wp\/v2\/users\/1"}],"replies":[{"embeddable":true,"href":"https:\/\/euapp01.newsmemory.com\/lamarseillaise\/news\/wp-json\/wp\/v2\/comments?post=35636"}],"version-history":[{"count":1,"href":"https:\/\/euapp01.newsmemory.com\/lamarseillaise\/news\/wp-json\/wp\/v2\/posts\/35636\/revisions"}],"predecessor-version":[{"id":35638,"href":"https:\/\/euapp01.newsmemory.com\/lamarseillaise\/news\/wp-json\/wp\/v2\/posts\/35636\/revisions\/35638"}],"wp:featuredmedia":[{"embeddable":true,"href":"https:\/\/euapp01.newsmemory.com\/lamarseillaise\/news\/wp-json\/wp\/v2\/media\/35637"}],"wp:attachment":[{"href":"https:\/\/euapp01.newsmemory.com\/lamarseillaise\/news\/wp-json\/wp\/v2\/media?parent=35636"}],"wp:term":[{"taxonomy":"category","embeddable":true,"href":"https:\/\/euapp01.newsmemory.com\/lamarseillaise\/news\/wp-json\/wp\/v2\/categories?post=35636"},{"taxonomy":"post_tag","embeddable":true,"href":"https:\/\/euapp01.newsmemory.com\/lamarseillaise\/news\/wp-json\/wp\/v2\/tags?post=35636"},{"taxonomy":"news-destination","embeddable":true,"href":"https:\/\/euapp01.newsmemory.com\/lamarseillaise\/news\/wp-json\/wp\/v2\/news-destination?post=35636"},{"taxonomy":"news-source","embeddable":true,"href":"https:\/\/euapp01.newsmemory.com\/lamarseillaise\/news\/wp-json\/wp\/v2\/news-source?post=35636"},{"taxonomy":"is_homepage","embeddable":true,"href":"https:\/\/euapp01.newsmemory.com\/lamarseillaise\/news\/wp-json\/wp\/v2\/is_homepage?post=35636"},{"taxonomy":"ta_other","embeddable":true,"href":"https:\/\/euapp01.newsmemory.com\/lamarseillaise\/news\/wp-json\/wp\/v2\/ta_other?post=35636"}],"curies":[{"name":"wp","href":"https:\/\/api.w.org\/{rel}","templated":true}]}}