{"id":35633,"date":"2026-07-08T06:58:00","date_gmt":"2026-07-08T04:58:00","guid":{"rendered":"https:\/\/euapp01.newsmemory.com\/lamarseillaise\/news\/?p=35633"},"modified":"2026-07-12T11:33:11","modified_gmt":"2026-07-12T09:33:11","slug":"entre-espoir-et-inquietudes-a-fibre-excellence-apres-lultime-report","status":"publish","type":"post","link":"https:\/\/euapp01.newsmemory.com\/lamarseillaise\/news\/2026\/07\/08\/entre-espoir-et-inquietudes-a-fibre-excellence-apres-lultime-report\/","title":{"rendered":"Entre espoir et inqui\u00e9tudes \u00e0 Fibre Excellence apr\u00e8s l\u2019ultime report"},"content":{"rendered":"<div class=\"paragraph\">\n<p>\u00ab <i>H<\/i><i>ier au tribunal, \u00e7a n\u2019a pas non plus \u00e9t\u00e9 la joie<\/i><i>\u00a0<\/i>\u00bb, r\u00e9sume Fr\u00e9d\u00e9ric Sanchez, secr\u00e9taire g\u00e9n\u00e9ral CFDT de Fibre Excellence Tarascon, lors de l\u2019assembl\u00e9e g\u00e9n\u00e9rale des syndicats qui s\u2019est tenue sur le parking de l\u2019entreprise ce mardi 7\u00a0juillet. La veille, le tribunal de commerce de Toulouse a en effet repouss\u00e9 jusqu\u2019au lundi 27\u00a0juillet prochain l\u2019examen de l\u2019offre de reprise d\u00e9pos\u00e9e par le financier Matthieu Pigasse (notre \u00e9dition de ce mardi 7\u00a0juillet).<\/p>\n<p>Un report qui a \u00e9t\u00e9 expliqu\u00e9 par les repr\u00e9sentants syndicaux \u00e0 la centaine de salari\u00e9s pr\u00e9sents, \u00e0 l\u2019ombre du garage \u00e0 v\u00e9los et \u00e0 motos, certains en tenue de travail, l\u2019usine \u00e9tant en service minimum, d\u2019autres en claquettes ou en habits de ville, une partie des employ\u00e9s ayant \u00e9t\u00e9 mise au ch\u00f4mage partiel. \u00ab\u00a0<i>Ils ne comprennent pas qu\u2019il y a les m\u00eames conditions suspensives que dans l\u2019offre<\/i> <i>pr\u00e9c\u00e9dente. Alors que sans elles, il ne peut pas y avoir de rentabilit\u00e9 dans un premier temps. Mais ils ont reconnu que le plan de financement est OK. \u00c7a va \u00eatre difficile, mais les juges font tout pour qu\u2019on s\u2019en sorte, donc on garde espoir<\/i><i>\u00a0<\/i>\u00bb, poursuit Fr\u00e9d\u00e9ric Sanchez.<\/p>\n<p>En effet, dans son offre, le milliardaire demande \u00e0 l\u2019\u00c9tat une revalorisation du prix de l\u2019\u00e9lectricit\u00e9, un meilleur acc\u00e8s au bois qui sert \u00e0 fabriquer la p\u00e2te \u00e0 papier ainsi que la r\u00e9int\u00e9gration des quotas carbone. \u00ab\u00a0<i>Ces choses ne sont vraiment pas infaisables. Si l\u2019\u00c9tat veut, l\u2019\u00c9tat peut<\/i>\u00a0\u00bb, insiste Jean-Michel Bulinge, secr\u00e9taire CGT du site.<\/p>\n<p>\u00c0 l\u2019AFP, le bras droit de l\u2019investisseur, Mathieu Levieille, assurait ce lundi 6\u00a0juillet, en sortie d\u2019audience, que le d\u00e9lai servirait \u00e0 \u00ab\u00a0<i>demander \u00e0 l\u2019\u00c9tat des ajustements techniques pour sauver toute une fili\u00e8re, deux usines et des emplois<\/i>\u00a0\u00bb. S\u2019il confirme que des discussions ont bien eu lieu autour de cette offre de plus de 100\u00a0millions d\u2019euros, il ajoutait qu\u2019il avait \u00ab\u00a0<i>obtenu des temps de parole qui ont \u00e9t\u00e9 assez limit\u00e9s avec le minist\u00e8re \u00e0 Bercy<\/i><i>\u00a0<\/i>\u00bb. Pour rappel, l\u2019entreprise a \u00e9t\u00e9 plac\u00e9e en redressement judiciaire en avril dernier. L\u2019actionnaire principal, un homme d\u2019affaires indon\u00e9sien, s\u2019\u00e9tait retir\u00e9. 10\u00a0000\u00a0emplois directs et indirects sont en jeu entre le site de Tarascon et celui de Saint-Gaudens (Haute-Garonne).<\/p>\n<\/p><\/div>\n<div class=\"intext\"> \u00ab\u00a0On pourra reprendre quand\u00a0?\u00a0\u00bb\n              <\/div>\n<div class=\"paragraph\">\n<p>\u00ab\u00a0<i>Tout est d\u00e9sormais dans les mains du gouvernement<\/i>\u00a0\u00bb, confirme Jean-Michel Bulinge. Il interroge les personnes pr\u00e9sentes pour savoir si elles sont pr\u00eates \u00e0 \u00ab\u00a0<i>se mobiliser pour mettre la pression \u00e0 l\u2019\u00c9tat afin qu\u2019il fasse le n\u00e9cessaire<\/i><i>\u00a0<\/i>\u00bb. Et de confirmer que la prochaine \u00e9ch\u00e9ance au tribunal \u00ab\u00a0<i>sera bien la derni\u00e8re<\/i>\u00a0\u00bb, qu\u2019il faut qu\u2019ils \u00ab\u00a0<i>se montrent de plus en plus<\/i>\u00a0\u00bb et qu\u2019\u00ab<i>\u00a0<\/i><i>il y a de nombreux soutiens, notamment les sous-traitants et les fournisseurs qui en p\u00e2tiraient aussi<\/i>\u00a0\u00bb. Une mobilisation dans une ville de la r\u00e9gion est envisag\u00e9e pour les semaines \u00e0 venir. Tandis que le responsable syndical FO, Florian Berthon, plaide \u00e0 nouveau pour une nationalisation au moins temporaire \u00ab\u00a0<i>pour reprendre au plus vite, car chaque jour, tout le monde perd de l\u2019argent<\/i>\u00a0\u00bb.<\/p>\n<p>Apr\u00e8s ces quelques minutes de rappel de la situation, les quelques dizaines de salari\u00e9s pr\u00e9sents n\u2019ont pas h\u00e9sit\u00e9 \u00e0 interroger leurs repr\u00e9sentants syndicaux sur l\u2019avenir que laisse entrevoir ce projet, qui pr\u00e9voit aussi une diversification. \u00ab\u00a0<i>Pour l\u2019heure, c\u2019est un plan en quatre phases. Avec des modifications vers 2028, car il faut des \u00e9tudes, notamment pour modifier les lignes de production<\/i><i>\u00a0<\/i>\u00bb, pr\u00e9cise le responsable CGT.<\/p>\n<p>Des interrogations aussi sur le court terme. \u00ab<i>\u00a0<\/i><i>Je dois savoir si je peux garder mes enfants en ao\u00fbt ou non. Il faut que je sache, si jamais le tribunal donne son accord, on pourra reprendre quand<\/i><i>\u00a0<\/i><i>?<\/i>\u00a0\u00bb, demande une salari\u00e9e. \u00ab\u00a0<i>Je dois donner les plannings \u00e0 la cr\u00e8che \u00e0 l\u2019avance<\/i>\u00a0\u00bb, ajoute un autre. \u00ab\u00a0<i>Pour moi, pas avant octobre. Il devrait, si c\u2019est bon, y avoir une reprise progressive<\/i>\u00a0\u00bb, r\u00e9pond le responsable CGT. D\u2019ici l\u00e0, les salari\u00e9s vont donc devoir attendre au moins trois semaines. La d\u00e9cision ne sera sans doute pas rendue le 27\u00a0juillet. Le tribunal aura, \u00e0 partir de cette audience, au maximum 15\u00a0jours pour rendre sa d\u00e9cision.<\/p>\n<\/p><\/div>\n","protected":false},"excerpt":{"rendered":"&laquo; Hier au tribunal, &ccedil;a n&rsquo;a pas non plus &eacute;t&eacute; la joie&nbsp;&raquo;, r&eacute;sume Fr&eacute;d&eacute;ric Sanchez, secr&eacute;taire g&eacute;n&eacute;ral CFDT de Fibre Excellence Tarascon, lors de &#8230;","protected":false},"author":1,"featured_media":35634,"comment_status":"open","ping_status":"open","sticky":false,"template":"","format":"standard","meta":{"footnotes":""},"categories":[3926,3925,331],"tags":[10,753,4279,163,5891,134,4281,563,5422,962,364,1740,244],"news-destination":[3944],"news-source":[475],"is_homepage":[],"ta_other":[],"class_list":["post-35633","post","type-post","status-publish","format-standard","has-post-thumbnail","hentry","category-accueil-merge","category-accueil-third","category-social","tag-bouches-du-rhone","tag-emplois","tag-fibre-excellence","tag-financement","tag-matthieu-pigasse","tag-mobilisation","tag-pate-a-papier","tag-production","tag-redressement-judiciaire","tag-salaries","tag-syndicats","tag-tarascon","tag-tribunal-de-commerce","news-destination-homepage","news-source-website"],"_links":{"self":[{"href":"https:\/\/euapp01.newsmemory.com\/lamarseillaise\/news\/wp-json\/wp\/v2\/posts\/35633","targetHints":{"allow":["GET"]}}],"collection":[{"href":"https:\/\/euapp01.newsmemory.com\/lamarseillaise\/news\/wp-json\/wp\/v2\/posts"}],"about":[{"href":"https:\/\/euapp01.newsmemory.com\/lamarseillaise\/news\/wp-json\/wp\/v2\/types\/post"}],"author":[{"embeddable":true,"href":"https:\/\/euapp01.newsmemory.com\/lamarseillaise\/news\/wp-json\/wp\/v2\/users\/1"}],"replies":[{"embeddable":true,"href":"https:\/\/euapp01.newsmemory.com\/lamarseillaise\/news\/wp-json\/wp\/v2\/comments?post=35633"}],"version-history":[{"count":1,"href":"https:\/\/euapp01.newsmemory.com\/lamarseillaise\/news\/wp-json\/wp\/v2\/posts\/35633\/revisions"}],"predecessor-version":[{"id":35635,"href":"https:\/\/euapp01.newsmemory.com\/lamarseillaise\/news\/wp-json\/wp\/v2\/posts\/35633\/revisions\/35635"}],"wp:featuredmedia":[{"embeddable":true,"href":"https:\/\/euapp01.newsmemory.com\/lamarseillaise\/news\/wp-json\/wp\/v2\/media\/35634"}],"wp:attachment":[{"href":"https:\/\/euapp01.newsmemory.com\/lamarseillaise\/news\/wp-json\/wp\/v2\/media?parent=35633"}],"wp:term":[{"taxonomy":"category","embeddable":true,"href":"https:\/\/euapp01.newsmemory.com\/lamarseillaise\/news\/wp-json\/wp\/v2\/categories?post=35633"},{"taxonomy":"post_tag","embeddable":true,"href":"https:\/\/euapp01.newsmemory.com\/lamarseillaise\/news\/wp-json\/wp\/v2\/tags?post=35633"},{"taxonomy":"news-destination","embeddable":true,"href":"https:\/\/euapp01.newsmemory.com\/lamarseillaise\/news\/wp-json\/wp\/v2\/news-destination?post=35633"},{"taxonomy":"news-source","embeddable":true,"href":"https:\/\/euapp01.newsmemory.com\/lamarseillaise\/news\/wp-json\/wp\/v2\/news-source?post=35633"},{"taxonomy":"is_homepage","embeddable":true,"href":"https:\/\/euapp01.newsmemory.com\/lamarseillaise\/news\/wp-json\/wp\/v2\/is_homepage?post=35633"},{"taxonomy":"ta_other","embeddable":true,"href":"https:\/\/euapp01.newsmemory.com\/lamarseillaise\/news\/wp-json\/wp\/v2\/ta_other?post=35633"}],"curies":[{"name":"wp","href":"https:\/\/api.w.org\/{rel}","templated":true}]}}