{"id":35630,"date":"2026-07-08T06:47:00","date_gmt":"2026-07-08T04:47:00","guid":{"rendered":"https:\/\/euapp01.newsmemory.com\/lamarseillaise\/news\/?p=35630"},"modified":"2026-07-09T21:43:21","modified_gmt":"2026-07-09T19:43:21","slug":"a-lestaque-un-an-apres-le-feu-pose-question","status":"publish","type":"post","link":"https:\/\/euapp01.newsmemory.com\/lamarseillaise\/news\/2026\/07\/08\/a-lestaque-un-an-apres-le-feu-pose-question\/","title":{"rendered":"\u00c0 l\u2019Estaque, un an apr\u00e8s, le feu pose question"},"content":{"rendered":"<div class=\"paragraph\">\n<p>Des flammes hautes de plusieurs m\u00e8tres, pouss\u00e9es par le vent, avec des sautes de feu de 300\u00a0m\u00e8tres, atteignant au plus fort de son activit\u00e9 les 1\u00a0200\u00a0m\u00e8tres par minute&#8230; De l\u2019enfer de l\u2019incendie du 8\u00a0juillet 2025, <a href=\"https:\/\/www.lamarseillaise.fr\/societe\/christian-temoigne-de-ses-difficultes-a-se-reconstruire-EA20469782\">les sinistr\u00e9s de l\u2019Estaque n\u2019ont rien oubli\u00e9, encore traumatis\u00e9s<\/a>. Parti d\u2019une voiture en feu aux Pennes-Mirabeau en fin de matin\u00e9e depuis le tunnel des 4\u00a0vents, sur l\u2019A55, l\u2019incendie avait atteint rapidement le Jas de Rhode, nourri par les d\u00e9chets du centre de tri de la m\u00e9tropole, avant d\u2019acc\u00e9l\u00e9rer, encore, jusqu\u2019au nord de Marseille, s\u2019attaquant aux collines du Verduron. En centre-ville, une ambiance fin du monde. Un panache de fum\u00e9e jaun\u00e2tre, avec des quantit\u00e9s de particules fines \u00ab\u00a0<i>10<\/i><i>\u00a0<\/i><i>fois sup\u00e9rieures au seuil journalier r\u00e9glementaire<\/i><i>\u00a0<\/i>\u00bb, analysait alors AtmoSud, association de surveillance de qualit\u00e9 de l\u2019air, avait obscurci le Vieux-Port, recouvrant la ville de cendres.<\/p>\n<p>Bilan malgr\u00e9 la mobilisation de 875\u00a0sapeurs et marins-pompiers\u00a0: 750\u00a0hectares ravag\u00e9s, 91\u00a0maisons touch\u00e9es. Et tout de suite, lors des premi\u00e8res r\u00e9unions avec les autorit\u00e9s, une pol\u00e9mique majeure sur la lenteur d\u2019intervention des secours et l\u2019absence de moyens a\u00e9riens imm\u00e9diats. S\u2019ils soulignaient la r\u00e9action rapide de la Ville avec la mise \u00e0 disposition du centre social pour l\u2019accueil, les dons et des permanences pour les accompagner dans leurs d\u00e9marches, les habitants des Hauts de l\u2019Estaque pointent la responsabilit\u00e9 du pr\u00e9fet d\u2019alors, Georges-Fran\u00e7ois Leclerc qui a pris la main sur les op\u00e9rations et transf\u00e9r\u00e9 le commandement des sapeurs-pompiers, en charge du d\u00e9part du feu aux Pennes-Mirabeau, aux marins-pompiers de Marseille, comp\u00e9tents sur le territoire de la deuxi\u00e8me ville de France, au milieu de l\u2019apr\u00e8s-midi. Dans la foul\u00e9e, un collectif est cr\u00e9\u00e9.<\/p>\n<\/p><\/div>\n<div class=\"intext\"> Apr\u00e8s le feu, la pluie<br \/>\n               <br \/>et les coul\u00e9es de boue\n              <\/div>\n<div class=\"paragraph\">\n<p>Le tr\u00e8s long communiqu\u00e9 du pr\u00e9fet qui tente de se justifier ne convainc pas. Nombre de sinistr\u00e9s reprennent les propos de Gr\u00e9gory Allione, ex-patron du Sdis 13 (Service d\u00e9partemental d\u2019incendie et de secours) jusqu\u2019en janvier\u00a02023, aujourd\u2019hui d\u00e9put\u00e9 europ\u00e9en macroniste, qui s\u2019insurge contre une d\u00e9cision purement \u00ab\u00a0<i>administrative<\/i>\u00a0\u00bb des op\u00e9rations de secours prise par la Direction g\u00e9n\u00e9rale de la s\u00e9curit\u00e9 civile \u00e0 Paris, pour l\u2019envoi des canadairs. \u00ab\u00a0<i>Quand vous \u00eates dirig\u00e9s par des gens qui n\u2019ont jamais command\u00e9 un feu c\u2019est une difficult\u00e9 op\u00e9rationnelle, ce type de d\u00e9cision m\u2019exasp\u00e8re<\/i>\u00a0\u00bb, d\u00e9nonce-t-il \u00e0 qui veut l\u2019entendre.<\/p>\n<\/p><\/div>\n<div class=\"intext\"> Plaintes contre X<br \/>\n               <br \/>\u00ab\u00a0Pour avoir des r\u00e9ponses\u00a0\u00bb\n              <\/div>\n<div class=\"paragraph\">\n<p>Deux mois plus tard, les sinistr\u00e9s allaient subir la double peine. \u00c0 l\u2019incendie d\u00e9vastateur, succ\u00e8dent des coul\u00e9es de boues lors des premiers \u00e9pisodes c\u00e9venols de la fin septembre. Le mur de la gare de l\u2019Estaque, une dizaine de m\u00e8tres de haut, explos\u00e9 par les flots, les rails emport\u00e9s. Chemin de la Nerthe, chemin du Marinier, d\u2019\u00e9normes bouts de bitumes d\u00e9valent la route. L\u00e0 encore la solidarit\u00e9 joue \u00e0 plein.<\/p>\n<p>Au fil des mois, la gal\u00e8re se poursuit avec les assurances qui font tra\u00eener. Si le directeur de \u00ab\u00a0France assureurs\u00a0\u00bb a assur\u00e9 dans nos colonnes au lendemain du feu que des correspondants en r\u00e9gion \u00e9taient missionn\u00e9s pour faciliter les choses, les experts tardent \u00e0 passer et les litiges se multiplient retardant d\u2019autant la reconstruction. Le conseil municipal a vot\u00e9 une aide exceptionnelle d\u2019un million d\u2019euros, la m\u00e9tropole de 500\u00a0000\u00a0euros pour \u00e9viter de faire l\u2019avance des frais.<\/p>\n<p>Du collectif \u00e9mane mi-d\u00e9cembre une association des victimes de l\u2019incendie de l\u2019Estaque, les plaintes contre X \u00ab\u00a0<i>pour avoir des r\u00e9ponses<\/i>\u00a0\u00bb<br \/>commencent \u00e0 tomber. Aujourd\u2019hui, elles seraient une centaine. Le mode de commandement n\u2019a pas \u00e9volu\u00e9 et Georges-Fran\u00e7ois Leclerc est devenu pr\u00e9fet d\u2019\u00cele-de-France. Promis en f\u00e9vrier, le comit\u00e9 local d\u2019aide aux victimes n\u2019a pas eu lieu assure un sinistr\u00e9 quand pour l\u2019actuel pr\u00e9fet Jacques Witkowski, cette aide rel\u00e8ve du minist\u00e8re de la Justice&#8230;<\/p>\n<\/p><\/div>\n","protected":false},"excerpt":{"rendered":"Des flammes hautes de plusieurs m&egrave;tres, pouss&eacute;es par le vent, avec des sautes de feu de 300&nbsp;m&egrave;tres, atteignant au plus fort de son activit&eacute; les 1&nbsp;200&nbsp;m&egrave;tres par minute&#8230; De l&rsquo;enfer de &#8230;","protected":false},"author":1,"featured_media":35631,"comment_status":"open","ping_status":"open","sticky":false,"template":"","format":"standard","meta":{"footnotes":""},"categories":[918,3926,3925,20],"tags":[168,3274,723,10,501,181,102,2919,148,725,91,1060,4915,106,319,3996,2799,4011,16,535,520,134,1188,1952,1438,1271,1567,3516,1674,1613,2003,260,88,137,1941],"news-destination":[3944],"news-source":[475],"is_homepage":[],"ta_other":[],"class_list":["post-35630","post","type-post","status-publish","format-standard","has-post-thumbnail","hentry","category-accueil","category-accueil-merge","category-accueil-third","category-societe","tag-association","tag-atmosud","tag-bilan","tag-bouches-du-rhone","tag-centre-social","tag-centre-ville","tag-collectif","tag-collines","tag-conseil-municipal","tag-dechets","tag-estaque","tag-georges-francois-leclerc","tag-gregory-allione","tag-habitants","tag-incendie","tag-jacques-witkowski","tag-marins-pompiers","tag-marins-pompiers-de-marseille","tag-marseille","tag-metropole","tag-ministere","tag-mobilisation","tag-moyens","tag-particules-fines","tag-plaintes","tag-polemique","tag-prefet","tag-reconstruction","tag-sapeurs-pompiers","tag-securite-civile","tag-sinistres","tag-solidarite","tag-surveillance","tag-territoire","tag-victimes","news-destination-homepage","news-source-website"],"_links":{"self":[{"href":"https:\/\/euapp01.newsmemory.com\/lamarseillaise\/news\/wp-json\/wp\/v2\/posts\/35630","targetHints":{"allow":["GET"]}}],"collection":[{"href":"https:\/\/euapp01.newsmemory.com\/lamarseillaise\/news\/wp-json\/wp\/v2\/posts"}],"about":[{"href":"https:\/\/euapp01.newsmemory.com\/lamarseillaise\/news\/wp-json\/wp\/v2\/types\/post"}],"author":[{"embeddable":true,"href":"https:\/\/euapp01.newsmemory.com\/lamarseillaise\/news\/wp-json\/wp\/v2\/users\/1"}],"replies":[{"embeddable":true,"href":"https:\/\/euapp01.newsmemory.com\/lamarseillaise\/news\/wp-json\/wp\/v2\/comments?post=35630"}],"version-history":[{"count":1,"href":"https:\/\/euapp01.newsmemory.com\/lamarseillaise\/news\/wp-json\/wp\/v2\/posts\/35630\/revisions"}],"predecessor-version":[{"id":35632,"href":"https:\/\/euapp01.newsmemory.com\/lamarseillaise\/news\/wp-json\/wp\/v2\/posts\/35630\/revisions\/35632"}],"wp:featuredmedia":[{"embeddable":true,"href":"https:\/\/euapp01.newsmemory.com\/lamarseillaise\/news\/wp-json\/wp\/v2\/media\/35631"}],"wp:attachment":[{"href":"https:\/\/euapp01.newsmemory.com\/lamarseillaise\/news\/wp-json\/wp\/v2\/media?parent=35630"}],"wp:term":[{"taxonomy":"category","embeddable":true,"href":"https:\/\/euapp01.newsmemory.com\/lamarseillaise\/news\/wp-json\/wp\/v2\/categories?post=35630"},{"taxonomy":"post_tag","embeddable":true,"href":"https:\/\/euapp01.newsmemory.com\/lamarseillaise\/news\/wp-json\/wp\/v2\/tags?post=35630"},{"taxonomy":"news-destination","embeddable":true,"href":"https:\/\/euapp01.newsmemory.com\/lamarseillaise\/news\/wp-json\/wp\/v2\/news-destination?post=35630"},{"taxonomy":"news-source","embeddable":true,"href":"https:\/\/euapp01.newsmemory.com\/lamarseillaise\/news\/wp-json\/wp\/v2\/news-source?post=35630"},{"taxonomy":"is_homepage","embeddable":true,"href":"https:\/\/euapp01.newsmemory.com\/lamarseillaise\/news\/wp-json\/wp\/v2\/is_homepage?post=35630"},{"taxonomy":"ta_other","embeddable":true,"href":"https:\/\/euapp01.newsmemory.com\/lamarseillaise\/news\/wp-json\/wp\/v2\/ta_other?post=35630"}],"curies":[{"name":"wp","href":"https:\/\/api.w.org\/{rel}","templated":true}]}}