{"id":35627,"date":"2026-07-08T06:50:00","date_gmt":"2026-07-08T04:50:00","guid":{"rendered":"https:\/\/euapp01.newsmemory.com\/lamarseillaise\/news\/?p=35627"},"modified":"2026-07-09T21:43:21","modified_gmt":"2026-07-09T19:43:21","slug":"incendies-christian-temoigne-de-ses-difficultes-a-se-reconstruire","status":"publish","type":"post","link":"https:\/\/euapp01.newsmemory.com\/lamarseillaise\/news\/2026\/07\/08\/incendies-christian-temoigne-de-ses-difficultes-a-se-reconstruire\/","title":{"rendered":"[Incendies] Christian t\u00e9moigne de ses difficult\u00e9s \u00e0 (se) reconstruire"},"content":{"rendered":"<div class=\"paragraph\">\n<p>Tout en haut de la mont\u00e9e Pichou, une vue \u00e0 couper le souffle sur la mer&#8230; Et des collines toujours noircies apr\u00e8s le passage des flammes, voil\u00e0 un an d\u00e9j\u00e0. C\u2019est l\u00e0 qu\u2019habite Christian Aperc\u00e9. De sa petite maison de 50\u00a0m\u00e8tres carr\u00e9s au sol il ne restait rien que quatre murs noircis. \u00ab\u00a0<i>On a \u00e9vacu\u00e9 avec ma femme et nos petits-enfants.<\/i> <i>Je suis toujours perturb\u00e9, en col\u00e8re, parce que j\u2019estime que ma maison n\u2019aurait pas d\u00fb br\u00fbler<\/i>\u00a0\u00bb, nous confie-t-il \u00e9mu.<\/p>\n<p>S\u2019il a eu \u00ab\u00a0<i>la chance<\/i>\u00a0\u00bb de pouvoir \u00eatre log\u00e9 par sa famille puis de trouver un appartement meubl\u00e9 en location au Rove, il aura pass\u00e9 l\u2019ann\u00e9e \u00e0 se battre avec les assurances. \u00ab\u00a0<i>C\u2019est un v\u00e9hicule qui a br\u00fbl\u00e9 qui a provoqu\u00e9 l\u2019incendie, on a notre assurance en premi\u00e8re ligne, qui rembourse en principe les frais de la maison, mais pas tout<\/i><i>\u00a0<\/i>\u00bb, explique-t-il. Et pour ce qu\u2019elle ne prend pas en charge, c\u2019est avec celle de \u00ab<i>\u00a0<\/i><i>la voiture, la M\u00e9tropole, la commune des Pennes Mirabeau, du conseil d\u00e9partemental<\/i>\u00a0\u00bb qu\u2019il faut traiter. Malgr\u00e9 six r\u00e9unions, le chiffrage des d\u00e9g\u00e2ts est repouss\u00e9 \u00ab\u00a0<i>en novembre, puis d\u00e9cembre, janvier, f\u00e9vrier<\/i>\u00a0\u00bb poursuit-il, \u00ab\u00a0<i>et l\u00e0, je l\u2019ai eu derni\u00e8rement au mois de juin<\/i>.\u00a0\u00bb Probl\u00e8me\u00a0: il n\u2019est pas d\u2019accord. Pour lui il manque 50\u00a0000\u00a0euros&#8230;<\/p>\n<\/p><\/div>\n<div class=\"intext\"> Des normes drastiques\n              <\/div>\n<div class=\"paragraph\">\n<p>Car sa maison, situ\u00e9e en zone rouge, n\u00e9cessite des mises aux normes drastiques. \u00ab\u00a0<i>Certains postes n\u2019ont pas \u00e9t\u00e9 pris en compte pour la reconstruction<\/i>\u00a0\u00bb, pr\u00e9cise Christian, comme l\u2019installation d\u2019un \u00e9cran entre les tuiles et la charpente pour \u00e9viter l\u2019embrasement ou des volets capables de r\u00e9sister une demi-heure au feu.<\/p>\n<p>Membre de l\u2019association des victimes de l\u2019incendie qui rassemble selon lui 200\u00a0personnes, il attend toujours le compte rendu de l\u2019intervention des pompiers pour savoir ce qui s\u2019est pass\u00e9 ce 8\u00a0juillet 2025, estimant que les r\u00e9ponses de la pr\u00e9fecture ne sont \u00ab\u00a0<i>pas tr\u00e8s claires<\/i>.\u00a0\u00bb \u00ab\u00a0<i>Pourquoi les pompiers ont mis tant de temps \u00e0 venir<\/i><i>\u00a0<\/i><i>? Pourquoi on n\u2019a pas eu les canadairs<\/i><i>\u00a0<\/i><i>? Pourquoi nous a-t-on confin\u00e9s<\/i><i>\u00a0<\/i><i>? Une voisine a cru mourir dans sa cave<\/i><i>\u00a0<\/i><i>!<\/i><i>\u00a0<\/i>\u00bb, d\u00e9roule-t-il dans un souffle. Il raconte les gens qui ont \u00e9teint avec des seaux plong\u00e9s dans la piscine, cette voisine qui a \u00e9t\u00e9 br\u00fbl\u00e9e par le nuage de cendres chaudes&#8230; \u00ab\u00a0<i>Et pendant qu\u2019on cramait, Monsieur le pr\u00e9fet f\u00e9licitait ses troupes<\/i>\u00a0\u00bb, s\u2019indigne-t-il.<\/p>\n<p>Durant 20\u00a0ans, il a sensibilis\u00e9 sur les risques incendie avec son association environnementale. \u00ab\u00a0<i>On a mis des citernes dans la colline autour, elles n\u2019ont pas servi. Tout \u00e7a pour ce r\u00e9sultat catastrophique&#8230;<\/i><i>\u00a0<\/i>\u00bb, se d\u00e9sole-t-il. Ce qui le fait tenir, c\u2019est la solidarit\u00e9. \u00ab\u00a0<i>On sent qu\u2019il y a des liens tr\u00e8s forts, des copains que je n\u2019avais pas vus depuis longtemps m\u2019ont recontact\u00e9<\/i><i>\u00a0<\/i>\u00bb, raconte-t-il. Malgr\u00e9 les incendies qui ont de nouveau d\u00e9marr\u00e9 cette ann\u00e9e, il n\u2019a \u00ab\u00a0<i>pas peur<\/i>\u00a0\u00bb. Et pense r\u00e9int\u00e9grer ses p\u00e9nates en d\u00e9but d\u2019ann\u00e9e prochaine, \u00ab\u00a0<i>si \u00e7a se passe bien&#8230;<\/i>\u00a0\u00bb.<\/p>\n<\/p><\/div>\n","protected":false},"excerpt":{"rendered":"Tout en haut de la mont&eacute;e Pichou, une vue &agrave; couper le souffle sur la mer&#8230; Et des collines toujours noircies apr&egrave;s le passage des flammes, voil&agrave; un an d&eacute;j&agrave;. C&rsquo;est l&agrave; qu&rsquo;habite Christian &#8230;","protected":false},"author":1,"featured_media":35628,"comment_status":"open","ping_status":"open","sticky":false,"template":"","format":"standard","meta":{"footnotes":""},"categories":[918,3926,3925,20],"tags":[2203,10,1497,2919,193,91,58,106,319,1396,16,535,672,320,1131,1567,3516,260,1941],"news-destination":[3944],"news-source":[475],"is_homepage":[],"ta_other":[],"class_list":["post-35627","post","type-post","status-publish","format-standard","has-post-thumbnail","hentry","category-accueil","category-accueil-merge","category-accueil-third","category-societe","tag-assurances","tag-bouches-du-rhone","tag-colere","tag-collines","tag-conseil-departemental","tag-estaque","tag-famille","tag-habitants","tag-incendie","tag-incendies","tag-marseille","tag-metropole","tag-piscine","tag-pompiers","tag-prefecture","tag-prefet","tag-reconstruction","tag-solidarite","tag-victimes","news-destination-homepage","news-source-website"],"_links":{"self":[{"href":"https:\/\/euapp01.newsmemory.com\/lamarseillaise\/news\/wp-json\/wp\/v2\/posts\/35627","targetHints":{"allow":["GET"]}}],"collection":[{"href":"https:\/\/euapp01.newsmemory.com\/lamarseillaise\/news\/wp-json\/wp\/v2\/posts"}],"about":[{"href":"https:\/\/euapp01.newsmemory.com\/lamarseillaise\/news\/wp-json\/wp\/v2\/types\/post"}],"author":[{"embeddable":true,"href":"https:\/\/euapp01.newsmemory.com\/lamarseillaise\/news\/wp-json\/wp\/v2\/users\/1"}],"replies":[{"embeddable":true,"href":"https:\/\/euapp01.newsmemory.com\/lamarseillaise\/news\/wp-json\/wp\/v2\/comments?post=35627"}],"version-history":[{"count":1,"href":"https:\/\/euapp01.newsmemory.com\/lamarseillaise\/news\/wp-json\/wp\/v2\/posts\/35627\/revisions"}],"predecessor-version":[{"id":35629,"href":"https:\/\/euapp01.newsmemory.com\/lamarseillaise\/news\/wp-json\/wp\/v2\/posts\/35627\/revisions\/35629"}],"wp:featuredmedia":[{"embeddable":true,"href":"https:\/\/euapp01.newsmemory.com\/lamarseillaise\/news\/wp-json\/wp\/v2\/media\/35628"}],"wp:attachment":[{"href":"https:\/\/euapp01.newsmemory.com\/lamarseillaise\/news\/wp-json\/wp\/v2\/media?parent=35627"}],"wp:term":[{"taxonomy":"category","embeddable":true,"href":"https:\/\/euapp01.newsmemory.com\/lamarseillaise\/news\/wp-json\/wp\/v2\/categories?post=35627"},{"taxonomy":"post_tag","embeddable":true,"href":"https:\/\/euapp01.newsmemory.com\/lamarseillaise\/news\/wp-json\/wp\/v2\/tags?post=35627"},{"taxonomy":"news-destination","embeddable":true,"href":"https:\/\/euapp01.newsmemory.com\/lamarseillaise\/news\/wp-json\/wp\/v2\/news-destination?post=35627"},{"taxonomy":"news-source","embeddable":true,"href":"https:\/\/euapp01.newsmemory.com\/lamarseillaise\/news\/wp-json\/wp\/v2\/news-source?post=35627"},{"taxonomy":"is_homepage","embeddable":true,"href":"https:\/\/euapp01.newsmemory.com\/lamarseillaise\/news\/wp-json\/wp\/v2\/is_homepage?post=35627"},{"taxonomy":"ta_other","embeddable":true,"href":"https:\/\/euapp01.newsmemory.com\/lamarseillaise\/news\/wp-json\/wp\/v2\/ta_other?post=35627"}],"curies":[{"name":"wp","href":"https:\/\/api.w.org\/{rel}","templated":true}]}}