{"id":35624,"date":"2026-07-08T07:01:00","date_gmt":"2026-07-08T05:01:00","guid":{"rendered":"https:\/\/euapp01.newsmemory.com\/lamarseillaise\/news\/?p=35624"},"modified":"2026-07-12T11:33:11","modified_gmt":"2026-07-12T09:33:11","slug":"lincendiaire-de-la-maison-de-famille-demile-condamne","status":"publish","type":"post","link":"https:\/\/euapp01.newsmemory.com\/lamarseillaise\/news\/2026\/07\/08\/lincendiaire-de-la-maison-de-famille-demile-condamne\/","title":{"rendered":"L\u2019incendiaire de la maison de famille d\u2019Emile condamn\u00e9"},"content":{"rendered":"<div class=\"paragraph\">\n<p>Acte malveillant pr\u00e9m\u00e9dit\u00e9, moyen de se faire justice soi-m\u00eame, ou de relancer l\u2019enqu\u00eate\u00a0? Plusieurs explications \u00e0 l\u2019acte de Roland Woudstra se sont confront\u00e9es mardi lors de l\u2019audience \u00e0 l\u2019issue de laquelle ce Marseillais de 78\u00a0ans a \u00e9t\u00e9 condamn\u00e9 \u00e0 deux ans de prison. En mai, il avait provoqu\u00e9 plusieurs d\u00e9parts de feu aux alentours de la maison secondaire des grands-parents du petit Emile, disparu en 2023 au Vernet. Il avait interrog\u00e9 des habitants, se pr\u00e9sentant comme un journaliste n\u00e9erlandais, pour obtenir des informations sur l\u2019affaire et la localisation de la maison.<\/p>\n<p>Pendant l\u2019audience, le pr\u00e9venu a affirm\u00e9 avoir agi pour \u00ab\u00a0<i>provoquer un d\u00e9clic au niveau de l\u2019enqu\u00eate<\/i>\u00a0\u00bb sur la mort du petit Emile et la \u00ab\u00a0<i>relancer<\/i>\u00a0\u00bb. Il a ni\u00e9 toute volont\u00e9 \u00ab\u00a0<i>de vengeance ou de punition<\/i>\u00a0\u00bb, alors que les avocats des grands-parents l\u2019accusaient d\u2019avoir voulu nuire \u00e0 la famille. Une lettre \u00e9crite depuis sa cellule le 13\u00a0juin est cependant venue contredire ses d\u00e9clarations devant la cour. Il y \u00e9crit avoir eu \u00ab\u00a0<i>une brutale envie de faire justice moi-m\u00eame en br\u00fblant la maison de la famille Vedovini que je pense coupable<\/i>\u00a0\u00bb.<\/p>\n<\/p><\/div>\n<div class=\"intext\"> \u00ab\u00a0Initiative de justicier\u00a0\u00bb\n              <\/div>\n<div class=\"paragraph\">\n<p>L\u2019avocat de la grand-m\u00e8re d\u2019Emile, M<sup>e<\/sup> Julien Pinelli, a avanc\u00e9 que cet \u00ab\u00a0<i>emballement<\/i>\u00a0\u00bb \u00e9tait \u00ab\u00a0<i>li\u00e9 \u00e0 la confusion des accusations port\u00e9es du fait des r\u00e9seaux sociaux o\u00f9 on lit les pires horreurs sur ceux dont le seul tort est d\u2019\u00eatre en deuil de leur petit-fils. Celui qui a port\u00e9 la suspicion sur eux en paye le poids moral<\/i>\u00a0\u00bb.<\/p>\n<p>\u00ab\u00a0<i>Mes enfants avaient d\u00e9j\u00e0 peur de monter au Vernet avant cet incendie, mais l\u00e0 c\u2019est pire<\/i>\u00a0\u00bb, a confi\u00e9 aux enqu\u00eateurs la grand-m\u00e8re du petit Emile.<\/p>\n<p>Le pr\u00e9sident a lu des expertises psychiatriques d\u00e9crivant \u00ab\u00a0<i>un comportement inad\u00e9quat, une initiative de justicier sans preuves, en m\u00e9connaissant la gravit\u00e9 potentielle de l\u2019incendie<\/i>\u00a0\u00bb, ainsi qu\u2019un \u00ab\u00a0<i>aveuglement de la passion, un exc\u00e8s de confiance, une recherche de loi personnelle, pensant avoir per\u00e7u ce que l\u2019enqu\u00eate n\u2019avait pas su d\u00e9montrer, voulant provoquer un mouvement<\/i>\u00a0\u00bb.<\/p>\n<p>L\u2019avocat du pr\u00e9venu a d\u00e9crit un homme \u00ab\u00a0<i>endeuill\u00e9, isol\u00e9, fragilis\u00e9<\/i>\u00a0\u00bb par la mort r\u00e9cente de sa femme et de son fils. Il a plaid\u00e9 l\u2019alt\u00e9ration de son discernement, expliquant qu\u2019il serait en train d\u2019\u00eatre plac\u00e9 sous tutelle. \u00ab\u00a0<i>J\u2019aurais d\u00fb laisser la justice faire son enqu\u00eate<\/i>\u00a0\u00bb, a reconnu l\u2019homme mardi.<\/p>\n<p>\u00ab\u00a0<i>On a le droit de penser que la justice fait mal son travail, mais pas de jeter en p\u00e2ture des gens, ajouter au sang d\u2019Emile, aux larmes de la famille, des cendres \u00e0 la maison familiale. Votre peine aura n\u00e9cessairement vocation \u00e0 envoyer un message, que cette famille retrouve la paix<\/i><i>\u00a0<\/i>\u00bb, a lanc\u00e9 le procureur au moment de ses r\u00e9quisitions.<\/p>\n<\/p><\/div>\n","protected":false},"excerpt":{"rendered":"Acte malveillant pr&eacute;m&eacute;dit&eacute;, moyen de se faire justice soi-m&ecirc;me, ou de relancer l&rsquo;enqu&ecirc;te&nbsp;? Plusieurs explications &agrave; l&rsquo;acte de Roland Woudstra se sont confront&eacute;es mardi lors de &#8230;","protected":false},"author":1,"featured_media":35625,"comment_status":"open","ping_status":"open","sticky":false,"template":"","format":"standard","meta":{"footnotes":""},"categories":[3926,3925,20],"tags":[4768,4467,2742,57,1276,1975,319,200,3663,6044,51],"news-destination":[3944],"news-source":[475],"is_homepage":[],"ta_other":[],"class_list":["post-35624","post","type-post","status-publish","format-standard","has-post-thumbnail","hentry","category-accueil-merge","category-accueil-third","category-societe","tag-alpes","tag-alpes-de-haute-provence","tag-disparition","tag-enfants","tag-enquete","tag-fait-divers","tag-incendie","tag-justice","tag-mort","tag-petit-emile","tag-societe","news-destination-homepage","news-source-website"],"_links":{"self":[{"href":"https:\/\/euapp01.newsmemory.com\/lamarseillaise\/news\/wp-json\/wp\/v2\/posts\/35624","targetHints":{"allow":["GET"]}}],"collection":[{"href":"https:\/\/euapp01.newsmemory.com\/lamarseillaise\/news\/wp-json\/wp\/v2\/posts"}],"about":[{"href":"https:\/\/euapp01.newsmemory.com\/lamarseillaise\/news\/wp-json\/wp\/v2\/types\/post"}],"author":[{"embeddable":true,"href":"https:\/\/euapp01.newsmemory.com\/lamarseillaise\/news\/wp-json\/wp\/v2\/users\/1"}],"replies":[{"embeddable":true,"href":"https:\/\/euapp01.newsmemory.com\/lamarseillaise\/news\/wp-json\/wp\/v2\/comments?post=35624"}],"version-history":[{"count":1,"href":"https:\/\/euapp01.newsmemory.com\/lamarseillaise\/news\/wp-json\/wp\/v2\/posts\/35624\/revisions"}],"predecessor-version":[{"id":35626,"href":"https:\/\/euapp01.newsmemory.com\/lamarseillaise\/news\/wp-json\/wp\/v2\/posts\/35624\/revisions\/35626"}],"wp:featuredmedia":[{"embeddable":true,"href":"https:\/\/euapp01.newsmemory.com\/lamarseillaise\/news\/wp-json\/wp\/v2\/media\/35625"}],"wp:attachment":[{"href":"https:\/\/euapp01.newsmemory.com\/lamarseillaise\/news\/wp-json\/wp\/v2\/media?parent=35624"}],"wp:term":[{"taxonomy":"category","embeddable":true,"href":"https:\/\/euapp01.newsmemory.com\/lamarseillaise\/news\/wp-json\/wp\/v2\/categories?post=35624"},{"taxonomy":"post_tag","embeddable":true,"href":"https:\/\/euapp01.newsmemory.com\/lamarseillaise\/news\/wp-json\/wp\/v2\/tags?post=35624"},{"taxonomy":"news-destination","embeddable":true,"href":"https:\/\/euapp01.newsmemory.com\/lamarseillaise\/news\/wp-json\/wp\/v2\/news-destination?post=35624"},{"taxonomy":"news-source","embeddable":true,"href":"https:\/\/euapp01.newsmemory.com\/lamarseillaise\/news\/wp-json\/wp\/v2\/news-source?post=35624"},{"taxonomy":"is_homepage","embeddable":true,"href":"https:\/\/euapp01.newsmemory.com\/lamarseillaise\/news\/wp-json\/wp\/v2\/is_homepage?post=35624"},{"taxonomy":"ta_other","embeddable":true,"href":"https:\/\/euapp01.newsmemory.com\/lamarseillaise\/news\/wp-json\/wp\/v2\/ta_other?post=35624"}],"curies":[{"name":"wp","href":"https:\/\/api.w.org\/{rel}","templated":true}]}}