{"id":35621,"date":"2026-07-08T07:07:00","date_gmt":"2026-07-08T05:07:00","guid":{"rendered":"https:\/\/euapp01.newsmemory.com\/lamarseillaise\/news\/?p=35621"},"modified":"2026-07-12T11:33:11","modified_gmt":"2026-07-12T09:33:11","slug":"avignon-a-lhotel-du-cloitre-saint-louis-une-greve-qui-sort-des-murs","status":"publish","type":"post","link":"https:\/\/euapp01.newsmemory.com\/lamarseillaise\/news\/2026\/07\/08\/avignon-a-lhotel-du-cloitre-saint-louis-une-greve-qui-sort-des-murs\/","title":{"rendered":"Avignon : \u00e0 l\u2019h\u00f4tel du clo\u00eetre Saint-Louis, une gr\u00e8ve qui sort des murs"},"content":{"rendered":"<div class=\"paragraph\">\n<p>La touffeur du Festival d\u2019Avignon, les salari\u00e9s de l\u2019h\u00f4tel du Clo\u00eetre Saint-Louis la vivent au sens propre. Pas de mise en sc\u00e8ne alors que les fen\u00eatres de leur \u00e9tablissement quatre \u00e9toiles donnent dans la cour o\u00f9 le festival\u00a0In a son si\u00e8ge. Ce mardi matin, une dizaine d\u2019entre eux a entam\u00e9 une gr\u00e8ve. \u00ab<i>\u00a0<\/i><i>Ce n\u2019est qu\u2019un d\u00e9but, on attend une r\u00e9action de la direction* qui est absente<\/i>\u00a0\u00bb, pr\u00e9vient Laetitia Pancuvilier, d\u00e9l\u00e9gu\u00e9e CGT. Si les probl\u00e8mes sont latents, le d\u00e9marrage du Festival, \u00ab\u00a0<i>o\u00f9 l\u2019h\u00f4tel affiche complet<\/i>\u00a0\u00bb, ainsi que la canicule n\u2019ont fait qu\u2019accro\u00eetre le malaise. \u00ab\u00a0<i>\u00c9videmment que le festival permet d\u2019attirer l\u2019attention et faire pression<\/i>\u00a0\u00bb, admet Laetitia Pancuvilier. L\u2019union locale CGT est pr\u00e9sente, tout comme Philippe Martinez, ex-secr\u00e9taire g\u00e9n\u00e9ral de la CGT. \u00ab\u00a0<i>Le festival est une belle vitrine qui n\u2019emp\u00eache pas de s\u2019int\u00e9resser \u00e0 tous ceux qui contribuent dans l\u2019ombre \u00e0 sa r\u00e9ussite<\/i>, confie-t-il.<i> L\u00e0, on voit le d\u00e9calage entre le prestige d\u2019h\u00f4tel et les conditions de travail des salari\u00e9s.<\/i><i>\u00a0<\/i>\u00bb<\/p>\n<\/p><\/div>\n<div class=\"intext\"> \u00ab\u00a0Il manque des machines \u00e0 caf\u00e9\u00a0\u00bb\n              <\/div>\n<div class=\"paragraph\">\n<p>Au c\u0153ur des revendications, l\u2019impact de la canicule. \u00ab\u00a0<i>Les chambres sont climatis\u00e9es, il fait 26, mais dans les couloirs on peut avoir jusqu\u2019\u00e0 46<\/i><i>\u00a0<\/i><i>degr\u00e9s en ressenti<\/i>, expose Laetitia Pancuvilier. <i>On souhaite que le b\u00e2timent soit enti\u00e8rement climatis\u00e9.<\/i>\u00a0\u00bb Plus globalement, les salari\u00e9s r\u00e9clament plus de moyens humains et mat\u00e9riels. \u00ab\u00a0<i>Il faudrait que l\u2019on soit une dizaine de plus<\/i> [sur environ 25\u00a0salari\u00e9s actuellement] <i>pour r\u00e9pondre aux standings d\u2019un 4<\/i><i>\u00a0<\/i><i>\u00e9toiles<\/i>\u00a0\u00bb, d\u00e9taille la repr\u00e9sentante syndicale.<\/p>\n<p>\u00ab<i>\u00a0<\/i><i>On sert 170<\/i><i>\u00a0<\/i><i>petits-d\u00e9jeuners<\/i> [factur\u00e9 18\u00a0euros l\u2019unit\u00e9]<i> en ce moment, il manque des machines \u00e0 caf\u00e9, des tasses&#8230; les conditions d\u2019accueil ont vraiment diminu\u00e9<\/i><i>\u00a0<\/i>\u00bb, constatent sous anonymat, d\u2019autres salari\u00e9s. \u00ab\u00a0<i>On est \u00e0 flux tendu, les touristes viennent profiter d\u2019un lieu o\u00f9 on lutte face \u00e0 des conditions de travail intol\u00e9rables, on se mouille pour qu\u2019il y ait du chiffre d\u2019affaires, la direction devrait y penser<\/i>\u00a0\u00bb, r\u00e9sume l\u2019un d\u2019eux. Autre revendication, le maintien de salaire \u00e0 100% alors que l\u2019h\u00f4tel devrait fermer entre 1 \u00e0 2\u00a0ans pour une lourde r\u00e9habilitation et qu\u2019une perte de r\u00e9mun\u00e9ration de 28% est pour l\u2019heure pr\u00e9vue. Ce conflit, \u00ab\u00a0<i>illustre les conditions de travail p\u00e9nibles de l\u2019h\u00f4tellerie-restauration en g\u00e9n\u00e9ral, o\u00f9 les salari\u00e9s subissent l\u2019\u00e9clatement des collectifs de travail et l\u2019isolement d\u2019un \u00e9tablissement \u00e0 l\u2019autre<\/i><i>\u00a0<\/i>\u00bb, expose Carlos Acha Moreno, secr\u00e9taire de l\u2019UL CGT Avignon. Depuis <a rel=\"noopener noreferrer\" href=\"https:\/\/www.lamarseillaise.fr\/social\/vaucluse-entre-patrons-et-syndicat-deux-visions-de-la-restauration-JM19620988\" target=\"_blank\">plusieurs mois (notre \u00e9dition du 9\u00a0f\u00e9vrier), le<\/a> syndicat a entam\u00e9 un travail de terrain \u00ab\u00a0<i>afin d\u2019unir au-del\u00e0 des diff\u00e9rents \u00e9tablissements et constituer sur le terrain un corps syndical militant<\/i>\u00a0\u00bb.<\/p>\n<\/p><\/div>\n<div class=\"paragraph\">\n<p><i>* Contact\u00e9e, la direction n\u2019a pas donn\u00e9 suite.<\/i><\/p>\n<\/p><\/div>\n","protected":false},"excerpt":{"rendered":"La touffeur du Festival d&rsquo;Avignon, les salari&eacute;s de l&rsquo;h&ocirc;tel du Clo&icirc;tre Saint-Louis la vivent au sens propre. Pas de mise en sc&egrave;ne alors que les fen&ecirc;tres de leur &eacute;tablissement quatre &eacute;toiles &#8230;","protected":false},"author":1,"featured_media":35622,"comment_status":"open","ping_status":"open","sticky":false,"template":"","format":"standard","meta":{"footnotes":""},"categories":[3926,3925,331],"tags":[495,174,113,876,1896,171],"news-destination":[3944],"news-source":[475],"is_homepage":[],"ta_other":[],"class_list":["post-35621","post","type-post","status-publish","format-standard","has-post-thumbnail","hentry","category-accueil-merge","category-accueil-third","category-social","tag-495","tag-avignon","tag-cgt","tag-greve","tag-hotels","tag-vaucluse","news-destination-homepage","news-source-website"],"_links":{"self":[{"href":"https:\/\/euapp01.newsmemory.com\/lamarseillaise\/news\/wp-json\/wp\/v2\/posts\/35621","targetHints":{"allow":["GET"]}}],"collection":[{"href":"https:\/\/euapp01.newsmemory.com\/lamarseillaise\/news\/wp-json\/wp\/v2\/posts"}],"about":[{"href":"https:\/\/euapp01.newsmemory.com\/lamarseillaise\/news\/wp-json\/wp\/v2\/types\/post"}],"author":[{"embeddable":true,"href":"https:\/\/euapp01.newsmemory.com\/lamarseillaise\/news\/wp-json\/wp\/v2\/users\/1"}],"replies":[{"embeddable":true,"href":"https:\/\/euapp01.newsmemory.com\/lamarseillaise\/news\/wp-json\/wp\/v2\/comments?post=35621"}],"version-history":[{"count":1,"href":"https:\/\/euapp01.newsmemory.com\/lamarseillaise\/news\/wp-json\/wp\/v2\/posts\/35621\/revisions"}],"predecessor-version":[{"id":35623,"href":"https:\/\/euapp01.newsmemory.com\/lamarseillaise\/news\/wp-json\/wp\/v2\/posts\/35621\/revisions\/35623"}],"wp:featuredmedia":[{"embeddable":true,"href":"https:\/\/euapp01.newsmemory.com\/lamarseillaise\/news\/wp-json\/wp\/v2\/media\/35622"}],"wp:attachment":[{"href":"https:\/\/euapp01.newsmemory.com\/lamarseillaise\/news\/wp-json\/wp\/v2\/media?parent=35621"}],"wp:term":[{"taxonomy":"category","embeddable":true,"href":"https:\/\/euapp01.newsmemory.com\/lamarseillaise\/news\/wp-json\/wp\/v2\/categories?post=35621"},{"taxonomy":"post_tag","embeddable":true,"href":"https:\/\/euapp01.newsmemory.com\/lamarseillaise\/news\/wp-json\/wp\/v2\/tags?post=35621"},{"taxonomy":"news-destination","embeddable":true,"href":"https:\/\/euapp01.newsmemory.com\/lamarseillaise\/news\/wp-json\/wp\/v2\/news-destination?post=35621"},{"taxonomy":"news-source","embeddable":true,"href":"https:\/\/euapp01.newsmemory.com\/lamarseillaise\/news\/wp-json\/wp\/v2\/news-source?post=35621"},{"taxonomy":"is_homepage","embeddable":true,"href":"https:\/\/euapp01.newsmemory.com\/lamarseillaise\/news\/wp-json\/wp\/v2\/is_homepage?post=35621"},{"taxonomy":"ta_other","embeddable":true,"href":"https:\/\/euapp01.newsmemory.com\/lamarseillaise\/news\/wp-json\/wp\/v2\/ta_other?post=35621"}],"curies":[{"name":"wp","href":"https:\/\/api.w.org\/{rel}","templated":true}]}}