{"id":35618,"date":"2026-07-08T07:08:00","date_gmt":"2026-07-08T05:08:00","guid":{"rendered":"https:\/\/euapp01.newsmemory.com\/lamarseillaise\/news\/?p=35618"},"modified":"2026-07-09T09:18:51","modified_gmt":"2026-07-09T07:18:51","slug":"un-programme-populaire-et-festif-pour-la-saison-estivale-a-aubagne","status":"publish","type":"post","link":"https:\/\/euapp01.newsmemory.com\/lamarseillaise\/news\/2026\/07\/08\/un-programme-populaire-et-festif-pour-la-saison-estivale-a-aubagne\/","title":{"rendered":"Un programme populaire et festif pour la saison estivale \u00e0 Aubagne"},"content":{"rendered":"<div class=\"paragraph\">\n<p>\u00ab<i> I<\/i><i>l est temps qu\u2019Aubagne retrouve son \u00e2me<\/i><i>\u00a0<\/i><i>; les festivit\u00e9s pour tous et toutes permettront de retrouver du vivre ensemble<\/i>\u00a0\u00bb, annonce Ga\u00eblle Rodeville, adjointe au maire d\u2019Aubagne, en charge de la redynamisation du centre-ville, lors de l\u2019annonce du programme de l\u2019\u00e9t\u00e9. Pour ranimer le centre-ville, la nouvelle municipalit\u00e9 compte sur des festivit\u00e9s gratuites pour toutes et tous.<\/p>\n<p>Tous les jeudis soir, jusqu\u2019\u00e0 fin ao\u00fbt, auront lieu les \u00ab\u00a0Places en musique\u00a0\u00bb. \u00ab\u00a0<i>Le but, c\u2019est que des petites formations de musiciens se r\u00e9approprient les places<\/i>\u00a0\u00bb, explique Ga\u00eblle Rodeville. Ce projet est port\u00e9 par le conservatoire avec des musiciens anciens \u00e9l\u00e8ves de l\u2019institution. Sera jou\u00e9 du jazz, du blues ou de la musique classique. \u00ab\u00a0<i>On a pris la libert\u00e9 de retourner sur des places sur lesquelles on avait jamais \u00e9t\u00e9 ou qui n\u2019\u00e9taient plus exploit\u00e9es<\/i>\u00a0\u00bb, ajoute l\u2019adjointe au maire, en indiquant que, ce jeudi 9\u00a0juillet, ce sera du jazz sur la place Pierrette.<\/p>\n<p>Le deuxi\u00e8me grand fil rouge de l\u2019\u00e9t\u00e9, ce sont des concerts gratuits port\u00e9s par la direction de la culture, l\u2019office de tourisme et la d\u00e9l\u00e9gation \u00e9v\u00e9nementielle de la mairie. Cela commence avec Aubagne Symphonique, guid\u00e9 par Daniel Scaturro, pour un concert nomm\u00e9 \u00ab\u00a0Il \u00e9tait une fois Joe Dassin\u00a0\u00bb, le 17\u00a0juillet. \u00ab\u00a0<i>Il y aura \u00e9galement des soir\u00e9es campings avec les DJ Ch\u00e9rie FM et Nostalgie<\/i>\u00a0\u00bb, dit Ga\u00eblle Rodeville en souriant. Le pic de l\u2019\u00e9t\u00e9 sera le 21\u00a0ao\u00fbt avec le concert gratuit de Julien Lieb, ancien \u00e9l\u00e8ve de la Star Academy, qui se produira sur l\u2019esplanade de Gaulle.<\/p>\n<\/p><\/div>\n<div class=\"intext\"> Mise en avant du territoire\n              <\/div>\n<div class=\"paragraph\">\n<p>Une journ\u00e9e de c\u00e9l\u00e9bration pour les 80\u00a0ans de la disparition de Th\u00e9r\u00e8se Neveu aura lieu le 11\u00a0juillet. Figure embl\u00e9matique du santon proven\u00e7al, elle s\u2019inspirait des tenues traditionnelles des Aubagnais pour fa\u00e7onner l\u2019argile. Deux visites guid\u00e9es gratuites seront organis\u00e9es sur les lieux importants pour Th\u00e9r\u00e8se Neveu. La journ\u00e9e se conclura par un d\u00e9fil\u00e9 de danse de groupes proven\u00e7aux, puis un ap\u00e9ro offert \u00e0 tous \u00e0 19h30 suivi d\u2019un bal\u00e8ti.<\/p>\n<p>\u00ab\u00a0<i>\u00c0 Aubagne, on n\u2019a pas la mer, mais on a la terre<\/i><i>\u00a0<\/i><i>; elle a \u00e9t\u00e9 nourrici\u00e8re avec l\u2019argile<\/i>\u00a0\u00bb, \u00e9voque le maire. Son adjointe abonde en mentionnant le savoir-faire historique de la ville dans ce domaine. Le fa\u00e7onnement de l\u2019argile sera repr\u00e9sent\u00e9 par un march\u00e9 artisanal, regroupant 40\u00a0exposants c\u00e9ramistes et santonniers, du 18\u00a0juillet au 24\u00a0ao\u00fbt, sur le cours Foch. Tous les vendredis soir aura \u00e9galement lieu un march\u00e9 des cr\u00e9ateurs avec une trentaine d\u2019exposants.<\/p>\n<p>L\u2019\u00e9t\u00e9 sera aussi marqu\u00e9 par deux banquets populaires le 31\u00a0juillet et le 14\u00a0ao\u00fbt, avec au menu une soupe au pistou, en partenariat avec l\u2019association des commer\u00e7ants de la ville, sur l\u2019esplanade de Gaulle. Il est n\u00e9cessaire de r\u00e9server.<\/p>\n<\/p><\/div>\n<div class=\"intext\"> Une programmation<br \/>\n               <br \/>pour les enfants\n              <\/div>\n<div class=\"paragraph\">\n<p>Pour les plus jeunes aura lieu le Festim\u00f4me. \u00ab\u00a0<i>Un \u00e9v\u00e9nement port\u00e9 par la ville depuis 25<\/i><i>\u00a0<\/i><i>ans<\/i><i>\u00a0<\/i>\u00bb, pr\u00e9cise Ga\u00eblle Rodeville. Du 23 au 26\u00a0juillet auront lieu des spectacles de cirque, th\u00e9\u00e2tre, danse, musique et plusieurs ateliers pour les enfants. Le pass d\u2019une journ\u00e9e pour les enfants est \u00e0 5\u00a0euros, et \u00e0 10\u00a0euros pour 3\u00a0jours. Pour les adultes, la journ\u00e9e est \u00e0 10\u00a0euros et les 3\u00a0jours \u00e0 20\u00a0euros. C\u2019est gratuit pour les enfants de moins de 3\u00a0ans.<\/p>\n<p>La mairie esp\u00e8re qu\u2019ils pourront \u00ab\u00a0<i>aller plus loin dans les propositions \u00e0 l\u2019avenir<\/i>\u00a0\u00bb, affirme Ga\u00eblle Rodeville.<\/p>\n<\/p><\/div>\n","protected":false},"excerpt":{"rendered":"&laquo; Il est temps qu&rsquo;Aubagne retrouve son &acirc;me&nbsp;; les festivit&eacute;s pour tous et toutes permettront de retrouver du vivre ensemble&nbsp;&raquo;, annonce Ga&euml;lle Rodeville, adjointe au maire d&rsquo;Aubagne, en charge de la &#8230;","protected":false},"author":1,"featured_media":35619,"comment_status":"open","ping_status":"open","sticky":false,"template":"","format":"standard","meta":{"footnotes":""},"categories":[3926,3925,32],"tags":[493,10,430,400,336,1138,59],"news-destination":[3944],"news-source":[475],"is_homepage":[],"ta_other":[],"class_list":["post-35618","post","type-post","status-publish","format-standard","has-post-thumbnail","hentry","category-accueil-merge","category-accueil-third","category-culture","tag-aubagne","tag-bouches-du-rhone","tag-budget","tag-concerts","tag-ete","tag-festivites","tag-jeunes","news-destination-homepage","news-source-website"],"_links":{"self":[{"href":"https:\/\/euapp01.newsmemory.com\/lamarseillaise\/news\/wp-json\/wp\/v2\/posts\/35618","targetHints":{"allow":["GET"]}}],"collection":[{"href":"https:\/\/euapp01.newsmemory.com\/lamarseillaise\/news\/wp-json\/wp\/v2\/posts"}],"about":[{"href":"https:\/\/euapp01.newsmemory.com\/lamarseillaise\/news\/wp-json\/wp\/v2\/types\/post"}],"author":[{"embeddable":true,"href":"https:\/\/euapp01.newsmemory.com\/lamarseillaise\/news\/wp-json\/wp\/v2\/users\/1"}],"replies":[{"embeddable":true,"href":"https:\/\/euapp01.newsmemory.com\/lamarseillaise\/news\/wp-json\/wp\/v2\/comments?post=35618"}],"version-history":[{"count":1,"href":"https:\/\/euapp01.newsmemory.com\/lamarseillaise\/news\/wp-json\/wp\/v2\/posts\/35618\/revisions"}],"predecessor-version":[{"id":35620,"href":"https:\/\/euapp01.newsmemory.com\/lamarseillaise\/news\/wp-json\/wp\/v2\/posts\/35618\/revisions\/35620"}],"wp:featuredmedia":[{"embeddable":true,"href":"https:\/\/euapp01.newsmemory.com\/lamarseillaise\/news\/wp-json\/wp\/v2\/media\/35619"}],"wp:attachment":[{"href":"https:\/\/euapp01.newsmemory.com\/lamarseillaise\/news\/wp-json\/wp\/v2\/media?parent=35618"}],"wp:term":[{"taxonomy":"category","embeddable":true,"href":"https:\/\/euapp01.newsmemory.com\/lamarseillaise\/news\/wp-json\/wp\/v2\/categories?post=35618"},{"taxonomy":"post_tag","embeddable":true,"href":"https:\/\/euapp01.newsmemory.com\/lamarseillaise\/news\/wp-json\/wp\/v2\/tags?post=35618"},{"taxonomy":"news-destination","embeddable":true,"href":"https:\/\/euapp01.newsmemory.com\/lamarseillaise\/news\/wp-json\/wp\/v2\/news-destination?post=35618"},{"taxonomy":"news-source","embeddable":true,"href":"https:\/\/euapp01.newsmemory.com\/lamarseillaise\/news\/wp-json\/wp\/v2\/news-source?post=35618"},{"taxonomy":"is_homepage","embeddable":true,"href":"https:\/\/euapp01.newsmemory.com\/lamarseillaise\/news\/wp-json\/wp\/v2\/is_homepage?post=35618"},{"taxonomy":"ta_other","embeddable":true,"href":"https:\/\/euapp01.newsmemory.com\/lamarseillaise\/news\/wp-json\/wp\/v2\/ta_other?post=35618"}],"curies":[{"name":"wp","href":"https:\/\/api.w.org\/{rel}","templated":true}]}}