{"id":35615,"date":"2026-07-08T07:10:00","date_gmt":"2026-07-08T05:10:00","guid":{"rendered":"https:\/\/euapp01.newsmemory.com\/lamarseillaise\/news\/?p=35615"},"modified":"2026-07-12T12:25:20","modified_gmt":"2026-07-12T10:25:20","slug":"le-projet-iter-veut-ouvrir-la-voie-aux-filieres-regionales","status":"publish","type":"post","link":"https:\/\/euapp01.newsmemory.com\/lamarseillaise\/news\/2026\/07\/08\/le-projet-iter-veut-ouvrir-la-voie-aux-filieres-regionales\/","title":{"rendered":"Le projet Iter veut ouvrir la voie aux fili\u00e8res r\u00e9gionales"},"content":{"rendered":"<div class=\"paragraph\">\n<p>\u00ab <i>I<\/i><i>ter n\u2019est pas seulement un projet essentiel pour le territoire, c\u2019est un projet majeur pour l\u2019avenir \u00e9nerg\u00e9tique de la France et m\u00eame, de la plan\u00e8te<\/i>\u00a0\u00bb<i>, <\/i>d\u00e9roule Jean-Luc Chauvin, pr\u00e9sident de la CCI Aix-Marseille-Provence face \u00e0 un amphith\u00e9\u00e2tre bond\u00e9 d\u2019acteurs r\u00e9gionaux de la fili\u00e8re industrielle.<\/p>\n<p>Rassembl\u00e9s \u00e0 l\u2019Ensosp, \u00c9cole nationale sup\u00e9rieure des officiers de sapeurs-pompiers, ils sont pr\u00e8s de 400 \u00e0 s\u2019\u00eatre retrouv\u00e9s autour de la seconde \u00e9dition des Rencontres Iter, impuls\u00e9es par le r\u00e9seau CCI Provence-Alpes-C\u00f4te d\u2019Azur et l\u2019agence Iter France. Dans le viseur,<i> <\/i>\u00ab\u00a0<i>transformer une ambition mondiale en opportunit\u00e9 locale<\/i>\u00a0\u00bb<i>, <\/i>pr\u00e9cise Jean-Luc Chauvin. L\u2019\u00e9v\u00e9nement, b\u00e9n\u00e9ficie du \u00ab\u00a0<i>haut patronage<\/i>\u00a0\u00bb du minist\u00e8re de l\u2019\u00c9conomie, des finances et de la souverainet\u00e9 industrielle et num\u00e9rique. La premi\u00e8re et plus r\u00e9cente des \u00e9ditions avait \u00e9t\u00e9 tenue en septembre\u00a02023, \u00e0 un moment o\u00f9 le projet Iter connaissait des ralentissements, en partie li\u00e9s \u00e0 des d\u00e9faillances techniques. En 2026<i>, <\/i>\u00ab\u00a0<i>on est en avance sur le projet et l\u2019on continue \u00e0 avancer en marche forc\u00e9e<\/i>\u00a0\u00bb, soutenait de son c\u00f4t\u00e9 Yves Belpomo, responsable du programme construction des b\u00e2timents et du management du site pour Iter.<\/p>\n<\/p><\/div>\n<div class=\"intext\"> Vers des partenaires<br \/>\n               <br \/>\u00ab\u00a0locaux\u00a0\u00bb\n              <\/div>\n<div class=\"paragraph\">\n<p>Au cours de cette journ\u00e9e, sept ateliers th\u00e9matiques sont notamment pr\u00e9vus pour expliquer et d\u00e9crypter le projet Iter, ses enjeux. Le rendez-vous, \u00e9bullition de petites et moyennes entreprises et industries investies dans l\u2019ing\u00e9nierie, la robotique, la cybers\u00e9curit\u00e9, l\u2019usinage et autres domaines, les encourage \u00e0 aller \u00e0 la rencontre de primo contractants en vue de favoriser une du projet Iter, eux-m\u00eames activement en recherche de \u00ab\u00a0<i>partenaires locaux<\/i><i>\u00a0<\/i>\u00bb<i>, <\/i>pour des contratsde sous-traitance, comme de cotraitance. Le format des Rencontres permet donc de \u00ab\u00a0<i>favoriser des collaborations, des coop\u00e9rations, des partenariats, cr\u00e9er des conditions ou les entreprises peuvent se connecter, \u00e9changer, se pr\u00e9senter<\/i><i>\u00a0<\/i>\u00bb, pr\u00e9cise-t-on du c\u00f4t\u00e9 de l\u2019agence Iter, qui pr\u00e9cise que l\u2019\u00e9v\u00e9nement s\u2019intercale avec les International Iter Business Forum. Pour Marie-Delphine Louveau, charg\u00e9e de mission innovation pour Nuclear Valley et la Gifen (groupement des industriels fran\u00e7ais de l\u2019\u00e9nergie nucl\u00e9aire), l\u2019id\u00e9e est, depuis sa position, \u00ab\u00a0<i>d\u2019avoir une offre fran\u00e7aise, d\u00e9fendre l\u2019Europe, Iter est peut-\u00eatre le plus grand projet mondial qui existe encore international mais il y a les couleurs de la France, la souverainet\u00e9 fran\u00e7aise et europ\u00e9enne<\/i><i>\u00a0<\/i>\u00bb et d\u2019ajouter\u00a0: \u00ab\u00a0<i>nous avons les comp\u00e9tences, il faut les f\u00e9d\u00e9rer, se faire conna\u00eetre et se rapprocher des primo contractants pour que l\u2019on soit mieux identifi\u00e9s d\u2019Iter org, ou F4E.<\/i>\u00a0\u00bb Pr\u00e9cis\u00e9ment les enjeux de la journ\u00e9e.<\/p>\n<\/p><\/div>\n","protected":false},"excerpt":{"rendered":"&laquo; Iter n&rsquo;est pas seulement un projet essentiel pour le territoire, c&rsquo;est un projet majeur pour l&rsquo;avenir &eacute;nerg&eacute;tique de la France et m&ecirc;me, de la plan&egrave;te&nbsp;&raquo;, d&eacute;roule Jean-Luc Chauvin, &#8230;","protected":false},"author":1,"featured_media":35616,"comment_status":"open","ping_status":"open","sticky":false,"template":"","format":"standard","meta":{"footnotes":""},"categories":[3926,3925,338,20],"tags":[556,118,302,488,3699,125],"news-destination":[3944],"news-source":[475],"is_homepage":[],"ta_other":[],"class_list":["post-35615","post","type-post","status-publish","format-standard","has-post-thumbnail","hentry","category-accueil-merge","category-accueil-third","category-economie","category-societe","tag-aix-en-provence","tag-economie","tag-emploi","tag-industriels","tag-iter","tag-nucleaire","news-destination-homepage","news-source-website"],"_links":{"self":[{"href":"https:\/\/euapp01.newsmemory.com\/lamarseillaise\/news\/wp-json\/wp\/v2\/posts\/35615","targetHints":{"allow":["GET"]}}],"collection":[{"href":"https:\/\/euapp01.newsmemory.com\/lamarseillaise\/news\/wp-json\/wp\/v2\/posts"}],"about":[{"href":"https:\/\/euapp01.newsmemory.com\/lamarseillaise\/news\/wp-json\/wp\/v2\/types\/post"}],"author":[{"embeddable":true,"href":"https:\/\/euapp01.newsmemory.com\/lamarseillaise\/news\/wp-json\/wp\/v2\/users\/1"}],"replies":[{"embeddable":true,"href":"https:\/\/euapp01.newsmemory.com\/lamarseillaise\/news\/wp-json\/wp\/v2\/comments?post=35615"}],"version-history":[{"count":1,"href":"https:\/\/euapp01.newsmemory.com\/lamarseillaise\/news\/wp-json\/wp\/v2\/posts\/35615\/revisions"}],"predecessor-version":[{"id":35617,"href":"https:\/\/euapp01.newsmemory.com\/lamarseillaise\/news\/wp-json\/wp\/v2\/posts\/35615\/revisions\/35617"}],"wp:featuredmedia":[{"embeddable":true,"href":"https:\/\/euapp01.newsmemory.com\/lamarseillaise\/news\/wp-json\/wp\/v2\/media\/35616"}],"wp:attachment":[{"href":"https:\/\/euapp01.newsmemory.com\/lamarseillaise\/news\/wp-json\/wp\/v2\/media?parent=35615"}],"wp:term":[{"taxonomy":"category","embeddable":true,"href":"https:\/\/euapp01.newsmemory.com\/lamarseillaise\/news\/wp-json\/wp\/v2\/categories?post=35615"},{"taxonomy":"post_tag","embeddable":true,"href":"https:\/\/euapp01.newsmemory.com\/lamarseillaise\/news\/wp-json\/wp\/v2\/tags?post=35615"},{"taxonomy":"news-destination","embeddable":true,"href":"https:\/\/euapp01.newsmemory.com\/lamarseillaise\/news\/wp-json\/wp\/v2\/news-destination?post=35615"},{"taxonomy":"news-source","embeddable":true,"href":"https:\/\/euapp01.newsmemory.com\/lamarseillaise\/news\/wp-json\/wp\/v2\/news-source?post=35615"},{"taxonomy":"is_homepage","embeddable":true,"href":"https:\/\/euapp01.newsmemory.com\/lamarseillaise\/news\/wp-json\/wp\/v2\/is_homepage?post=35615"},{"taxonomy":"ta_other","embeddable":true,"href":"https:\/\/euapp01.newsmemory.com\/lamarseillaise\/news\/wp-json\/wp\/v2\/ta_other?post=35615"}],"curies":[{"name":"wp","href":"https:\/\/api.w.org\/{rel}","templated":true}]}}