{"id":35612,"date":"2026-07-08T06:38:00","date_gmt":"2026-07-08T04:38:00","guid":{"rendered":"https:\/\/euapp01.newsmemory.com\/lamarseillaise\/news\/?p=35612"},"modified":"2026-07-08T10:12:42","modified_gmt":"2026-07-08T08:12:42","slug":"des-moyens-maintenant","status":"publish","type":"post","link":"https:\/\/euapp01.newsmemory.com\/lamarseillaise\/news\/2026\/07\/08\/des-moyens-maintenant\/","title":{"rendered":"Des moyens maintenant"},"content":{"rendered":"<div class=\"paragraph\">\n<p>Aucun Marseillais n\u2019a oubli\u00e9 ce jour de juillet o\u00f9 le ciel s\u2019est assombri de fum\u00e9e, o\u00f9 des cendres retombaient jusqu\u2019au Vieux-Port et o\u00f9 chacun tentait d\u00e9sesp\u00e9r\u00e9ment de prendre des nouvelles<br \/>de la famille, d\u2019amis, de coll\u00e8gues potentiellement concern\u00e9s. Le feu \u00e9tait entr\u00e9 dans la ville. Cela fait \u00e9videmment \u00e9cho au drame que sont en train de vivre des milliers de personnes dans<br \/>les Pyr\u00e9n\u00e9es Orientales avec 12\u00a0000\u00a0\u00e9vacuations. Les canicules qui s\u2019encha\u00eenent de plus en plus pr\u00e9cocement et intens\u00e9ment rappellent la vuln\u00e9rabilit\u00e9 du pays face aux incendies et soulignent que le sujet est sur la table pour longtemps.<\/p>\n<p><b>Coup de pouce<\/b><\/p>\n<p>Les collectivit\u00e9s locales se d\u00e9m\u00e8nent pour aider du mieux qu\u2019elles le peuvent les soldats du feu en les \u00e9quipant et leur affichant un soutien permanent. Mais c\u2019est au niveau de l\u2019\u00c9tat que se joue une manche fondamentale, celle des canadairs. Que la flotte soit vieillissante n\u2019est pas une nouveaut\u00e9. D\u00e8s 2022, Emmanuel Macron avait fait mention de son intention de la renouveler. Mais entre les probl\u00e8mes de financement qui ont oblig\u00e9 le pays \u00e0 se tourner vers l\u2019Europe pour cofinancer et le fait que les commandes ne soient pas forc\u00e9ment prioritaires pour le seul constructeur actuel \u2013 le canadien De Havilland \u2013 les livraisons sont report\u00e9es et se font toujours attendre.<\/p>\n<p>Pourtant des alternatives se dessinent avec des projets de bombardiers d\u2019eau tricolores. Les uns misent sur la conversion d\u2019avion de passagers court-courrier, d\u2019autres sur des mod\u00e8les hybrides. Et il y a le Fr\u00e9gate F-100 d\u2019Hynaero un bombardier d\u2019eau amphibie fran\u00e7ais aux performances annonc\u00e9es comme redoutables.<br \/>Le fabricant doit s\u2019installer \u00e0 Istres d\u2019ici 2028. Un petit coup de pouce de l\u2019\u00c9tat pour une solution qui garantit une souverainet\u00e9 nationale serait bienvenu.<\/p>\n<\/p><\/div>\n","protected":false},"excerpt":{"rendered":"Aucun Marseillais n&rsquo;a oubli&eacute; ce jour de juillet o&ugrave; le ciel s&rsquo;est assombri de fum&eacute;e, o&ugrave; des cendres retombaient jusqu&rsquo;au Vieux-Port et o&ugrave; chacun tentait d&eacute;sesp&eacute;r&eacute;ment de &#8230;","protected":false},"author":1,"featured_media":35613,"comment_status":"open","ping_status":"open","sticky":false,"template":"","format":"standard","meta":{"footnotes":""},"categories":[332],"tags":[10,314,1372,1900,319,16,320],"news-destination":[],"news-source":[475],"is_homepage":[],"ta_other":[],"class_list":["post-35612","post","type-post","status-publish","format-standard","has-post-thumbnail","hentry","category-edito","tag-bouches-du-rhone","tag-canadair","tag-editoriaux","tag-etat","tag-incendie","tag-marseille","tag-pompiers","news-source-website"],"_links":{"self":[{"href":"https:\/\/euapp01.newsmemory.com\/lamarseillaise\/news\/wp-json\/wp\/v2\/posts\/35612","targetHints":{"allow":["GET"]}}],"collection":[{"href":"https:\/\/euapp01.newsmemory.com\/lamarseillaise\/news\/wp-json\/wp\/v2\/posts"}],"about":[{"href":"https:\/\/euapp01.newsmemory.com\/lamarseillaise\/news\/wp-json\/wp\/v2\/types\/post"}],"author":[{"embeddable":true,"href":"https:\/\/euapp01.newsmemory.com\/lamarseillaise\/news\/wp-json\/wp\/v2\/users\/1"}],"replies":[{"embeddable":true,"href":"https:\/\/euapp01.newsmemory.com\/lamarseillaise\/news\/wp-json\/wp\/v2\/comments?post=35612"}],"version-history":[{"count":1,"href":"https:\/\/euapp01.newsmemory.com\/lamarseillaise\/news\/wp-json\/wp\/v2\/posts\/35612\/revisions"}],"predecessor-version":[{"id":35614,"href":"https:\/\/euapp01.newsmemory.com\/lamarseillaise\/news\/wp-json\/wp\/v2\/posts\/35612\/revisions\/35614"}],"wp:featuredmedia":[{"embeddable":true,"href":"https:\/\/euapp01.newsmemory.com\/lamarseillaise\/news\/wp-json\/wp\/v2\/media\/35613"}],"wp:attachment":[{"href":"https:\/\/euapp01.newsmemory.com\/lamarseillaise\/news\/wp-json\/wp\/v2\/media?parent=35612"}],"wp:term":[{"taxonomy":"category","embeddable":true,"href":"https:\/\/euapp01.newsmemory.com\/lamarseillaise\/news\/wp-json\/wp\/v2\/categories?post=35612"},{"taxonomy":"post_tag","embeddable":true,"href":"https:\/\/euapp01.newsmemory.com\/lamarseillaise\/news\/wp-json\/wp\/v2\/tags?post=35612"},{"taxonomy":"news-destination","embeddable":true,"href":"https:\/\/euapp01.newsmemory.com\/lamarseillaise\/news\/wp-json\/wp\/v2\/news-destination?post=35612"},{"taxonomy":"news-source","embeddable":true,"href":"https:\/\/euapp01.newsmemory.com\/lamarseillaise\/news\/wp-json\/wp\/v2\/news-source?post=35612"},{"taxonomy":"is_homepage","embeddable":true,"href":"https:\/\/euapp01.newsmemory.com\/lamarseillaise\/news\/wp-json\/wp\/v2\/is_homepage?post=35612"},{"taxonomy":"ta_other","embeddable":true,"href":"https:\/\/euapp01.newsmemory.com\/lamarseillaise\/news\/wp-json\/wp\/v2\/ta_other?post=35612"}],"curies":[{"name":"wp","href":"https:\/\/api.w.org\/{rel}","templated":true}]}}