{"id":35609,"date":"2026-07-07T14:07:00","date_gmt":"2026-07-07T12:07:00","guid":{"rendered":"https:\/\/euapp01.newsmemory.com\/lamarseillaise\/news\/?p=35609"},"modified":"2026-07-07T14:27:15","modified_gmt":"2026-07-07T12:27:15","slug":"marine-le-pen-declaree-coupable-mais-eligible-pour-2027","status":"publish","type":"post","link":"https:\/\/euapp01.newsmemory.com\/lamarseillaise\/news\/2026\/07\/07\/marine-le-pen-declaree-coupable-mais-eligible-pour-2027\/","title":{"rendered":"Marine Le Pen d\u00e9clar\u00e9e coupable mais \u00e9ligible pour 2027"},"content":{"rendered":"<div class=\"paragraph\">\n<p>Dans l\u2019affaire des assistants d\u2019eurod\u00e9put\u00e9s du Front national, Marine Le Pen a \u00e9t\u00e9 condamn\u00e9e \u00e0 trois ans de prison dont deux avec sursis et un an ferme sous bracelet \u00e9lectronique ce mardi par la cour d\u2019appel de Paris. Sa peine d\u2019in\u00e9ligibilit\u00e9 de 45 mois dont 30 avec sursis, a d\u00e9j\u00e0 \u00e9t\u00e9 ex\u00e9cut\u00e9e.<\/p>\n<p>La triple candidate \u00e0 l\u2019\u00e9lection pr\u00e9sidentielle pourrait th\u00e9oriquement se pr\u00e9senter pour une quatri\u00e8me campagne mais celle ci avait exclue de la mener avec un bracelet \u00e9lectronique.<\/p>\n<p>\u00abLes faits sont graves\u00bb a r\u00e9p\u00e9t\u00e9 la pr\u00e9sidente de la cour d\u2019appel de Paris, d\u00e8s le d\u00e9but de l\u2019audience qui s\u2019est ouverte \u00e0 13h30.<\/p>\n<p>Marine Le Pen avait \u00e9t\u00e9 condamn\u00e9e en premi\u00e8re instance, l\u2019an dernier, \u00e0 cinq ans d\u2019in\u00e9ligibilit\u00e9 avec ex\u00e9cution imm\u00e9diate pour d\u00e9tournement de fonds du Parlement europ\u00e9en. Elle voit donc sa peine r\u00e9duite.<\/p>\n<\/p><\/div>\n","protected":false},"excerpt":{"rendered":"Dans l&rsquo;affaire des assistants d&rsquo;eurod&eacute;put&eacute;s du Front national, Marine Le Pen a &eacute;t&eacute; condamn&eacute;e &agrave; trois ans de prison dont deux avec sursis et un an ferme sous bracelet &eacute;lectronique ce mardi &#8230;","protected":false},"author":1,"featured_media":35610,"comment_status":"open","ping_status":"open","sticky":false,"template":"","format":"standard","meta":{"footnotes":""},"categories":[330],"tags":[2879,2659,574,571,4107,1031,544],"news-destination":[],"news-source":[475],"is_homepage":[],"ta_other":[],"class_list":["post-35609","post","type-post","status-publish","format-standard","has-post-thumbnail","hentry","category-politique","tag-detournement-de-fonds","tag-front-national","tag-marine-le-pen","tag-paris","tag-parlement-europeen","tag-prison","tag-rassemblement-national","news-source-website"],"_links":{"self":[{"href":"https:\/\/euapp01.newsmemory.com\/lamarseillaise\/news\/wp-json\/wp\/v2\/posts\/35609","targetHints":{"allow":["GET"]}}],"collection":[{"href":"https:\/\/euapp01.newsmemory.com\/lamarseillaise\/news\/wp-json\/wp\/v2\/posts"}],"about":[{"href":"https:\/\/euapp01.newsmemory.com\/lamarseillaise\/news\/wp-json\/wp\/v2\/types\/post"}],"author":[{"embeddable":true,"href":"https:\/\/euapp01.newsmemory.com\/lamarseillaise\/news\/wp-json\/wp\/v2\/users\/1"}],"replies":[{"embeddable":true,"href":"https:\/\/euapp01.newsmemory.com\/lamarseillaise\/news\/wp-json\/wp\/v2\/comments?post=35609"}],"version-history":[{"count":1,"href":"https:\/\/euapp01.newsmemory.com\/lamarseillaise\/news\/wp-json\/wp\/v2\/posts\/35609\/revisions"}],"predecessor-version":[{"id":35611,"href":"https:\/\/euapp01.newsmemory.com\/lamarseillaise\/news\/wp-json\/wp\/v2\/posts\/35609\/revisions\/35611"}],"wp:featuredmedia":[{"embeddable":true,"href":"https:\/\/euapp01.newsmemory.com\/lamarseillaise\/news\/wp-json\/wp\/v2\/media\/35610"}],"wp:attachment":[{"href":"https:\/\/euapp01.newsmemory.com\/lamarseillaise\/news\/wp-json\/wp\/v2\/media?parent=35609"}],"wp:term":[{"taxonomy":"category","embeddable":true,"href":"https:\/\/euapp01.newsmemory.com\/lamarseillaise\/news\/wp-json\/wp\/v2\/categories?post=35609"},{"taxonomy":"post_tag","embeddable":true,"href":"https:\/\/euapp01.newsmemory.com\/lamarseillaise\/news\/wp-json\/wp\/v2\/tags?post=35609"},{"taxonomy":"news-destination","embeddable":true,"href":"https:\/\/euapp01.newsmemory.com\/lamarseillaise\/news\/wp-json\/wp\/v2\/news-destination?post=35609"},{"taxonomy":"news-source","embeddable":true,"href":"https:\/\/euapp01.newsmemory.com\/lamarseillaise\/news\/wp-json\/wp\/v2\/news-source?post=35609"},{"taxonomy":"is_homepage","embeddable":true,"href":"https:\/\/euapp01.newsmemory.com\/lamarseillaise\/news\/wp-json\/wp\/v2\/is_homepage?post=35609"},{"taxonomy":"ta_other","embeddable":true,"href":"https:\/\/euapp01.newsmemory.com\/lamarseillaise\/news\/wp-json\/wp\/v2\/ta_other?post=35609"}],"curies":[{"name":"wp","href":"https:\/\/api.w.org\/{rel}","templated":true}]}}