{"id":35596,"date":"2026-07-07T09:50:00","date_gmt":"2026-07-07T07:50:00","guid":{"rendered":"https:\/\/euapp01.newsmemory.com\/lamarseillaise\/news\/?p=35596"},"modified":"2026-07-09T22:10:46","modified_gmt":"2026-07-09T20:10:46","slug":"messonnier-a-impose-sa-loy-a-lequipe-gregori","status":"publish","type":"post","link":"https:\/\/euapp01.newsmemory.com\/lamarseillaise\/news\/2026\/07\/07\/messonnier-a-impose-sa-loy-a-lequipe-gregori\/","title":{"rendered":"Messonnier a impos\u00e9 sa Loy \u00e0 l\u2019\u00e9quipe Gr\u00e9gori"},"content":{"rendered":"<div class=\"paragraph\">\n<p>Apr\u00e8s un rude cinqui\u00e8me tour, o\u00f9 une \u00e9quipe de G\u00e9menos les ont pouss\u00e9s dans leurs retranchements, Patrick Messonnier, double vainqueur du Mondial, Yohan Cousin, membre du collectif France, et Michel Loy, triple champion du monde, ont connu lundi une fin de journ\u00e9e plus confortable. Pourtant, sur le papier, leur 64<sup>e<\/sup> de finale face \u00e0 la formation des Proven\u00e7aux Steve Gimenez et Patrice Gr\u00e9gori, aujourd\u2019hui pensionnaires du Saint-Georges P\u00e9tanque sur l\u2019\u00eele de Beaut\u00e9, pouvait grandement les inqui\u00e9ter par leur force de frappe. Mais le niveau de jeu de Michel Loy a fait la diff\u00e9rence. <i>Dura lex, sed lex<\/i>.<\/p>\n<\/p><\/div>\n<div class=\"paragraph\">\n<p><i>6<\/i><i><sup>e<\/sup><\/i><i> partie<\/i><\/p>\n<\/p><\/div>\n","protected":false},"excerpt":{"rendered":"Apr&egrave;s un rude cinqui&egrave;me tour, o&ugrave; une &eacute;quipe de G&eacute;menos les ont pouss&eacute;s dans leurs retranchements, Patrick Messonnier, double vainqueur du Mondial, Yohan Cousin, membre du collectif France, et Michel Loy, &#8230;","protected":false},"author":1,"featured_media":35597,"comment_status":"open","ping_status":"open","sticky":false,"template":"","format":"standard","meta":{"footnotes":""},"categories":[7],"tags":[10,16,4647,6033],"news-destination":[],"news-source":[475],"is_homepage":[],"ta_other":[],"class_list":["post-35596","post","type-post","status-publish","format-standard","has-post-thumbnail","hentry","category-sports","tag-bouches-du-rhone","tag-marseille","tag-mlm2026","tag-mondial-2026","news-source-website"],"_links":{"self":[{"href":"https:\/\/euapp01.newsmemory.com\/lamarseillaise\/news\/wp-json\/wp\/v2\/posts\/35596","targetHints":{"allow":["GET"]}}],"collection":[{"href":"https:\/\/euapp01.newsmemory.com\/lamarseillaise\/news\/wp-json\/wp\/v2\/posts"}],"about":[{"href":"https:\/\/euapp01.newsmemory.com\/lamarseillaise\/news\/wp-json\/wp\/v2\/types\/post"}],"author":[{"embeddable":true,"href":"https:\/\/euapp01.newsmemory.com\/lamarseillaise\/news\/wp-json\/wp\/v2\/users\/1"}],"replies":[{"embeddable":true,"href":"https:\/\/euapp01.newsmemory.com\/lamarseillaise\/news\/wp-json\/wp\/v2\/comments?post=35596"}],"version-history":[{"count":1,"href":"https:\/\/euapp01.newsmemory.com\/lamarseillaise\/news\/wp-json\/wp\/v2\/posts\/35596\/revisions"}],"predecessor-version":[{"id":35598,"href":"https:\/\/euapp01.newsmemory.com\/lamarseillaise\/news\/wp-json\/wp\/v2\/posts\/35596\/revisions\/35598"}],"wp:featuredmedia":[{"embeddable":true,"href":"https:\/\/euapp01.newsmemory.com\/lamarseillaise\/news\/wp-json\/wp\/v2\/media\/35597"}],"wp:attachment":[{"href":"https:\/\/euapp01.newsmemory.com\/lamarseillaise\/news\/wp-json\/wp\/v2\/media?parent=35596"}],"wp:term":[{"taxonomy":"category","embeddable":true,"href":"https:\/\/euapp01.newsmemory.com\/lamarseillaise\/news\/wp-json\/wp\/v2\/categories?post=35596"},{"taxonomy":"post_tag","embeddable":true,"href":"https:\/\/euapp01.newsmemory.com\/lamarseillaise\/news\/wp-json\/wp\/v2\/tags?post=35596"},{"taxonomy":"news-destination","embeddable":true,"href":"https:\/\/euapp01.newsmemory.com\/lamarseillaise\/news\/wp-json\/wp\/v2\/news-destination?post=35596"},{"taxonomy":"news-source","embeddable":true,"href":"https:\/\/euapp01.newsmemory.com\/lamarseillaise\/news\/wp-json\/wp\/v2\/news-source?post=35596"},{"taxonomy":"is_homepage","embeddable":true,"href":"https:\/\/euapp01.newsmemory.com\/lamarseillaise\/news\/wp-json\/wp\/v2\/is_homepage?post=35596"},{"taxonomy":"ta_other","embeddable":true,"href":"https:\/\/euapp01.newsmemory.com\/lamarseillaise\/news\/wp-json\/wp\/v2\/ta_other?post=35596"}],"curies":[{"name":"wp","href":"https:\/\/api.w.org\/{rel}","templated":true}]}}