{"id":35587,"date":"2026-07-07T09:51:01","date_gmt":"2026-07-07T07:51:01","guid":{"rendered":"https:\/\/euapp01.newsmemory.com\/lamarseillaise\/news\/?p=35587"},"modified":"2026-07-07T10:21:22","modified_gmt":"2026-07-07T08:21:22","slug":"un-lundi-dinitiation-tourne-vers-le-handicap","status":"publish","type":"post","link":"https:\/\/euapp01.newsmemory.com\/lamarseillaise\/news\/2026\/07\/07\/un-lundi-dinitiation-tourne-vers-le-handicap\/","title":{"rendered":"Un lundi d\u2019initiation tourn\u00e9 vers le handicap"},"content":{"rendered":"<div class=\"paragraph\">\n<p>P<i>alalalala, je t\u2019ai battu<\/i><i>\u00a0<\/i><i>! \u00c7a va, pas trop dur d\u2019\u00eatre nul<\/i><i>\u00a0<\/i><i>?<\/i>\u00a0\u00bb, s\u2019exclame, railleur, le cadet du petit groupe venu du centre Saint-Rapha\u00ebl (14<sup>e<\/sup>), foyer de vie pour personnes atteintes de handicaps mentaux, pour participer \u00e0 une initiation p\u00e9tanque en marge du Mondial. \u00ab<i>\u00a0<\/i><i>Trop concentr\u00e9<\/i>\u00a0\u00bb pour r\u00e9pondre \u00e0 nos questions, le jeune homme a \u00e9t\u00e9 invit\u00e9, comme ses cinq autres camarades, par le D\u00e9partement des Bouches-du-Rh\u00f4ne pour prendre part \u00e0 une matin\u00e9e conviviale autour des boules. Avec eux, six r\u00e9sidents du foyer Exister, install\u00e9 \u00e0 Peypin, ont eux aussi \u00e9t\u00e9 convi\u00e9s.<\/p>\n<p>Pour les coacher lundi matin\u00a0: \u00ab\u00a0Mimi\u00a0\u00bb des Amis de Saint-Julien et Yannick, tous deux \u00e9ducateurs en \u00e9cole de p\u00e9tanque. Trois \u00e9preuves leur sont pr\u00e9sent\u00e9es\u00a0: le point, le tir, et la boule \u00ab\u00a0[Philippe] <i>Quintais<\/i><i>\u00a0<\/i>\u00bb, joueur de p\u00e9tanque cinq fois vainqueur du Mondial. \u00ab\u00a0<i>Sans doute l\u2019\u00e9preuve qui repose le plus sur la chance<\/i>\u00a0\u00bb, note Mimi. Le principe\u00a0? Parvenir \u00e0 coincer sa boule dans l\u2019un des trous creus\u00e9s sur une planche \u00e0 l\u2019effigie du mythique joueur. \u00ab<i>\u00a0<\/i><i>Ils sont bon public, partout o\u00f9 on les emm\u00e8ne ils se r\u00e9galent, \u00e0 partir du moment o\u00f9 ils arrivent motiv\u00e9s<\/i><i>\u00a0<\/i><i>\u00bb,<\/i> glisse Arnaud Farin, \u00e9ducateur sp\u00e9cialis\u00e9 \u00e0 Exister, ravi de l\u2019enthousiasme que suscite l\u2019activit\u00e9.<i><\/i><\/p>\n<\/p><\/div>\n","protected":false},"excerpt":{"rendered":"Palalalala, je t&rsquo;ai battu&nbsp;! &Ccedil;a va, pas trop dur d&rsquo;&ecirc;tre nul&nbsp;?&nbsp;&raquo;, s&rsquo;exclame, railleur, le cadet du petit groupe venu du centre Saint-Rapha&euml;l (14e), foyer de vie pour personnes atteintes de &#8230;","protected":false},"author":1,"featured_media":35588,"comment_status":"open","ping_status":"open","sticky":false,"template":"","format":"standard","meta":{"footnotes":""},"categories":[7],"tags":[1753,3810,1066,1300,15,16,6033,1013,4952],"news-destination":[],"news-source":[475],"is_homepage":[],"ta_other":[],"class_list":["post-35587","post","type-post","status-publish","format-standard","has-post-thumbnail","hentry","category-sports","tag-educateurs","tag-foyer","tag-handicap","tag-inclusion","tag-joueur","tag-marseille","tag-mondial-2026","tag-petanque","tag-pmr","news-source-website"],"_links":{"self":[{"href":"https:\/\/euapp01.newsmemory.com\/lamarseillaise\/news\/wp-json\/wp\/v2\/posts\/35587","targetHints":{"allow":["GET"]}}],"collection":[{"href":"https:\/\/euapp01.newsmemory.com\/lamarseillaise\/news\/wp-json\/wp\/v2\/posts"}],"about":[{"href":"https:\/\/euapp01.newsmemory.com\/lamarseillaise\/news\/wp-json\/wp\/v2\/types\/post"}],"author":[{"embeddable":true,"href":"https:\/\/euapp01.newsmemory.com\/lamarseillaise\/news\/wp-json\/wp\/v2\/users\/1"}],"replies":[{"embeddable":true,"href":"https:\/\/euapp01.newsmemory.com\/lamarseillaise\/news\/wp-json\/wp\/v2\/comments?post=35587"}],"version-history":[{"count":1,"href":"https:\/\/euapp01.newsmemory.com\/lamarseillaise\/news\/wp-json\/wp\/v2\/posts\/35587\/revisions"}],"predecessor-version":[{"id":35589,"href":"https:\/\/euapp01.newsmemory.com\/lamarseillaise\/news\/wp-json\/wp\/v2\/posts\/35587\/revisions\/35589"}],"wp:featuredmedia":[{"embeddable":true,"href":"https:\/\/euapp01.newsmemory.com\/lamarseillaise\/news\/wp-json\/wp\/v2\/media\/35588"}],"wp:attachment":[{"href":"https:\/\/euapp01.newsmemory.com\/lamarseillaise\/news\/wp-json\/wp\/v2\/media?parent=35587"}],"wp:term":[{"taxonomy":"category","embeddable":true,"href":"https:\/\/euapp01.newsmemory.com\/lamarseillaise\/news\/wp-json\/wp\/v2\/categories?post=35587"},{"taxonomy":"post_tag","embeddable":true,"href":"https:\/\/euapp01.newsmemory.com\/lamarseillaise\/news\/wp-json\/wp\/v2\/tags?post=35587"},{"taxonomy":"news-destination","embeddable":true,"href":"https:\/\/euapp01.newsmemory.com\/lamarseillaise\/news\/wp-json\/wp\/v2\/news-destination?post=35587"},{"taxonomy":"news-source","embeddable":true,"href":"https:\/\/euapp01.newsmemory.com\/lamarseillaise\/news\/wp-json\/wp\/v2\/news-source?post=35587"},{"taxonomy":"is_homepage","embeddable":true,"href":"https:\/\/euapp01.newsmemory.com\/lamarseillaise\/news\/wp-json\/wp\/v2\/is_homepage?post=35587"},{"taxonomy":"ta_other","embeddable":true,"href":"https:\/\/euapp01.newsmemory.com\/lamarseillaise\/news\/wp-json\/wp\/v2\/ta_other?post=35587"}],"curies":[{"name":"wp","href":"https:\/\/api.w.org\/{rel}","templated":true}]}}