{"id":35584,"date":"2026-07-07T09:52:00","date_gmt":"2026-07-07T07:52:00","guid":{"rendered":"https:\/\/euapp01.newsmemory.com\/lamarseillaise\/news\/?p=35584"},"modified":"2026-07-07T10:21:22","modified_gmt":"2026-07-07T08:21:22","slug":"recycler-pour-aider-lambition-de-lassociation-ramh","status":"publish","type":"post","link":"https:\/\/euapp01.newsmemory.com\/lamarseillaise\/news\/2026\/07\/07\/recycler-pour-aider-lambition-de-lassociation-ramh\/","title":{"rendered":"Recycler pour aider, l\u2019ambition de l\u2019association Ramh"},"content":{"rendered":"<div class=\"paragraph\">\n<p>Depuis une demi-d\u00e9cennie, l\u2019association Relais d\u2019aides mat\u00e9rielles aux handicap\u00e9s (Ramh) prend part au Mondial La Marseillaise pour mener \u00e0 bien sa mission\u00a0: r\u00e9colter les d\u00e9chets, les recycler et verser les b\u00e9n\u00e9fices aux personnes en situation de handicap. \u00ab\u00a0<i>Il y a 22 ans, quand j\u2019ai cr\u00e9\u00e9 l\u2019association, nous avons d\u00e9marr\u00e9 par le recyclage de bouchons ou couvercles en plastique<\/i>, retrace Jean-Philippe Jaen, pr\u00e9sident de la structure. <i>Aujourd\u2019hui, nous avons \u00e9largi \u00e0 tous les types de bouchons<\/i><i>\u00a0<\/i><i>: plastique, m\u00e9tal, li\u00e8ge, couvercles de pots de confiture&#8230;<\/i> <i>On recycle aussi les radiographies m\u00e9dicales, les cartouches d\u2019encre, et m\u00eame l\u2019informatique, que l\u2019on r\u00e9adapte<\/i><i>\u00a0<\/i><i>\u00bb. <\/i>Le principe\u00a0: revendre les objets r\u00e9cup\u00e9r\u00e9s et utiliser les gains pour aider \u00ab\u00a0<i>toute personne non valide, c\u2019est-\u00e0-dire handicap\u00e9e par sa sant\u00e9 dans son quotidien, qu\u2019il s\u2019agisse d\u2019un handicap moteur, d\u2019une maladie mentale ou autre<\/i><i>\u00a0<\/i>\u00bb, d\u00e9taille le pr\u00e9sident. Et le format des aides propos\u00e9es est tr\u00e8s variable\u00a0: certaines sont \u00ab\u00a0<i>sp\u00e9cifiques<\/i>\u00a0\u00bb, comme celle fournie chaque ann\u00e9e \u00e0 l\u2019Institut Paoli-Calmettes, centre de traitement du cancer \u00e0 Marseille (9<sup>e<\/sup>), ou plus ponctuelles, propos\u00e9es \u00e0 des particuliers. \u00ab\u00a0<i>\u00c0 titre d\u2019exemple, nous avons r\u00e9cemment aid\u00e9 un couple de jeunes parents en fauteuil roulant \u00e0 financer un lit adapt\u00e9 pour qu\u2019ils puissent s\u2019occuper de leur nourrisson<\/i><i>\u00a0<\/i>\u00bb, d\u00e9taille Jean-Philippe Jaen.<\/p>\n<\/p><\/div>\n<div class=\"intext\"> L\u2019occasion d\u2019une grande r\u00e9colte\n              <\/div>\n<div class=\"paragraph\">\n<p>Au d\u00e9part, seulement pr\u00e9sente pour le Mondial des femmes, l\u2019association a depuis deux \u00e0 trois ans \u00e9largi son niveau d\u2019implication pour devenir \u00ab\u00a0<i>presque sponso<\/i><i>\u00a0<\/i>\u00bb de l\u2019AJCM, structure \u00e0 l\u2019origine de l\u2019organisation du Handi Mondial \u00e0 P\u00e9tanque. \u00ab\u00a0<i>On finance une grande partie des tee-shirts<\/i><i>\u00a0<\/i>\u00bb, d\u00e9taille le pr\u00e9sident.<\/p>\n<p>Les six jours d\u2019\u00e9v\u00e9nement sont aussi bien s\u00fbr l\u2019occasion de r\u00e9colter de quoi recycler. Lundi apr\u00e8s-midi, Ramh en \u00e9tait \u00e0 120kg de bouchons.<\/p>\n<\/p><\/div>\n","protected":false},"excerpt":{"rendered":"Depuis une demi-d&eacute;cennie, l&rsquo;association Relais d&rsquo;aides mat&eacute;rielles aux handicap&eacute;s (Ramh) prend part au Mondial La Marseillaise pour mener &agrave; bien sa mission&nbsp;: r&eacute;colter les d&eacute;chets, les &#8230;","protected":false},"author":1,"featured_media":35585,"comment_status":"open","ping_status":"open","sticky":false,"template":"","format":"standard","meta":{"footnotes":""},"categories":[7],"tags":[143,2550,725,5259,1066,6033,3332,2239],"news-destination":[],"news-source":[475],"is_homepage":[],"ta_other":[],"class_list":["post-35584","post","type-post","status-publish","format-standard","has-post-thumbnail","hentry","category-sports","tag-associatif","tag-bouchons","tag-dechets","tag-handi-mondial","tag-handicap","tag-mondial-2026","tag-mondial-a-petanque","tag-recyclage","news-source-website"],"_links":{"self":[{"href":"https:\/\/euapp01.newsmemory.com\/lamarseillaise\/news\/wp-json\/wp\/v2\/posts\/35584","targetHints":{"allow":["GET"]}}],"collection":[{"href":"https:\/\/euapp01.newsmemory.com\/lamarseillaise\/news\/wp-json\/wp\/v2\/posts"}],"about":[{"href":"https:\/\/euapp01.newsmemory.com\/lamarseillaise\/news\/wp-json\/wp\/v2\/types\/post"}],"author":[{"embeddable":true,"href":"https:\/\/euapp01.newsmemory.com\/lamarseillaise\/news\/wp-json\/wp\/v2\/users\/1"}],"replies":[{"embeddable":true,"href":"https:\/\/euapp01.newsmemory.com\/lamarseillaise\/news\/wp-json\/wp\/v2\/comments?post=35584"}],"version-history":[{"count":1,"href":"https:\/\/euapp01.newsmemory.com\/lamarseillaise\/news\/wp-json\/wp\/v2\/posts\/35584\/revisions"}],"predecessor-version":[{"id":35586,"href":"https:\/\/euapp01.newsmemory.com\/lamarseillaise\/news\/wp-json\/wp\/v2\/posts\/35584\/revisions\/35586"}],"wp:featuredmedia":[{"embeddable":true,"href":"https:\/\/euapp01.newsmemory.com\/lamarseillaise\/news\/wp-json\/wp\/v2\/media\/35585"}],"wp:attachment":[{"href":"https:\/\/euapp01.newsmemory.com\/lamarseillaise\/news\/wp-json\/wp\/v2\/media?parent=35584"}],"wp:term":[{"taxonomy":"category","embeddable":true,"href":"https:\/\/euapp01.newsmemory.com\/lamarseillaise\/news\/wp-json\/wp\/v2\/categories?post=35584"},{"taxonomy":"post_tag","embeddable":true,"href":"https:\/\/euapp01.newsmemory.com\/lamarseillaise\/news\/wp-json\/wp\/v2\/tags?post=35584"},{"taxonomy":"news-destination","embeddable":true,"href":"https:\/\/euapp01.newsmemory.com\/lamarseillaise\/news\/wp-json\/wp\/v2\/news-destination?post=35584"},{"taxonomy":"news-source","embeddable":true,"href":"https:\/\/euapp01.newsmemory.com\/lamarseillaise\/news\/wp-json\/wp\/v2\/news-source?post=35584"},{"taxonomy":"is_homepage","embeddable":true,"href":"https:\/\/euapp01.newsmemory.com\/lamarseillaise\/news\/wp-json\/wp\/v2\/is_homepage?post=35584"},{"taxonomy":"ta_other","embeddable":true,"href":"https:\/\/euapp01.newsmemory.com\/lamarseillaise\/news\/wp-json\/wp\/v2\/ta_other?post=35584"}],"curies":[{"name":"wp","href":"https:\/\/api.w.org\/{rel}","templated":true}]}}