{"id":35575,"date":"2026-07-07T10:03:00","date_gmt":"2026-07-07T08:03:00","guid":{"rendered":"https:\/\/euapp01.newsmemory.com\/lamarseillaise\/news\/?p=35575"},"modified":"2026-07-07T10:21:22","modified_gmt":"2026-07-07T08:21:22","slug":"erilia-a-inaugure-une-agence-renovee-a-gardanne","status":"publish","type":"post","link":"https:\/\/euapp01.newsmemory.com\/lamarseillaise\/news\/2026\/07\/07\/erilia-a-inaugure-une-agence-renovee-a-gardanne\/","title":{"rendered":"Erilia a inaugur\u00e9 une agence r\u00e9nov\u00e9e \u00e0 Gardanne"},"content":{"rendered":"<div class=\"paragraph\">\n<p>Plac\u00e9e sous la direction de Laetitia Bernier, cette agence assure la gestion de 5\u00a0312\u00a0logements sociaux, 287\u00a0h\u00e9bergements en foyer et 22\u00a0logements interm\u00e9diaires. Son p\u00e9rim\u00e8tre d\u2019intervention s\u2019\u00e9tend sur un territoire qui relie Gardanne, le bassin minier, le Pays d\u2019Aix, l\u2019\u00c9tang de Berre et le pays salonais. Une antenne situ\u00e9e \u00e0 Salon-de-Provence lui est \u00e9galement rattach\u00e9e, \u00ab\u00a0<i>afin de conforter le maillage territorial et de garantir une pr\u00e9sence de proximit\u00e9 sur l\u2019ensemble du p\u00e9rim\u00e8tre<\/i>\u00a0\u00bb, pr\u00e9cise le bailleur.<\/p>\n<\/p><\/div>\n","protected":false},"excerpt":{"rendered":"Plac&eacute;e sous la direction de Laetitia Bernier, cette agence assure la gestion de 5&nbsp;312&nbsp;logements sociaux, 287&nbsp;h&eacute;bergements en foyer et 22&nbsp;logements interm&eacute;diaires. Son p&eacute;rim&egrave;tre &#8230;","protected":false},"author":1,"featured_media":35576,"comment_status":"open","ping_status":"open","sticky":false,"template":"","format":"standard","meta":{"footnotes":""},"categories":[20],"tags":[10,48,831,2442,402,506,137],"news-destination":[],"news-source":[475],"is_homepage":[],"ta_other":[],"class_list":["post-35575","post","type-post","status-publish","format-standard","has-post-thumbnail","hentry","category-societe","tag-bouches-du-rhone","tag-erilia","tag-gardanne","tag-herve-granier","tag-inauguration","tag-logements-sociaux","tag-territoire","news-source-website"],"_links":{"self":[{"href":"https:\/\/euapp01.newsmemory.com\/lamarseillaise\/news\/wp-json\/wp\/v2\/posts\/35575","targetHints":{"allow":["GET"]}}],"collection":[{"href":"https:\/\/euapp01.newsmemory.com\/lamarseillaise\/news\/wp-json\/wp\/v2\/posts"}],"about":[{"href":"https:\/\/euapp01.newsmemory.com\/lamarseillaise\/news\/wp-json\/wp\/v2\/types\/post"}],"author":[{"embeddable":true,"href":"https:\/\/euapp01.newsmemory.com\/lamarseillaise\/news\/wp-json\/wp\/v2\/users\/1"}],"replies":[{"embeddable":true,"href":"https:\/\/euapp01.newsmemory.com\/lamarseillaise\/news\/wp-json\/wp\/v2\/comments?post=35575"}],"version-history":[{"count":1,"href":"https:\/\/euapp01.newsmemory.com\/lamarseillaise\/news\/wp-json\/wp\/v2\/posts\/35575\/revisions"}],"predecessor-version":[{"id":35577,"href":"https:\/\/euapp01.newsmemory.com\/lamarseillaise\/news\/wp-json\/wp\/v2\/posts\/35575\/revisions\/35577"}],"wp:featuredmedia":[{"embeddable":true,"href":"https:\/\/euapp01.newsmemory.com\/lamarseillaise\/news\/wp-json\/wp\/v2\/media\/35576"}],"wp:attachment":[{"href":"https:\/\/euapp01.newsmemory.com\/lamarseillaise\/news\/wp-json\/wp\/v2\/media?parent=35575"}],"wp:term":[{"taxonomy":"category","embeddable":true,"href":"https:\/\/euapp01.newsmemory.com\/lamarseillaise\/news\/wp-json\/wp\/v2\/categories?post=35575"},{"taxonomy":"post_tag","embeddable":true,"href":"https:\/\/euapp01.newsmemory.com\/lamarseillaise\/news\/wp-json\/wp\/v2\/tags?post=35575"},{"taxonomy":"news-destination","embeddable":true,"href":"https:\/\/euapp01.newsmemory.com\/lamarseillaise\/news\/wp-json\/wp\/v2\/news-destination?post=35575"},{"taxonomy":"news-source","embeddable":true,"href":"https:\/\/euapp01.newsmemory.com\/lamarseillaise\/news\/wp-json\/wp\/v2\/news-source?post=35575"},{"taxonomy":"is_homepage","embeddable":true,"href":"https:\/\/euapp01.newsmemory.com\/lamarseillaise\/news\/wp-json\/wp\/v2\/is_homepage?post=35575"},{"taxonomy":"ta_other","embeddable":true,"href":"https:\/\/euapp01.newsmemory.com\/lamarseillaise\/news\/wp-json\/wp\/v2\/ta_other?post=35575"}],"curies":[{"name":"wp","href":"https:\/\/api.w.org\/{rel}","templated":true}]}}