{"id":35572,"date":"2026-07-07T09:37:00","date_gmt":"2026-07-07T07:37:00","guid":{"rendered":"https:\/\/euapp01.newsmemory.com\/lamarseillaise\/news\/?p=35572"},"modified":"2026-07-11T08:46:56","modified_gmt":"2026-07-11T06:46:56","slug":"qualite-de-lair-le-climat-est-un-facteur-determinant","status":"publish","type":"post","link":"https:\/\/euapp01.newsmemory.com\/lamarseillaise\/news\/2026\/07\/07\/qualite-de-lair-le-climat-est-un-facteur-determinant\/","title":{"rendered":"Qualit\u00e9 de l\u2019air : \u00ab Le climat est un facteur d\u00e9terminant \u00bb"},"content":{"rendered":"<div class=\"paragraph\">\n<p>L\u2019Atmo Occitanie dresse le bilan de 2025. <i>\u00ab<\/i><i>\u00a0<\/i><i>La qualit\u00e9 de l\u2019air s\u2019am\u00e9liore globalement mais il reste du contraste entre les territoires<\/i><i>\u00a0<\/i><i>\u00bb,<\/i> d\u00e9clare d\u2019entr\u00e9e \u00c9milie Dalix, pr\u00e9sidente de l\u2019association agr\u00e9e par l\u2019\u00c9tat pour surveiller et informer sur la qualit\u00e9 de l\u2019air. Un travail vital dans un contexte o\u00f9 la pollution atmosph\u00e9rique constitue la 2<sup>e<\/sup> cause de mortalit\u00e9 \u00e9vitable en France, faisant chaque ann\u00e9e 40\u00a0000\u00a0victimes.<\/p>\n<p>\u00c0 l\u2019occasion du 40<sup>e<\/sup>\u00a0anniversaire de la Loi Laure qui reconna\u00eet \u00e0 chacun le droit de respirer un air qui ne nuise pas \u00e0 sa sant\u00e9, le groupe est optimiste. <i>\u00ab<\/i><i>\u00a0<\/i><i>La situation reste stable en Occitanie et les tendances de fond sont plut\u00f4t positives<\/i><i>\u00a0<\/i><i>\u00bb<\/i> se f\u00e9licite la pr\u00e9sidente d\u2019Atmo. Baisse d\u2019\u00e9missions des gaz \u00e0 effet de serre (GES) sur le territoire, diminution de 6% des consommations d\u2019\u00e9nergie et recul sur le long terme des \u00e9missions de polluants atmosph\u00e9riques\u00a0: 2025 tire un bilan encourageant malgr\u00e9 un \u00e9t\u00e9 chaud propice \u00e0 la formation d\u2019ozone. Les politiques de modernisation du parc de v\u00e9hicules et des processus industriels semblent porter leurs fruits.<\/p>\n<\/p><\/div>\n<div class=\"intext\"> L\u2019urgence d\u2019agir\n              <\/div>\n<div class=\"paragraph\">\n<p>Mais 2026 s\u2019annonce difficile. L\u2019Ari\u00e8ge, la Haute-Garonne et les Hautes-Pyr\u00e9n\u00e9es \u00e9taient en alerte rouge pollution aux particules en suspension PM10 la semaine pass\u00e9e. Un ph\u00e9nom\u00e8ne expliqu\u00e9 par les retomb\u00e9es des poussi\u00e8res d\u00e9sertiques, de plus en plus fr\u00e9quentes en raison des \u00e9pisodes r\u00e9p\u00e9t\u00e9s de fortes chaleurs. <i>\u00ab<\/i><i>\u00a0<\/i><i>Le climat devient un facteur d\u00e9terminant de la qualit\u00e9 de l\u2019air<\/i><i>\u00a0<\/i><i>\u00bb,<\/i> assure \u00c9milie Dalix, expliquant que les incendies m\u00eame tr\u00e8s \u00e9loign\u00e9s alimentent la d\u00e9gradation de la qualit\u00e9 de l\u2019air, comme ceux qui ont touch\u00e9 le Canada, l\u2019Espagne et le Portugal. <i>\u00ab<\/i><i>\u00a0<\/i><i>La pollution n\u2019a pas de fronti\u00e8res<\/i><i>\u00a0<\/i><i>\u00bb,<\/i> rappelle-t-elle.<\/p>\n<p>Les particules fines et le dioxyde d\u2019azote se concentrent \u00e0 proximit\u00e9 des axes routiers. Un enjeu de sant\u00e9 publique qu\u2019une future directive europ\u00e9enne entend traiter en divisant par deux les valeurs limites d\u2019exposition \u00e0 plusieurs polluants d\u2019ici 2030. Les aires urbaines de Toulouse, Montpellier, N\u00eemes et Perpignan font donc l\u2019objet d\u2019un suivi accru via des Plans de Protection Atmosph\u00e9rique. L\u2019Atmo est pleine d\u2019espoir\u00a0: malgr\u00e9 une augmentation d\u00e9mographique, les \u00e9missions de GES ont diminu\u00e9, tout comme et le nombre de personnes expos\u00e9es aux d\u00e9passements des taux de pollution encadr\u00e9s. Un bilan qui se veut positif mais qui montre que la sensibilisation aux questions de pollution reste une priorit\u00e9 sanitaire.<\/p>\n<\/p><\/div>\n","protected":false},"excerpt":{"rendered":"L&rsquo;Atmo Occitanie dresse le bilan de 2025. &laquo;&nbsp;La qualit&eacute; de l&rsquo;air s&rsquo;am&eacute;liore globalement mais il reste du contraste entre les territoires&nbsp;&raquo;, d&eacute;clare d&rsquo;entr&eacute;e &Eacute;milie &#8230;","protected":false},"author":1,"featured_media":35573,"comment_status":"open","ping_status":"open","sticky":false,"template":"","format":"standard","meta":{"footnotes":""},"categories":[3926,3925,333],"tags":[207,2539,284,116,3174,30],"news-destination":[3944],"news-source":[475],"is_homepage":[],"ta_other":[],"class_list":["post-35572","post","type-post","status-publish","format-standard","has-post-thumbnail","hentry","category-accueil-merge","category-accueil-third","category-environnement","tag-changement-climatique","tag-gaz-a-effets-de-serre","tag-occitanie","tag-pollution","tag-qualite-de-lair","tag-sante-publique","news-destination-homepage","news-source-website"],"_links":{"self":[{"href":"https:\/\/euapp01.newsmemory.com\/lamarseillaise\/news\/wp-json\/wp\/v2\/posts\/35572","targetHints":{"allow":["GET"]}}],"collection":[{"href":"https:\/\/euapp01.newsmemory.com\/lamarseillaise\/news\/wp-json\/wp\/v2\/posts"}],"about":[{"href":"https:\/\/euapp01.newsmemory.com\/lamarseillaise\/news\/wp-json\/wp\/v2\/types\/post"}],"author":[{"embeddable":true,"href":"https:\/\/euapp01.newsmemory.com\/lamarseillaise\/news\/wp-json\/wp\/v2\/users\/1"}],"replies":[{"embeddable":true,"href":"https:\/\/euapp01.newsmemory.com\/lamarseillaise\/news\/wp-json\/wp\/v2\/comments?post=35572"}],"version-history":[{"count":1,"href":"https:\/\/euapp01.newsmemory.com\/lamarseillaise\/news\/wp-json\/wp\/v2\/posts\/35572\/revisions"}],"predecessor-version":[{"id":35574,"href":"https:\/\/euapp01.newsmemory.com\/lamarseillaise\/news\/wp-json\/wp\/v2\/posts\/35572\/revisions\/35574"}],"wp:featuredmedia":[{"embeddable":true,"href":"https:\/\/euapp01.newsmemory.com\/lamarseillaise\/news\/wp-json\/wp\/v2\/media\/35573"}],"wp:attachment":[{"href":"https:\/\/euapp01.newsmemory.com\/lamarseillaise\/news\/wp-json\/wp\/v2\/media?parent=35572"}],"wp:term":[{"taxonomy":"category","embeddable":true,"href":"https:\/\/euapp01.newsmemory.com\/lamarseillaise\/news\/wp-json\/wp\/v2\/categories?post=35572"},{"taxonomy":"post_tag","embeddable":true,"href":"https:\/\/euapp01.newsmemory.com\/lamarseillaise\/news\/wp-json\/wp\/v2\/tags?post=35572"},{"taxonomy":"news-destination","embeddable":true,"href":"https:\/\/euapp01.newsmemory.com\/lamarseillaise\/news\/wp-json\/wp\/v2\/news-destination?post=35572"},{"taxonomy":"news-source","embeddable":true,"href":"https:\/\/euapp01.newsmemory.com\/lamarseillaise\/news\/wp-json\/wp\/v2\/news-source?post=35572"},{"taxonomy":"is_homepage","embeddable":true,"href":"https:\/\/euapp01.newsmemory.com\/lamarseillaise\/news\/wp-json\/wp\/v2\/is_homepage?post=35572"},{"taxonomy":"ta_other","embeddable":true,"href":"https:\/\/euapp01.newsmemory.com\/lamarseillaise\/news\/wp-json\/wp\/v2\/ta_other?post=35572"}],"curies":[{"name":"wp","href":"https:\/\/api.w.org\/{rel}","templated":true}]}}