{"id":35569,"date":"2026-07-07T09:40:00","date_gmt":"2026-07-07T07:40:00","guid":{"rendered":"https:\/\/euapp01.newsmemory.com\/lamarseillaise\/news\/?p=35569"},"modified":"2026-07-11T09:51:26","modified_gmt":"2026-07-11T07:51:26","slug":"larlesienne-et-streetpress-face-au-baillon-beaucairois","status":"publish","type":"post","link":"https:\/\/euapp01.newsmemory.com\/lamarseillaise\/news\/2026\/07\/07\/larlesienne-et-streetpress-face-au-baillon-beaucairois\/","title":{"rendered":"L\u2019Arl\u00e9sienne et StreetPress face au b\u00e2illon beaucairois"},"content":{"rendered":"<div class=\"paragraph\">\n<p>Dans quelques jours, le couperet tombera. Le tribunal judiciaire de N\u00eemes rendra, le 8\u00a0juillet, son d\u00e9lib\u00e9r\u00e9 dans une affaire qui d\u00e9passe largement les fronti\u00e8res du Gard\u00a0: celle d\u2019une mairie d\u2019extr\u00eame droite qui a choisi les tribunaux plut\u00f4t que le d\u00e9bat contradictoire pour faire taire deux r\u00e9dactions ind\u00e9pendantes.<\/p>\n<p>Tout part d\u2019une enqu\u00eate publi\u00e9e \u00e0 l\u2019automne 2025 par <i>l\u2019Arl\u00e9sienne<\/i> et Street Press. T\u00e9moignages \u00e0 l\u2019appui, les deux m\u00e9dias y documentaient une politique d\u2019attribution des locaux commerciaux du centre-ville de Beaucaire qui \u00e9carterait syst\u00e9matiquement les commer\u00e7ants d\u2019origine maghr\u00e9bine ou latino-am\u00e9ricaine. Sollicit\u00e9e \u00e0 trois reprises avant publication, la municipalit\u00e9 n\u2019avait jamais daign\u00e9 r\u00e9pondre. Elle a pr\u00e9f\u00e9r\u00e9, quelques mois plus tard, saisir la justice.<\/p>\n<\/p><\/div>\n<div class=\"intext\"> \u00ab\u00a0On ne l\u00e2chera rien\u00a0\u00bb\n              <\/div>\n<div class=\"paragraph\">\n<p>Le 27\u00a0mai, \u00e0 l\u2019audience de N\u00eemes, ni le maire Nelson Chaudon ni son pr\u00e9d\u00e9cesseur Julien Sanchez &#8211; devenu entretemps directeur de campagne du RN pour 2027 -n\u2019ont jug\u00e9 utile de se d\u00e9placer. C\u2019est leur avocate, Sylvie Josserand, \u00e9galement d\u00e9put\u00e9e RN du Gard, qui a port\u00e9 seule la charge, d\u00e9non\u00e7ant une enqu\u00eate relevant selon elle de \u00ab\u00a0<i>la d\u00e9sinformation au service d\u2019une id\u00e9ologie<\/i>\u00a0\u00bb et r\u00e9clamant 18 000 euros de dommages et int\u00e9r\u00eats. Une formule bien pratique quand une enqu\u00eate vient gratter le vernis d\u2019une gestion locale.<\/p>\n<p>Une accusation \u00e0 laquelle l\u2019avocate de la d\u00e9fense, M<sup>e<\/sup> Valentine Reb\u00e9rioux, a oppos\u00e9 une \u00e9vidence\u00a0: aucun propos pr\u00e9cis\u00e9ment diffamatoire n\u2019a jamais \u00e9t\u00e9 d\u00e9sign\u00e9. Pour elle, la qualification ne fait aucun doute\u00a0: \u00ab\u00a0<i>Il s\u2019agit bien l\u00e0 d\u2019une proc\u00e9dure-b\u00e2illon.<\/i><i>\u00a0<\/i>\u00bb Une arme de plus en plus pris\u00e9e par l\u2019extr\u00eame droite locale pour \u00e9puiser financi\u00e8rement et psychologiquement les r\u00e9dactions ind\u00e9pendantes, sans jamais, ou presque, obtenir gain de cause\u00a0: Street Press comptabilise \u00e0 ce jour z\u00e9ro condamnation sur la quinzaine de proc\u00e9dures similaires en cours.<\/p>\n<p>\u00c9ric Besatti, directeur de publication de <i>l\u2019Arl\u00e9sienne<\/i>, ne plie pas\u00a0: \u00ab<i>\u00a0<\/i><i>Ce proc\u00e8s nous co\u00fbte de l\u2019argent, nous demande du temps pour nous d\u00e9fendre, mais n\u2019entame pas notre volont\u00e9 d\u2019enqu\u00eater.<\/i><i>\u00a0<\/i>\u00bb Avant de r\u00e9sumer\u00a0: \u00ab\u00a0<i>On ne l\u00e2chera rien, on continuera de faire notre travail.<\/i>\u00a0\u00bb Le 8\u00a0juillet, le tribunal dira le droit. Mais le message politique, lui, est d\u00e9j\u00e0 lisible. D\u2019ici l\u00e0, les articles restent en ligne et dans les kiosques. \u00c0 lire, \u00e0 partager, et \u00e0 d\u00e9fendre.<\/p>\n<\/p><\/div>\n","protected":false},"excerpt":{"rendered":"Dans quelques jours, le couperet tombera. Le tribunal judiciaire de N&icirc;mes rendra, le 8&nbsp;juillet, son d&eacute;lib&eacute;r&eacute; dans une affaire qui d&eacute;passe largement les fronti&egrave;res du Gard&nbsp;: celle d&rsquo;une mairie &#8230;","protected":false},"author":1,"featured_media":35570,"comment_status":"open","ping_status":"open","sticky":false,"template":"","format":"standard","meta":{"footnotes":""},"categories":[3926,3925,330],"tags":[652,441,238,2242,654,200,2948,241,1186,1694,439,3897],"news-destination":[3944],"news-source":[475],"is_homepage":[],"ta_other":[],"class_list":["post-35569","post","type-post","status-publish","format-standard","has-post-thumbnail","hentry","category-accueil-merge","category-accueil-third","category-politique","tag-beaucaire","tag-extreme-droite","tag-gard","tag-journalisme","tag-julien-sanchez","tag-justice","tag-liberte-de-la-presse","tag-nimes","tag-presse","tag-proces","tag-rn","tag-sylvie-josserand","news-destination-homepage","news-source-website"],"_links":{"self":[{"href":"https:\/\/euapp01.newsmemory.com\/lamarseillaise\/news\/wp-json\/wp\/v2\/posts\/35569","targetHints":{"allow":["GET"]}}],"collection":[{"href":"https:\/\/euapp01.newsmemory.com\/lamarseillaise\/news\/wp-json\/wp\/v2\/posts"}],"about":[{"href":"https:\/\/euapp01.newsmemory.com\/lamarseillaise\/news\/wp-json\/wp\/v2\/types\/post"}],"author":[{"embeddable":true,"href":"https:\/\/euapp01.newsmemory.com\/lamarseillaise\/news\/wp-json\/wp\/v2\/users\/1"}],"replies":[{"embeddable":true,"href":"https:\/\/euapp01.newsmemory.com\/lamarseillaise\/news\/wp-json\/wp\/v2\/comments?post=35569"}],"version-history":[{"count":1,"href":"https:\/\/euapp01.newsmemory.com\/lamarseillaise\/news\/wp-json\/wp\/v2\/posts\/35569\/revisions"}],"predecessor-version":[{"id":35571,"href":"https:\/\/euapp01.newsmemory.com\/lamarseillaise\/news\/wp-json\/wp\/v2\/posts\/35569\/revisions\/35571"}],"wp:featuredmedia":[{"embeddable":true,"href":"https:\/\/euapp01.newsmemory.com\/lamarseillaise\/news\/wp-json\/wp\/v2\/media\/35570"}],"wp:attachment":[{"href":"https:\/\/euapp01.newsmemory.com\/lamarseillaise\/news\/wp-json\/wp\/v2\/media?parent=35569"}],"wp:term":[{"taxonomy":"category","embeddable":true,"href":"https:\/\/euapp01.newsmemory.com\/lamarseillaise\/news\/wp-json\/wp\/v2\/categories?post=35569"},{"taxonomy":"post_tag","embeddable":true,"href":"https:\/\/euapp01.newsmemory.com\/lamarseillaise\/news\/wp-json\/wp\/v2\/tags?post=35569"},{"taxonomy":"news-destination","embeddable":true,"href":"https:\/\/euapp01.newsmemory.com\/lamarseillaise\/news\/wp-json\/wp\/v2\/news-destination?post=35569"},{"taxonomy":"news-source","embeddable":true,"href":"https:\/\/euapp01.newsmemory.com\/lamarseillaise\/news\/wp-json\/wp\/v2\/news-source?post=35569"},{"taxonomy":"is_homepage","embeddable":true,"href":"https:\/\/euapp01.newsmemory.com\/lamarseillaise\/news\/wp-json\/wp\/v2\/is_homepage?post=35569"},{"taxonomy":"ta_other","embeddable":true,"href":"https:\/\/euapp01.newsmemory.com\/lamarseillaise\/news\/wp-json\/wp\/v2\/ta_other?post=35569"}],"curies":[{"name":"wp","href":"https:\/\/api.w.org\/{rel}","templated":true}]}}