{"id":35566,"date":"2026-07-07T09:41:00","date_gmt":"2026-07-07T07:41:00","guid":{"rendered":"https:\/\/euapp01.newsmemory.com\/lamarseillaise\/news\/?p=35566"},"modified":"2026-07-11T09:51:26","modified_gmt":"2026-07-11T07:51:26","slug":"la-fete-de-la-conf-paysanne-censuree","status":"publish","type":"post","link":"https:\/\/euapp01.newsmemory.com\/lamarseillaise\/news\/2026\/07\/07\/la-fete-de-la-conf-paysanne-censuree\/","title":{"rendered":"La f\u00eate de la Conf paysanne censur\u00e9e ?"},"content":{"rendered":"<div class=\"paragraph\">\n<p>C\u2019est par un simple mail envoy\u00e9 fin mai que Marie-Camille Dugas, la nouvelle maire de Garrigues-Sainte-Eulalie, petite commune entre N\u00eemes et Al\u00e8s, a annonc\u00e9 \u00e0 la Conf\u00e9d\u00e9ration paysanne qu\u2019elle ne mettrait pas son foyer municipal \u00e0 disposition cette ann\u00e9e. \u00ab\u00a0<i>Apr\u00e8s avoir demand\u00e9 des rendez-vous pour leur expliquer ce qu\u2019on faisait \u00e0 cette f\u00eate, on nous a annonc\u00e9 que suite \u00e0 une demande de la Coordination rurale, ils \u00e9taient dans l\u2019obligation de nous retirer la salle pour le premier week-end d\u2019octobre<\/i>\u00a0\u00bb, pr\u00e9cise Simon Le Berre, porte-parole de la Conf\u00e9d\u00e9ration paysanne dans le Gard.<\/p>\n<p>Apr\u00e8s un \u00e9change avec les responsables de la Coordination rurale (CR), syndicat proche de l\u2019extr\u00eame droite, avec qui la Conf n\u2019est pas \u00e0 \u00ab<i>\u00a0<\/i><i>couteau tir\u00e9<\/i>\u00a0\u00bb dans le d\u00e9partement, il s\u2019av\u00e8re en r\u00e9alit\u00e9 que la CR s\u2019est \u00e9galement vue refuser la r\u00e9servation de la salle. La nouvelle municipalit\u00e9 s\u2019est justifi\u00e9e en s\u2019appuyant sur la \u00ab\u00a0<i>neutralit\u00e9 politique<\/i>\u00a0\u00bb des nouveaux \u00e9lus. Dans un communiqu\u00e9, elle pr\u00e9cise qu\u2019elle n\u2019\u00e9tait par contre pas oppos\u00e9e \u00e0 l\u2019organisation d\u2019une \u00ab\u00a0<i>f\u00eate mettant \u00e0 l\u2019honneur les producteurs locaux [&#8230;] dans un cadre d\u00e9nu\u00e9 de toute consid\u00e9ration politique<\/i><i>\u00a0<\/i>\u00bb. Un argument que r\u00e9fute la Conf car depuis l\u2019an dernier, la f\u00eate n\u2019est pas celle du syndicat agricole mais \u00ab\u00a0une f\u00eate de l\u2019agriculture paysanne\u00a0\u00bb port\u00e9e d\u00e9sormais par trois organisations\u00a0: la Conf\u00e9d\u00e9ration paysanne, l\u2019Addearg et Solidarit\u00e9 paysans\u00a030. \u00ab\u00a0<i>On s\u2019amuse \u00e0 nous cat\u00e9goriser comme extr\u00eame gauche sympathisants LFI donc \u00e7a ne m\u2019\u00e9tonne pas qu\u2019il y ait de plus en plus d\u2019\u00e9lus qui veulent nous mettre par terre. C\u2019est ce qui nous choque car nous sommes l\u00e0 pour le monde paysan, pour trouver des solutions \u00e0 nos campagnes qui vont tr\u00e8s mal<\/i>\u00a0\u00bb, rappelle Simon Le Berre.<\/p>\n<\/p><\/div>\n<div class=\"intext\"> \u00ab\u00a0Des valeurs qui d\u00e9rangent le RN\u00a0\u00bb\n              <\/div>\n<div class=\"paragraph\">\n<p>Mais pour la Conf paysanne, cette d\u00e9cision interroge surtout puisqu\u2019elle intervient quelques jours apr\u00e8s la r\u00e9ception du d\u00e9put\u00e9 Rassemblement National Pierre Meurin par Marie-Camille Dugas. \u00ab\u00a0<i>Nous faisons le lien entre la venue de Pierre Meurin et le mail que l\u2019on a re\u00e7u. On comprend que sur la petite commune de Garrigues, on ne veut pas avoir une f\u00eate politis\u00e9e qui met en avant des valeurs qui d\u00e9rangent le RN<\/i>\u00a0\u00bb, confirme Simon Le Berre. L\u2019attaque n\u2019est pas pass\u00e9e inaper\u00e7ue du c\u00f4t\u00e9 du d\u00e9put\u00e9 d\u2019extr\u00eame droite de la 4<sup>e<\/sup>\u00a0circonscription du Gard qui a condamn\u00e9 par communiqu\u00e9 \u00ab\u00a0<i>l\u2019utilisation politicienne faite par quelques groupuscules malveillants, et relay\u00e9e avec complaisance par certains m\u00e9dias, d\u2019une visite purement institutionnelle<\/i>\u00a0\u00bb.<\/p>\n<p>\u00ab\u00a0<i>Ce communiqu\u00e9 o\u00f9 nous sommes qualifi\u00e9s de groupuscule malveillant a \u00e9t\u00e9 partag\u00e9 par la municipalit\u00e9 de Garrigues<\/i>\u00a0\u00bb, fustige Simon Le\u00a0Berre, qui voit donc \u00ab\u00a0<i>une incapacit\u00e9 de la municipalit\u00e9 de communiquer par elle-m\u00eame<\/i><i>\u00a0<\/i>\u00bb.<\/p>\n<p>Face \u00e0 la pol\u00e9mique, un \u00ab<i>\u00a0<\/i><i>bel \u00e9lan de solidarit\u00e9<\/i>\u00a0\u00bb a eu lieu et une dizaine de communes se sont manifest\u00e9es pour accueillir cette f\u00eate. Les propositions sont aujourd\u2019hui \u00e0 l\u2019\u00e9tude pour r\u00e9fl\u00e9chir \u00e0 la logistique n\u00e9cessaire pour accueillir les 3\u00a0000\u00a0participants habituels de la f\u00eate.<\/p>\n<\/p><\/div>\n","protected":false},"excerpt":{"rendered":"C&rsquo;est par un simple mail envoy&eacute; fin mai que Marie-Camille Dugas, la nouvelle maire de Garrigues-Sainte-Eulalie, petite commune entre N&icirc;mes et Al&egrave;s, a annonc&eacute; &agrave; la Conf&eacute;d&eacute;ration paysanne &#8230;","protected":false},"author":1,"featured_media":35567,"comment_status":"open","ping_status":"open","sticky":false,"template":"","format":"standard","meta":{"footnotes":""},"categories":[3926,3925,331],"tags":[247,447,1963,1477,451,238,2634,457,2765,439,2150],"news-destination":[3944],"news-source":[475],"is_homepage":[],"ta_other":[],"class_list":["post-35566","post","type-post","status-publish","format-standard","has-post-thumbnail","hentry","category-accueil-merge","category-accueil-third","category-social","tag-247","tag-agriculture","tag-bio","tag-confederation-paysanne","tag-coordination-rurale","tag-gard","tag-garrigues-sainte-eulalie","tag-paysans","tag-pierre-meurin","tag-rn","tag-syndicalisme","news-destination-homepage","news-source-website"],"_links":{"self":[{"href":"https:\/\/euapp01.newsmemory.com\/lamarseillaise\/news\/wp-json\/wp\/v2\/posts\/35566","targetHints":{"allow":["GET"]}}],"collection":[{"href":"https:\/\/euapp01.newsmemory.com\/lamarseillaise\/news\/wp-json\/wp\/v2\/posts"}],"about":[{"href":"https:\/\/euapp01.newsmemory.com\/lamarseillaise\/news\/wp-json\/wp\/v2\/types\/post"}],"author":[{"embeddable":true,"href":"https:\/\/euapp01.newsmemory.com\/lamarseillaise\/news\/wp-json\/wp\/v2\/users\/1"}],"replies":[{"embeddable":true,"href":"https:\/\/euapp01.newsmemory.com\/lamarseillaise\/news\/wp-json\/wp\/v2\/comments?post=35566"}],"version-history":[{"count":1,"href":"https:\/\/euapp01.newsmemory.com\/lamarseillaise\/news\/wp-json\/wp\/v2\/posts\/35566\/revisions"}],"predecessor-version":[{"id":35568,"href":"https:\/\/euapp01.newsmemory.com\/lamarseillaise\/news\/wp-json\/wp\/v2\/posts\/35566\/revisions\/35568"}],"wp:featuredmedia":[{"embeddable":true,"href":"https:\/\/euapp01.newsmemory.com\/lamarseillaise\/news\/wp-json\/wp\/v2\/media\/35567"}],"wp:attachment":[{"href":"https:\/\/euapp01.newsmemory.com\/lamarseillaise\/news\/wp-json\/wp\/v2\/media?parent=35566"}],"wp:term":[{"taxonomy":"category","embeddable":true,"href":"https:\/\/euapp01.newsmemory.com\/lamarseillaise\/news\/wp-json\/wp\/v2\/categories?post=35566"},{"taxonomy":"post_tag","embeddable":true,"href":"https:\/\/euapp01.newsmemory.com\/lamarseillaise\/news\/wp-json\/wp\/v2\/tags?post=35566"},{"taxonomy":"news-destination","embeddable":true,"href":"https:\/\/euapp01.newsmemory.com\/lamarseillaise\/news\/wp-json\/wp\/v2\/news-destination?post=35566"},{"taxonomy":"news-source","embeddable":true,"href":"https:\/\/euapp01.newsmemory.com\/lamarseillaise\/news\/wp-json\/wp\/v2\/news-source?post=35566"},{"taxonomy":"is_homepage","embeddable":true,"href":"https:\/\/euapp01.newsmemory.com\/lamarseillaise\/news\/wp-json\/wp\/v2\/is_homepage?post=35566"},{"taxonomy":"ta_other","embeddable":true,"href":"https:\/\/euapp01.newsmemory.com\/lamarseillaise\/news\/wp-json\/wp\/v2\/ta_other?post=35566"}],"curies":[{"name":"wp","href":"https:\/\/api.w.org\/{rel}","templated":true}]}}