{"id":35563,"date":"2026-07-07T09:11:00","date_gmt":"2026-07-07T07:11:00","guid":{"rendered":"https:\/\/euapp01.newsmemory.com\/lamarseillaise\/news\/?p=35563"},"modified":"2026-07-11T08:07:49","modified_gmt":"2026-07-11T06:07:49","slug":"le-cercle-du-silence-pris-pour-cible-des-elus-alertent","status":"publish","type":"post","link":"https:\/\/euapp01.newsmemory.com\/lamarseillaise\/news\/2026\/07\/07\/le-cercle-du-silence-pris-pour-cible-des-elus-alertent\/","title":{"rendered":"Le Cercle du Silence pris pour cible&nbsp;: des \u00e9lus alertent"},"content":{"rendered":"<div class=\"paragraph\">\n<p>Depuis des d\u00e9cennies, chaque second samedi du mois, plusieurs associations humanistes et militants vari\u00e9s se rassemblent \u00e0 l\u2019entr\u00e9e des All\u00e9es Proven\u00e7ales, en \u00ab\u00a0<i>Cercle du Silence<\/i>\u00a0\u00bb. Cette mobilisation, pacifique et silencieuse, vise \u00e0 afficher une solidarit\u00e9 avec les personnes \u00e9trang\u00e8res, leurs conditions d\u2019accueil difficiles et leurs parcours, tout en invitant les passants \u00e0 se joindre, le temps de quelques minutes, au cercle. Pourtant, dans un courrier r\u00e9dig\u00e9 par les \u00e9lus du groupe d\u2019opposition municipale Aix Avenir (DVG), que nous avons pu consulter, et adress\u00e9 au sous-pr\u00e9fet, Mathieu Gatineau, ces derniers \u00e9crivent que le Cercle est \u00ab\u00a0<i>r\u00e9guli\u00e8rement la cible de factieux d\u2019extr\u00eame droite qui n\u2019h\u00e9site pas, pour rompre le cercle, \u00e0 prof\u00e9rer des insultes et bousculer les participants.<\/i>\u00a0\u00bb<i><\/i><\/p>\n<\/p><\/div>\n<div class=\"intext\"> Deux fois perturb\u00e9\n              <\/div>\n<div class=\"paragraph\">\n<p>Dans la suite de cette lettre, il est rappel\u00e9 que<i> <\/i>\u00ab\u00a0<i>le cercle de juin a \u00e9t\u00e9 perturb\u00e9 pendant pr\u00e8s d\u2019un quart d\u2019heure, avec banderole vindicative et porte-voix, par un groupuscule d\u2019une dizaine de personnes qui s\u2019intitule le Maquis<\/i>\u00a0\u00bb. Soit la<i> <\/i>\u00ab\u00a0<i>deuxi\u00e8me fois en quelques mois &#8211;<\/i><i>\u00a0<\/i><i>apr\u00e8s le collectif N\u00e9m\u00e9sis le 8<\/i><i>\u00a0<\/i><i>novembre 2025<\/i><i>\u00a0<\/i><i>&#8211; que ces manifestations sont l\u2019objet d\u2019intrusions identitaires et x\u00e9nophobes o\u00f9 il est haineusement reproch\u00e9 de soutenir les \u00e9trangers, lesquels sont syst\u00e9matiquement pr\u00e9sent\u00e9s, par ces groupuscules, comme de dangereux criminels.<\/i><i>\u00a0<\/i>\u00bb En fin de courrier, l\u2019ensemble des \u00e9lus demande au sous-pr\u00e9fet d\u2019Aix-en-Provence de s\u2019assurer \u00ab<i>\u00a0<\/i><i>que ces groupuscules violents, forc\u00e9ment connus de vos services qui veillent \u00e0 la tranquillit\u00e9 publique, ne viennent plus jamais perturber un rassemblement qui a lui toute sa place dans notre d\u00e9mocratie et notre R\u00e9publique.<\/i><i>\u00a0<\/i>\u00bb<i><\/i><\/p>\n<\/p><\/div>\n","protected":false},"excerpt":{"rendered":"Depuis des d&eacute;cennies, chaque second samedi du mois, plusieurs associations humanistes et militants vari&eacute;s se rassemblent &agrave; l&rsquo;entr&eacute;e des All&eacute;es Proven&ccedil;ales, en &laquo;&nbsp;Cercle du &#8230;","protected":false},"author":1,"featured_media":35564,"comment_status":"open","ping_status":"open","sticky":false,"template":"","format":"standard","meta":{"footnotes":""},"categories":[3926,3925,330,20],"tags":[556,10,2227,697,441,3068,134,3069],"news-destination":[3944],"news-source":[475],"is_homepage":[],"ta_other":[],"class_list":["post-35563","post","type-post","status-publish","format-standard","has-post-thumbnail","hentry","category-accueil-merge","category-accueil-third","category-politique","category-societe","tag-aix-en-provence","tag-bouches-du-rhone","tag-courrier","tag-elus","tag-extreme-droite","tag-mathieu-gatineau","tag-mobilisation","tag-sous-prefet","news-destination-homepage","news-source-website"],"_links":{"self":[{"href":"https:\/\/euapp01.newsmemory.com\/lamarseillaise\/news\/wp-json\/wp\/v2\/posts\/35563","targetHints":{"allow":["GET"]}}],"collection":[{"href":"https:\/\/euapp01.newsmemory.com\/lamarseillaise\/news\/wp-json\/wp\/v2\/posts"}],"about":[{"href":"https:\/\/euapp01.newsmemory.com\/lamarseillaise\/news\/wp-json\/wp\/v2\/types\/post"}],"author":[{"embeddable":true,"href":"https:\/\/euapp01.newsmemory.com\/lamarseillaise\/news\/wp-json\/wp\/v2\/users\/1"}],"replies":[{"embeddable":true,"href":"https:\/\/euapp01.newsmemory.com\/lamarseillaise\/news\/wp-json\/wp\/v2\/comments?post=35563"}],"version-history":[{"count":1,"href":"https:\/\/euapp01.newsmemory.com\/lamarseillaise\/news\/wp-json\/wp\/v2\/posts\/35563\/revisions"}],"predecessor-version":[{"id":35565,"href":"https:\/\/euapp01.newsmemory.com\/lamarseillaise\/news\/wp-json\/wp\/v2\/posts\/35563\/revisions\/35565"}],"wp:featuredmedia":[{"embeddable":true,"href":"https:\/\/euapp01.newsmemory.com\/lamarseillaise\/news\/wp-json\/wp\/v2\/media\/35564"}],"wp:attachment":[{"href":"https:\/\/euapp01.newsmemory.com\/lamarseillaise\/news\/wp-json\/wp\/v2\/media?parent=35563"}],"wp:term":[{"taxonomy":"category","embeddable":true,"href":"https:\/\/euapp01.newsmemory.com\/lamarseillaise\/news\/wp-json\/wp\/v2\/categories?post=35563"},{"taxonomy":"post_tag","embeddable":true,"href":"https:\/\/euapp01.newsmemory.com\/lamarseillaise\/news\/wp-json\/wp\/v2\/tags?post=35563"},{"taxonomy":"news-destination","embeddable":true,"href":"https:\/\/euapp01.newsmemory.com\/lamarseillaise\/news\/wp-json\/wp\/v2\/news-destination?post=35563"},{"taxonomy":"news-source","embeddable":true,"href":"https:\/\/euapp01.newsmemory.com\/lamarseillaise\/news\/wp-json\/wp\/v2\/news-source?post=35563"},{"taxonomy":"is_homepage","embeddable":true,"href":"https:\/\/euapp01.newsmemory.com\/lamarseillaise\/news\/wp-json\/wp\/v2\/is_homepage?post=35563"},{"taxonomy":"ta_other","embeddable":true,"href":"https:\/\/euapp01.newsmemory.com\/lamarseillaise\/news\/wp-json\/wp\/v2\/ta_other?post=35563"}],"curies":[{"name":"wp","href":"https:\/\/api.w.org\/{rel}","templated":true}]}}