{"id":35560,"date":"2026-07-07T09:36:00","date_gmt":"2026-07-07T07:36:00","guid":{"rendered":"https:\/\/euapp01.newsmemory.com\/lamarseillaise\/news\/?p=35560"},"modified":"2026-07-11T08:46:56","modified_gmt":"2026-07-11T06:46:56","slug":"alerte-sur-lhebergement-durgence-a-marseille","status":"publish","type":"post","link":"https:\/\/euapp01.newsmemory.com\/lamarseillaise\/news\/2026\/07\/07\/alerte-sur-lhebergement-durgence-a-marseille\/","title":{"rendered":"Alerte sur l\u2019h\u00e9bergement d\u2019urgence \u00e0 Marseille"},"content":{"rendered":"<div class=\"paragraph\">\n<p>D\u2019ann\u00e9e en ann\u00e9e, les recours dans le cadre du droit \u00e0 l\u2019h\u00e9bergement opposable (Daho) explosent dans la r\u00e9gion. 2\u00a0195\u00a0demandes ont \u00e9t\u00e9 d\u00e9pos\u00e9es en 2025, en hausse de 24% sur une seule ann\u00e9e, concentr\u00e9s essentiellement dans les Bouches-du-Rh\u00f4ne. Plus des deux tiers obtiennent une r\u00e9ponse favorable. \u00ab\u00a0<i>L\u2019effectivit\u00e9 de l\u2019acc\u00e8s \u00e0 une offre d\u2019h\u00e9bergement n\u2019est pas syst\u00e9matique<\/i><i>\u00a0<\/i>\u00bb, alerte cependant le rapport annuel publi\u00e9 \u00e0 la mi-juin. Chaque mois, 11\u00a0246\u00a0nuit\u00e9es ne sont pas pourvues par le num\u00e9ro d\u2019urgence, le 115. Jusqu\u2019\u00e0 la mise en place de crit\u00e8res qui \u00ab\u00a0<i>peuvent impacter la notion d\u2019inconditionnalit\u00e9 de l\u2019accueil pr\u00e9vue par le l\u00e9gislateur<\/i><i>\u00a0<\/i>\u00bb note pudiquement le rapport.<\/p>\n<p>Et les signaux d\u2019alerte se multiplient. Dans un courrier adress\u00e9 le 24\u00a0juin dernier \u00e0 la pr\u00e9f\u00e8te d\u00e9l\u00e9gu\u00e9e \u00e0 l\u2019\u00e9galit\u00e9 des chances, le r\u00e9seau Hospitalit\u00e9 de Marseille d\u00e9nonce des expulsions de lieux pr\u00e9caires qui se sont multipli\u00e9es ces derniers mois, avec l\u2019annonce de nouvelles interventions cet \u00e9t\u00e9. \u00ab\u00a0<i>La multiplication des expulsions sans perspectives cr\u00e9dibles de relogement ou de mise \u00e0 l\u2019abri risque d\u2019alimenter une v\u00e9ritable fabrique de la grande pr\u00e9carit\u00e9<\/i>, \u00e9crivent les 17\u00a0associations du r\u00e9seau. <i>Elle entra\u00eene des ruptures de parcours, fragilise les liens sociaux, nourrit le d\u00e9couragement et compromet les efforts engag\u00e9s depuis plusieurs ann\u00e9es.<\/i><i>\u00a0<\/i>\u00bb Elles soulignent les cons\u00e9quences directes \u00ab\u00a0<i>particuli\u00e8rement lourdes<\/i><i>\u00a0<\/i>\u00bb, de la privation des acc\u00e8s \u00e0 l\u2019eau et \u00e9lectricit\u00e9 \u00e0 une exposition accrue aux violences et risques sanitaires. \u00ab\u00a0<i>Les personnes concern\u00e9es ne dispara\u00eetront pas \u00e0 la suite de leur expulsion<\/i><i>\u00a0<\/i>\u00bb, alertent-elles en r\u00e9clamant un dialogue \u00ab\u00a0<i>constructif<\/i><i>\u00a0<\/i>\u00bb.<\/p>\n<p>Lors du conseil municipal de Marseille le 26\u00a0juin, Audrey Garino l\u2019adjointe (PCF) au logement avait aussi alert\u00e9 sur le risque de fermetures de places. \u00ab\u00a0<i>On nous annonce une nouvelle fois des coupes budg\u00e9taires dans les cr\u00e9dits de l\u2019h\u00e9bergement quand trop de personnes appellent sans obtenir de r\u00e9ponses<\/i><i>\u00a0<\/i>\u00bb, d\u00e9non\u00e7ait-elle (notre \u00e9dition du 27\/06), d\u00e9plorant que les expulsions ne soient plus suivies syst\u00e9matiquement de mises \u00e0 l\u2019abri. Un message aussi relay\u00e9 par le d\u00e9put\u00e9 LFI Manuel Bompard ce jeudi\u00a0: \u00e0 travers un courrier, il sollicite l\u2019appui du pr\u00e9fet \u00ab\u00a0<i>afin d\u2019\u00e9viter toute r\u00e9duction des capacit\u00e9s d\u2019h\u00e9bergement sur notre territoire<\/i><i>\u00a0<\/i>\u00bb.<\/p>\n<\/p><\/div>\n","protected":false},"excerpt":{"rendered":"D&rsquo;ann&eacute;e en ann&eacute;e, les recours dans le cadre du droit &agrave; l&rsquo;h&eacute;bergement opposable (Daho) explosent dans la r&eacute;gion. 2&nbsp;195&nbsp;demandes ont &eacute;t&eacute; d&eacute;pos&eacute;es en 2025, en hausse &#8230;","protected":false},"author":1,"featured_media":35561,"comment_status":"open","ping_status":"open","sticky":false,"template":"","format":"standard","meta":{"footnotes":""},"categories":[3926,3925,20],"tags":[855,10,1595,3185,2721,3626,770,16,222,4003],"news-destination":[3944],"news-source":[475],"is_homepage":[],"ta_other":[],"class_list":["post-35560","post","type-post","status-publish","format-standard","has-post-thumbnail","hentry","category-accueil-merge","category-accueil-third","category-societe","tag-audrey-garino","tag-bouches-du-rhone","tag-expulsions","tag-expulsions-locatives","tag-hebergement","tag-hebergement-durgence","tag-manuel-bompard","tag-marseille","tag-region-sud-paca","tag-sdf","news-destination-homepage","news-source-website"],"_links":{"self":[{"href":"https:\/\/euapp01.newsmemory.com\/lamarseillaise\/news\/wp-json\/wp\/v2\/posts\/35560","targetHints":{"allow":["GET"]}}],"collection":[{"href":"https:\/\/euapp01.newsmemory.com\/lamarseillaise\/news\/wp-json\/wp\/v2\/posts"}],"about":[{"href":"https:\/\/euapp01.newsmemory.com\/lamarseillaise\/news\/wp-json\/wp\/v2\/types\/post"}],"author":[{"embeddable":true,"href":"https:\/\/euapp01.newsmemory.com\/lamarseillaise\/news\/wp-json\/wp\/v2\/users\/1"}],"replies":[{"embeddable":true,"href":"https:\/\/euapp01.newsmemory.com\/lamarseillaise\/news\/wp-json\/wp\/v2\/comments?post=35560"}],"version-history":[{"count":1,"href":"https:\/\/euapp01.newsmemory.com\/lamarseillaise\/news\/wp-json\/wp\/v2\/posts\/35560\/revisions"}],"predecessor-version":[{"id":35562,"href":"https:\/\/euapp01.newsmemory.com\/lamarseillaise\/news\/wp-json\/wp\/v2\/posts\/35560\/revisions\/35562"}],"wp:featuredmedia":[{"embeddable":true,"href":"https:\/\/euapp01.newsmemory.com\/lamarseillaise\/news\/wp-json\/wp\/v2\/media\/35561"}],"wp:attachment":[{"href":"https:\/\/euapp01.newsmemory.com\/lamarseillaise\/news\/wp-json\/wp\/v2\/media?parent=35560"}],"wp:term":[{"taxonomy":"category","embeddable":true,"href":"https:\/\/euapp01.newsmemory.com\/lamarseillaise\/news\/wp-json\/wp\/v2\/categories?post=35560"},{"taxonomy":"post_tag","embeddable":true,"href":"https:\/\/euapp01.newsmemory.com\/lamarseillaise\/news\/wp-json\/wp\/v2\/tags?post=35560"},{"taxonomy":"news-destination","embeddable":true,"href":"https:\/\/euapp01.newsmemory.com\/lamarseillaise\/news\/wp-json\/wp\/v2\/news-destination?post=35560"},{"taxonomy":"news-source","embeddable":true,"href":"https:\/\/euapp01.newsmemory.com\/lamarseillaise\/news\/wp-json\/wp\/v2\/news-source?post=35560"},{"taxonomy":"is_homepage","embeddable":true,"href":"https:\/\/euapp01.newsmemory.com\/lamarseillaise\/news\/wp-json\/wp\/v2\/is_homepage?post=35560"},{"taxonomy":"ta_other","embeddable":true,"href":"https:\/\/euapp01.newsmemory.com\/lamarseillaise\/news\/wp-json\/wp\/v2\/ta_other?post=35560"}],"curies":[{"name":"wp","href":"https:\/\/api.w.org\/{rel}","templated":true}]}}