{"id":35557,"date":"2026-07-07T09:33:00","date_gmt":"2026-07-07T07:33:00","guid":{"rendered":"https:\/\/euapp01.newsmemory.com\/lamarseillaise\/news\/?p=35557"},"modified":"2026-07-11T08:46:56","modified_gmt":"2026-07-11T06:46:56","slug":"une-assemblee-generale-a-lhopital-de-martigues-a-lappel-de-la-cgt","status":"publish","type":"post","link":"https:\/\/euapp01.newsmemory.com\/lamarseillaise\/news\/2026\/07\/07\/une-assemblee-generale-a-lhopital-de-martigues-a-lappel-de-la-cgt\/","title":{"rendered":"Une assembl\u00e9e g\u00e9n\u00e9rale \u00e0 l\u2019h\u00f4pital de Martigues \u00e0 l\u2019appel de la CGT"},"content":{"rendered":"<div class=\"paragraph\">\n<p>\u00ab <i>O<\/i><i>n nous a annonc\u00e9 la fin de la pause m\u00e9ridienne compt\u00e9e dans le temps de travail<\/i>\u00a0\u00bb, d\u00e9nonce Laure Privat, secr\u00e9taire g\u00e9n\u00e9rale du syndicat CGT de l\u2019h\u00f4pital de Martigues. C\u2019est notamment pour cette raison, que le syndicat appelle \u00e0 une assembl\u00e9e g\u00e9n\u00e9rale des agents jeudi contre \u00ab\u00a0<i>les mesures qui d\u00e9gradent nos vies<\/i>\u00a0\u00bb.<\/p>\n<p>En l\u2019occurrence, il s\u2019agit de plusieurs d\u00e9cisions prises par la direction de l\u2019h\u00f4pital de Martigues suite aux rapports de la Chambre r\u00e9gionale des comptes Paca fin octobre\u00a02025, et plus r\u00e9cemment de l\u2019Agence nationale de la performance sanitaire (Anap).<\/p>\n<\/p><\/div>\n<div class=\"intext\"> Une pause travaill\u00e9e\n              <\/div>\n<div class=\"paragraph\">\n<p>Le retrait de la pause de mi-journ\u00e9e dans le temps de travail est l\u2019une des d\u00e9cisions parmi les plus fortement contest\u00e9es. \u00ab\u00a0<i>Comment \u00e7a va \u00eatre organis\u00e9<\/i><i>\u00a0<\/i><i>?<\/i>\u00a0\u00bb se demande Laure Privat, expliquant qu\u2019 \u00ab\u00a0<i>aujourd\u2019hui, quand on est en pause, on pose la fourchette d\u00e8s qu\u2019il y a un besoin. On r\u00e9pond au t\u00e9l\u00e9phone, aux appels des patients&#8230;<\/i><i>\u00a0<\/i>\u00bb. \u00ab\u00a0<i>C\u2019est pour \u00e7a qu\u2019elle est compt\u00e9e dans le temps de travail, car c\u2019est du r\u00e9el, c\u2019est du travail. On ne peut pas nous sortir 40<\/i><i>\u00a0<\/i><i>minutes du service, nous dire de quitter l\u2019h\u00f4pital et faire notre vie<\/i>\u00a0\u00bb d\u00e9veloppe la responsable syndicale.<\/p>\n<p>En clair, entre 20 et 40\u00a0minutes de temps de travail compt\u00e9 en moins pour la m\u00eame pr\u00e9sence sur place, d\u2019apr\u00e8s le communiqu\u00e9 du syndicat, en fonction de l\u2019organisation du temps de travail en sept ou douze heures. En cons\u00e9quence, certains agents peuvent perdre jusqu\u2019\u00e0 10\u00a0jours de RTT selon le poste.<\/p>\n<p>L\u2019assembl\u00e9e g\u00e9n\u00e9rale de jeudi \u00e0 14h au self, pendant l\u2019heure d\u2019information syndicale, servira donc \u00e0 \u00ab\u00a0<i>construire le rapport de force pour obtenir le retrait de ces mesures<\/i>\u00a0\u00bb d\u2019apr\u00e8s le communiqu\u00e9 du syndicat.<\/p>\n<\/p><\/div>\n","protected":false},"excerpt":{"rendered":"&laquo; On nous a annonc&eacute; la fin de la pause m&eacute;ridienne compt&eacute;e dans le temps de travail&nbsp;&raquo;, d&eacute;nonce Laure Privat, secr&eacute;taire g&eacute;n&eacute;rale du syndicat CGT de l&rsquo;h&ocirc;pital de Martigues. &#8230;","protected":false},"author":1,"featured_media":35558,"comment_status":"open","ping_status":"open","sticky":false,"template":"","format":"standard","meta":{"footnotes":""},"categories":[3926,3925,331],"tags":[1707,10,113,591,361,63,134,1148,6043,2889],"news-destination":[3944],"news-source":[475],"is_homepage":[],"ta_other":[],"class_list":["post-35557","post","type-post","status-publish","format-standard","has-post-thumbnail","hentry","category-accueil-merge","category-accueil-third","category-social","tag-agents","tag-bouches-du-rhone","tag-cgt","tag-chambre-regionale-des-comptes","tag-hopital-public","tag-martigues","tag-mobilisation","tag-performance","tag-rtt","tag-temps-de-travail","news-destination-homepage","news-source-website"],"_links":{"self":[{"href":"https:\/\/euapp01.newsmemory.com\/lamarseillaise\/news\/wp-json\/wp\/v2\/posts\/35557","targetHints":{"allow":["GET"]}}],"collection":[{"href":"https:\/\/euapp01.newsmemory.com\/lamarseillaise\/news\/wp-json\/wp\/v2\/posts"}],"about":[{"href":"https:\/\/euapp01.newsmemory.com\/lamarseillaise\/news\/wp-json\/wp\/v2\/types\/post"}],"author":[{"embeddable":true,"href":"https:\/\/euapp01.newsmemory.com\/lamarseillaise\/news\/wp-json\/wp\/v2\/users\/1"}],"replies":[{"embeddable":true,"href":"https:\/\/euapp01.newsmemory.com\/lamarseillaise\/news\/wp-json\/wp\/v2\/comments?post=35557"}],"version-history":[{"count":1,"href":"https:\/\/euapp01.newsmemory.com\/lamarseillaise\/news\/wp-json\/wp\/v2\/posts\/35557\/revisions"}],"predecessor-version":[{"id":35559,"href":"https:\/\/euapp01.newsmemory.com\/lamarseillaise\/news\/wp-json\/wp\/v2\/posts\/35557\/revisions\/35559"}],"wp:featuredmedia":[{"embeddable":true,"href":"https:\/\/euapp01.newsmemory.com\/lamarseillaise\/news\/wp-json\/wp\/v2\/media\/35558"}],"wp:attachment":[{"href":"https:\/\/euapp01.newsmemory.com\/lamarseillaise\/news\/wp-json\/wp\/v2\/media?parent=35557"}],"wp:term":[{"taxonomy":"category","embeddable":true,"href":"https:\/\/euapp01.newsmemory.com\/lamarseillaise\/news\/wp-json\/wp\/v2\/categories?post=35557"},{"taxonomy":"post_tag","embeddable":true,"href":"https:\/\/euapp01.newsmemory.com\/lamarseillaise\/news\/wp-json\/wp\/v2\/tags?post=35557"},{"taxonomy":"news-destination","embeddable":true,"href":"https:\/\/euapp01.newsmemory.com\/lamarseillaise\/news\/wp-json\/wp\/v2\/news-destination?post=35557"},{"taxonomy":"news-source","embeddable":true,"href":"https:\/\/euapp01.newsmemory.com\/lamarseillaise\/news\/wp-json\/wp\/v2\/news-source?post=35557"},{"taxonomy":"is_homepage","embeddable":true,"href":"https:\/\/euapp01.newsmemory.com\/lamarseillaise\/news\/wp-json\/wp\/v2\/is_homepage?post=35557"},{"taxonomy":"ta_other","embeddable":true,"href":"https:\/\/euapp01.newsmemory.com\/lamarseillaise\/news\/wp-json\/wp\/v2\/ta_other?post=35557"}],"curies":[{"name":"wp","href":"https:\/\/api.w.org\/{rel}","templated":true}]}}