{"id":35554,"date":"2026-07-07T09:38:00","date_gmt":"2026-07-07T07:38:00","guid":{"rendered":"https:\/\/euapp01.newsmemory.com\/lamarseillaise\/news\/?p=35554"},"modified":"2026-07-11T09:51:26","modified_gmt":"2026-07-11T07:51:26","slug":"les-employes-de-truffaut-en-greve-denoncent-une-chaleur-accablante","status":"publish","type":"post","link":"https:\/\/euapp01.newsmemory.com\/lamarseillaise\/news\/2026\/07\/07\/les-employes-de-truffaut-en-greve-denoncent-une-chaleur-accablante\/","title":{"rendered":"Les employ\u00e9s de Truffaut en gr\u00e8ve d\u00e9noncent une chaleur accablante"},"content":{"rendered":"<div class=\"paragraph\">\n<p>La chaleur avoisine les 40\u00b0C dans les all\u00e9es du magasin. Samedi 4\u00a0juillet, 10\u00a0salari\u00e9s de la jardinerie Truffaut, \u00e0 Cabri\u00e8s, se sont r\u00e9unis devant l\u2019enseigne pour d\u00e9fendre leurs conditions de travail. La raison de cette gr\u00e8ve\u00a0: une climatisation \u00ab\u00a0<i>qui tombe en panne \u00e0 r\u00e9p\u00e9tition<\/i>\u00a0\u00bb, selon un employ\u00e9 et d\u00e9l\u00e9gu\u00e9 syndical qui pr\u00e9f\u00e8re garder l\u2019anonymat.<\/p>\n<p>Ces d\u00e9faillances obligent les employ\u00e9s \u00e0 travailler sous une chaleur \u00e9touffante, avec des cons\u00e9quences directes sur leur sant\u00e9, estiment-ils. Parmi les 30\u00a0salari\u00e9s, beaucoup expliquent souffrir \u00ab\u00a0<i>de vertiges, maux de t\u00eate ou de boutons de chaleur<\/i>\u00a0\u00bb. La situation n\u2019est pas nouvelle. Le d\u00e9l\u00e9gu\u00e9 syndical explique avoir \u00ab\u00a0<i>envoy\u00e9 des mails \u00e0 la direction depuis 2020<\/i>\u00a0\u00bb. Il r\u00e9clame \u00ab\u00a0<i>le changement complet du syst\u00e8me de refroidissement<\/i>\u00a0\u00bb, estimant que les r\u00e9parations successives sont inefficaces.<\/p>\n<\/p><\/div>\n<div class=\"intext\"> \u00ab\u00a0Un pansement\u00a0\u00bb\n              <\/div>\n<div class=\"paragraph\">\n<p>La direction r\u00e9gionale assure pour sa part que le dossier est en cours mais s\u2019interroge \u00ab\u00a0<i>sur la pertinence d\u2019un remplacement complet<\/i>\u00a0\u00bb du syst\u00e8me de climatisation. Des d\u00e9clarations \u00ab\u00a0<i>tr\u00e8s mal prises par les salari\u00e9s<\/i><i>\u00a0<\/i>\u00bb. Face \u00e0 cette situation, les moyens de la direction locale sont d\u00e9risoires. En guise de solution\u00a0: des glaces \u00e0 l\u2019eau et des pauses r\u00e9guli\u00e8res sont offertes aux salari\u00e9s. \u00ab<i>\u00a0<\/i><i>Un pansement sur le probl\u00e8me<\/i>\u00a0\u00bb, estime le d\u00e9l\u00e9gu\u00e9 syndical.<\/p>\n<p><b>Fantine Lambey<\/b><\/p>\n<\/p><\/div>\n","protected":false},"excerpt":{"rendered":"La chaleur avoisine les 40&deg;C dans les all&eacute;es du magasin. Samedi 4&nbsp;juillet, 10&nbsp;salari&eacute;s de la jardinerie Truffaut, &agrave; Cabri&egrave;s, se sont r&eacute;unis devant l&rsquo;enseigne pour d&eacute;fendre leurs &#8230;","protected":false},"author":1,"featured_media":35555,"comment_status":"open","ping_status":"open","sticky":false,"template":"","format":"standard","meta":{"footnotes":""},"categories":[3926,3925,331],"tags":[3167,372,373,195,876],"news-destination":[3944],"news-source":[475],"is_homepage":[],"ta_other":[],"class_list":["post-35554","post","type-post","status-publish","format-standard","has-post-thumbnail","hentry","category-accueil-merge","category-accueil-third","category-social","tag-cabries","tag-canicule","tag-chaleur","tag-conditions-de-travail","tag-greve","news-destination-homepage","news-source-website"],"_links":{"self":[{"href":"https:\/\/euapp01.newsmemory.com\/lamarseillaise\/news\/wp-json\/wp\/v2\/posts\/35554","targetHints":{"allow":["GET"]}}],"collection":[{"href":"https:\/\/euapp01.newsmemory.com\/lamarseillaise\/news\/wp-json\/wp\/v2\/posts"}],"about":[{"href":"https:\/\/euapp01.newsmemory.com\/lamarseillaise\/news\/wp-json\/wp\/v2\/types\/post"}],"author":[{"embeddable":true,"href":"https:\/\/euapp01.newsmemory.com\/lamarseillaise\/news\/wp-json\/wp\/v2\/users\/1"}],"replies":[{"embeddable":true,"href":"https:\/\/euapp01.newsmemory.com\/lamarseillaise\/news\/wp-json\/wp\/v2\/comments?post=35554"}],"version-history":[{"count":1,"href":"https:\/\/euapp01.newsmemory.com\/lamarseillaise\/news\/wp-json\/wp\/v2\/posts\/35554\/revisions"}],"predecessor-version":[{"id":35556,"href":"https:\/\/euapp01.newsmemory.com\/lamarseillaise\/news\/wp-json\/wp\/v2\/posts\/35554\/revisions\/35556"}],"wp:featuredmedia":[{"embeddable":true,"href":"https:\/\/euapp01.newsmemory.com\/lamarseillaise\/news\/wp-json\/wp\/v2\/media\/35555"}],"wp:attachment":[{"href":"https:\/\/euapp01.newsmemory.com\/lamarseillaise\/news\/wp-json\/wp\/v2\/media?parent=35554"}],"wp:term":[{"taxonomy":"category","embeddable":true,"href":"https:\/\/euapp01.newsmemory.com\/lamarseillaise\/news\/wp-json\/wp\/v2\/categories?post=35554"},{"taxonomy":"post_tag","embeddable":true,"href":"https:\/\/euapp01.newsmemory.com\/lamarseillaise\/news\/wp-json\/wp\/v2\/tags?post=35554"},{"taxonomy":"news-destination","embeddable":true,"href":"https:\/\/euapp01.newsmemory.com\/lamarseillaise\/news\/wp-json\/wp\/v2\/news-destination?post=35554"},{"taxonomy":"news-source","embeddable":true,"href":"https:\/\/euapp01.newsmemory.com\/lamarseillaise\/news\/wp-json\/wp\/v2\/news-source?post=35554"},{"taxonomy":"is_homepage","embeddable":true,"href":"https:\/\/euapp01.newsmemory.com\/lamarseillaise\/news\/wp-json\/wp\/v2\/is_homepage?post=35554"},{"taxonomy":"ta_other","embeddable":true,"href":"https:\/\/euapp01.newsmemory.com\/lamarseillaise\/news\/wp-json\/wp\/v2\/ta_other?post=35554"}],"curies":[{"name":"wp","href":"https:\/\/api.w.org\/{rel}","templated":true}]}}