{"id":35550,"date":"2026-07-07T09:17:00","date_gmt":"2026-07-07T07:17:00","guid":{"rendered":"https:\/\/euapp01.newsmemory.com\/lamarseillaise\/news\/?p=35550"},"modified":"2026-07-07T10:06:49","modified_gmt":"2026-07-07T08:06:49","slug":"un-nouveau-bateau-ecole-pour-les-sauveteurs","status":"publish","type":"post","link":"https:\/\/euapp01.newsmemory.com\/lamarseillaise\/news\/2026\/07\/07\/un-nouveau-bateau-ecole-pour-les-sauveteurs\/","title":{"rendered":"Un nouveau bateau-\u00e9cole pour les sauveteurs"},"content":{"rendered":"<div class=\"paragraph\">\n<p>Inaugur\u00e9 \u00e0 la Pointe rouge par le commandant et formateur Jean Jacques Grenaud, ce nouvel \u00e9quipement sera bient\u00f4t mis \u00e0 la disposition des stagiaires de L\u2019Entente Valabre. L\u2019organisme internationalement reconnu forme, chaque ann\u00e9e, plus de 1\u00a0583\u00a0stagiaires issus des Sdis (service d\u00e9partemental d\u2019incendie et de secours) de France \u00e0 des missions de sauvetage ou d\u2019intervention en milieu immerg\u00e9 ou aux noyades. De nombreux partenaires nationaux et internationaux sont aussi form\u00e9s, tout comme des plongeurs qui s\u2019entra\u00eenent au secours en environnement complexe, exigeant ou hostile.<\/p>\n<p>Le d\u00e9sir de l\u2019Entente, avec ce renouvellement de bateau, est \u00ab\u00a0<i>d\u2019investir dans des moyens performants, au service de la formation, de la s\u00e9curit\u00e9 et de l\u2019excellence op\u00e9rationnelle<\/i>.\u00a0\u00bb L\u2019id\u00e9e est aussi de \u00ab\u00a0<i>proposer \u00e0 ses stagiaires des moyens actuels de formation face aux risques nautiques qui \u00e9voluent et se diversifient.<\/i><i>\u00a0<\/i>\u00bb Le nouvel appareil vient renforcer et moderniser une flotte de quatre bateaux.<\/p>\n<p>Ce 5<sup>e<\/sup>\u00a0navire a \u00e9t\u00e9 baptis\u00e9 \u00ab\u00a0La Bonne Entente\u00a0\u00bb, un nom qui fait r\u00e9f\u00e9rence \u00e0 la coh\u00e9sion qui anime ces h\u00e9ros des mers. Il lui a \u00e9t\u00e9 donn\u00e9 par sa marraine, Alexandra Oppenheim-Delauze, pr\u00e9sidente directrice g\u00e9n\u00e9rale de la Comex, une entreprise marseillaise de renomm\u00e9e internationale, sp\u00e9cialis\u00e9e dans l\u2019ing\u00e9nierie et les interventions en milieu hyperbare.<\/p>\n<p>\u00c0 l\u2019occasion de l\u2019inauguration, le 30\u00a0juin, une convention de partenariat a \u00e9t\u00e9 sign\u00e9e entre l\u2019entreprise d\u2019ing\u00e9nierie et l\u2019organisme de formation. Selon Alexandra Oppenheim-Delauze, elle vise \u00e0 \u00ab\u00a0<i>mettre sur le papier un partenariat d\u00e9j\u00e0 existant qui r\u00e9sulte en un \u00e9change d\u2019expertise<\/i><i>\u00a0<\/i>\u00bb.<\/p>\n<p><b>Louis Golliot<\/b><\/p>\n<\/p><\/div>\n","protected":false},"excerpt":{"rendered":"Inaugur&eacute; &agrave; la Pointe rouge par le commandant et formateur Jean Jacques Grenaud, ce nouvel &eacute;quipement sera bient&ocirc;t mis &agrave; la disposition des stagiaires de L&rsquo;Entente Valabre. L&rsquo;organisme internationalement &#8230;","protected":false},"author":1,"featured_media":35551,"comment_status":"open","ping_status":"open","sticky":false,"template":"","format":"standard","meta":{"footnotes":""},"categories":[20],"tags":[1222,10,505,16,320,111],"news-destination":[],"news-source":[475],"is_homepage":[],"ta_other":[],"class_list":["post-35550","post","type-post","status-publish","format-standard","has-post-thumbnail","hentry","category-societe","tag-bateau","tag-bouches-du-rhone","tag-formation","tag-marseille","tag-pompiers","tag-securite","news-source-website"],"_links":{"self":[{"href":"https:\/\/euapp01.newsmemory.com\/lamarseillaise\/news\/wp-json\/wp\/v2\/posts\/35550","targetHints":{"allow":["GET"]}}],"collection":[{"href":"https:\/\/euapp01.newsmemory.com\/lamarseillaise\/news\/wp-json\/wp\/v2\/posts"}],"about":[{"href":"https:\/\/euapp01.newsmemory.com\/lamarseillaise\/news\/wp-json\/wp\/v2\/types\/post"}],"author":[{"embeddable":true,"href":"https:\/\/euapp01.newsmemory.com\/lamarseillaise\/news\/wp-json\/wp\/v2\/users\/1"}],"replies":[{"embeddable":true,"href":"https:\/\/euapp01.newsmemory.com\/lamarseillaise\/news\/wp-json\/wp\/v2\/comments?post=35550"}],"version-history":[{"count":1,"href":"https:\/\/euapp01.newsmemory.com\/lamarseillaise\/news\/wp-json\/wp\/v2\/posts\/35550\/revisions"}],"predecessor-version":[{"id":35552,"href":"https:\/\/euapp01.newsmemory.com\/lamarseillaise\/news\/wp-json\/wp\/v2\/posts\/35550\/revisions\/35552"}],"wp:featuredmedia":[{"embeddable":true,"href":"https:\/\/euapp01.newsmemory.com\/lamarseillaise\/news\/wp-json\/wp\/v2\/media\/35551"}],"wp:attachment":[{"href":"https:\/\/euapp01.newsmemory.com\/lamarseillaise\/news\/wp-json\/wp\/v2\/media?parent=35550"}],"wp:term":[{"taxonomy":"category","embeddable":true,"href":"https:\/\/euapp01.newsmemory.com\/lamarseillaise\/news\/wp-json\/wp\/v2\/categories?post=35550"},{"taxonomy":"post_tag","embeddable":true,"href":"https:\/\/euapp01.newsmemory.com\/lamarseillaise\/news\/wp-json\/wp\/v2\/tags?post=35550"},{"taxonomy":"news-destination","embeddable":true,"href":"https:\/\/euapp01.newsmemory.com\/lamarseillaise\/news\/wp-json\/wp\/v2\/news-destination?post=35550"},{"taxonomy":"news-source","embeddable":true,"href":"https:\/\/euapp01.newsmemory.com\/lamarseillaise\/news\/wp-json\/wp\/v2\/news-source?post=35550"},{"taxonomy":"is_homepage","embeddable":true,"href":"https:\/\/euapp01.newsmemory.com\/lamarseillaise\/news\/wp-json\/wp\/v2\/is_homepage?post=35550"},{"taxonomy":"ta_other","embeddable":true,"href":"https:\/\/euapp01.newsmemory.com\/lamarseillaise\/news\/wp-json\/wp\/v2\/ta_other?post=35550"}],"curies":[{"name":"wp","href":"https:\/\/api.w.org\/{rel}","templated":true}]}}