{"id":35547,"date":"2026-07-07T09:09:00","date_gmt":"2026-07-07T07:09:00","guid":{"rendered":"https:\/\/euapp01.newsmemory.com\/lamarseillaise\/news\/?p=35547"},"modified":"2026-07-11T08:07:49","modified_gmt":"2026-07-11T06:07:49","slug":"la-lutte-sociale-se-joue-aussi-sur-les-planches","status":"publish","type":"post","link":"https:\/\/euapp01.newsmemory.com\/lamarseillaise\/news\/2026\/07\/07\/la-lutte-sociale-se-joue-aussi-sur-les-planches\/","title":{"rendered":"La lutte sociale se joue aussi sur les planches"},"content":{"rendered":"<div class=\"paragraph\">\n<p>Comme chaque ann\u00e9e depuis 18\u00a0ans d\u00e9sormais, le th\u00e9\u00e2tre de la Bourse du Travail d\u2019Avignon a, pendant le Festival, sa propre programmation. Six pi\u00e8ces sont ainsi \u00e0 voir cette ann\u00e9e dans l\u2019enceinte d\u2019une cinquantaine de places jusqu\u2019au 25\u00a0juillet.<\/p>\n<p>\u00ab\u00a0<i>Ce lieu r\u00e9sonne \u00e0 nouveau d\u2019un sentiment de partage, de solidarit\u00e9, d\u2019\u00e9change et d\u2019ouverture aux autres<\/i>\u00a0\u00bb, lance ainsi Fred Laurent, directeur du th\u00e9\u00e2tre et ex-secr\u00e9taire g\u00e9n\u00e9ral de la CGT Vaucluse.<\/p>\n<p>Les journ\u00e9es, hors rel\u00e2che les 6, 13 et 20\u00a0juillet, d\u00e9marrent d\u00e8s 11\u00a0heures avec <i>\u00c7a commence comme \u00e7a<\/i> de la compagnie La Th\u00e9i\u00e8re. Un seul-en-sc\u00e8ne d\u2019une heure sous la forme \u00ab\u00a0<i>d\u2019une travers\u00e9e sinueuse et passionn\u00e9e des tr\u00e9sors litt\u00e9raires qui peuplent la biblioth\u00e8que int\u00e9rieure de l\u2019autrice-personnage<\/i>\u00a0\u00bb, explique la CGT. Suit \u00e0 13\u00a0heures <i>\u00celes<\/i> de la compagnie Le Chahut des Murmures. Une pi\u00e8ce o\u00f9 l\u2019on suit la jeune L\u00e9o dans un voyage sur les traces de sa grand-m\u00e8re, \u00e9tudiante \u00e0 la Sorbonne et militante f\u00e9ministe en plein printemps 1968. Un spectacle \u00ab<i>\u00a0<\/i><i>qui fait dialoguer luttes f\u00e9ministes, utopies collectives et transmission entre g\u00e9n\u00e9rations<\/i>\u00a0\u00bb. \u00c0 15\u00a0heures, <i>Ulysse \u00e0 Gaza<\/i> du Bar de la Poste prend le relais. On y suit un prisonnier attrap\u00e9 en pleine mer alors qu\u2019il voulait forcer le blocus sur la bande de Gaza pour aller enseigner la litt\u00e9rature russe aux habitants. \u00c0 17\u00a0heures, le seul-en-sc\u00e8ne <i>Mis\u00e9rables<\/i> de la compagnie Franche Connexion nous emm\u00e8ne au XIX<sup>e<\/sup>\u00a0si\u00e8cle et dans l\u2019\u00e9pop\u00e9e de Jean Valjean, Javert, Fantine ou encore Cosette. Puis <i>Giono, la nuit, la lumi\u00e8re<\/i> innove avec, les jours pairs, une pi\u00e8ce sur les \u00e9crits sur la guerre du Manosquin, et les jours impairs, sur les paysages de ses \u0153uvres. Et, pour conclure en musique, <i>Rendez-vous avec Serge Reggiani <\/i>\u00e0 21\u00a0heures. Tandis que les cheminots du syndicat tiennent aussi une salle au th\u00e9\u00e2tre des Rotondes, en extra-muros.<\/p>\n<\/p><\/div>\n<div class=\"intext\"> Les valeurs\n              <\/div>\n<div class=\"paragraph\">\n<p>L\u2019occasion pour Fred Laurent de rappeler que \u00ab<i>\u00a0<\/i><i>les attaques vont bon train sur notre protection sociale<\/i><i>\u00a0<\/i>\u00bb et que \u00ab\u00a0<i>le monde de la culture n\u2019y \u00e9chappe pas<\/i>.\u00a0\u00bb Et explique souhaiter \u00ab\u00a0<i>p\u00e9renniser cette d\u00e9marche<\/i>\u00a0\u00bb afin de \u00ab\u00a0<i>relever les d\u00e9fis d\u2019un monde qui a bien chang\u00e9 avec l\u2019aggravation des in\u00e9galit\u00e9s sociales qui a conduit \u00e0 p\u00e9jorer l\u2019\u00e9panouissement culturel de nombreux salari\u00e9s.<\/i>\u00a0\u00bb Des menaces qui risquent de s\u2019aggraver \u00ab\u00a0<i>avec la mont\u00e9e des extr\u00eames droites et l\u2019arriv\u00e9e probable du RN au pouvoir<\/i>\u00a0\u00bb regrette-t-il.<\/p>\n<\/p><\/div>\n","protected":false},"excerpt":{"rendered":"Comme chaque ann&eacute;e depuis 18&nbsp;ans d&eacute;sormais, le th&eacute;&acirc;tre de la Bourse du Travail d&rsquo;Avignon a, pendant le Festival, sa propre programmation. Six pi&egrave;ces sont ainsi &agrave; voir cette ann&eacute;e dans &#8230;","protected":false},"author":1,"featured_media":35548,"comment_status":"open","ping_status":"open","sticky":false,"template":"","format":"standard","meta":{"footnotes":""},"categories":[3926,3925,32,331],"tags":[174,1760,1646,997,1483,260,529,171],"news-destination":[3944],"news-source":[475],"is_homepage":[],"ta_other":[],"class_list":["post-35547","post","type-post","status-publish","format-standard","has-post-thumbnail","hentry","category-accueil-merge","category-accueil-third","category-culture","category-social","tag-avignon","tag-bourse-du-travail","tag-feministes","tag-programmation","tag-secretaire-general","tag-solidarite","tag-spectacle","tag-vaucluse","news-destination-homepage","news-source-website"],"_links":{"self":[{"href":"https:\/\/euapp01.newsmemory.com\/lamarseillaise\/news\/wp-json\/wp\/v2\/posts\/35547","targetHints":{"allow":["GET"]}}],"collection":[{"href":"https:\/\/euapp01.newsmemory.com\/lamarseillaise\/news\/wp-json\/wp\/v2\/posts"}],"about":[{"href":"https:\/\/euapp01.newsmemory.com\/lamarseillaise\/news\/wp-json\/wp\/v2\/types\/post"}],"author":[{"embeddable":true,"href":"https:\/\/euapp01.newsmemory.com\/lamarseillaise\/news\/wp-json\/wp\/v2\/users\/1"}],"replies":[{"embeddable":true,"href":"https:\/\/euapp01.newsmemory.com\/lamarseillaise\/news\/wp-json\/wp\/v2\/comments?post=35547"}],"version-history":[{"count":1,"href":"https:\/\/euapp01.newsmemory.com\/lamarseillaise\/news\/wp-json\/wp\/v2\/posts\/35547\/revisions"}],"predecessor-version":[{"id":35549,"href":"https:\/\/euapp01.newsmemory.com\/lamarseillaise\/news\/wp-json\/wp\/v2\/posts\/35547\/revisions\/35549"}],"wp:featuredmedia":[{"embeddable":true,"href":"https:\/\/euapp01.newsmemory.com\/lamarseillaise\/news\/wp-json\/wp\/v2\/media\/35548"}],"wp:attachment":[{"href":"https:\/\/euapp01.newsmemory.com\/lamarseillaise\/news\/wp-json\/wp\/v2\/media?parent=35547"}],"wp:term":[{"taxonomy":"category","embeddable":true,"href":"https:\/\/euapp01.newsmemory.com\/lamarseillaise\/news\/wp-json\/wp\/v2\/categories?post=35547"},{"taxonomy":"post_tag","embeddable":true,"href":"https:\/\/euapp01.newsmemory.com\/lamarseillaise\/news\/wp-json\/wp\/v2\/tags?post=35547"},{"taxonomy":"news-destination","embeddable":true,"href":"https:\/\/euapp01.newsmemory.com\/lamarseillaise\/news\/wp-json\/wp\/v2\/news-destination?post=35547"},{"taxonomy":"news-source","embeddable":true,"href":"https:\/\/euapp01.newsmemory.com\/lamarseillaise\/news\/wp-json\/wp\/v2\/news-source?post=35547"},{"taxonomy":"is_homepage","embeddable":true,"href":"https:\/\/euapp01.newsmemory.com\/lamarseillaise\/news\/wp-json\/wp\/v2\/is_homepage?post=35547"},{"taxonomy":"ta_other","embeddable":true,"href":"https:\/\/euapp01.newsmemory.com\/lamarseillaise\/news\/wp-json\/wp\/v2\/ta_other?post=35547"}],"curies":[{"name":"wp","href":"https:\/\/api.w.org\/{rel}","templated":true}]}}