{"id":35544,"date":"2026-07-07T09:10:00","date_gmt":"2026-07-07T07:10:00","guid":{"rendered":"https:\/\/euapp01.newsmemory.com\/lamarseillaise\/news\/?p=35544"},"modified":"2026-07-11T08:07:06","modified_gmt":"2026-07-11T06:07:06","slug":"le-senat-adopte-un-projet-de-loi-de-simplification-decisif-pour-le-futur-parc-naturel-regional-des-maures","status":"publish","type":"post","link":"https:\/\/euapp01.newsmemory.com\/lamarseillaise\/news\/2026\/07\/07\/le-senat-adopte-un-projet-de-loi-de-simplification-decisif-pour-le-futur-parc-naturel-regional-des-maures\/","title":{"rendered":"Le S\u00e9nat adopte un projet de loi de simplification d\u00e9cisif pour le futur Parc naturel r\u00e9gional des Maures"},"content":{"rendered":"<div class=\"paragraph\">\n<p>N\u00e9 en 2022 suite aux violents incendies de 2021, qui avaient ravag\u00e9 8\u00a0000\u00a0hectares dans le massif des Maures et provoqu\u00e9 des dommages dramatiques pour la biodiversit\u00e9 (avec, notamment, l\u2019extinction de 40% de la population des tortues d\u2019Hermann), le projet de Parc naturel r\u00e9gional (PNR) des Maures, Est\u00e9rel et Tanneron vise \u00e0 apporter davantage de moyens pour la protection du territoire. Il permettra une gestion durable et s\u00e9curitaire de la for\u00eat, de l\u2019entretien des pistes pour les pompiers au d\u00e9broussaillement.<\/p>\n<p>Mais jusqu\u2019ici, le projet se heurtait \u00e0 un obstacle\u00a0: une commune ne pouvait pas \u00eatre class\u00e9e \u00e0 la fois en Parc national sur une partie de son territoire et en PNR sur une autre. Cela posait probl\u00e8me pour un certain nombre de communes, comme Hy\u00e8res, la Londe et le Lavandou, qui font partie du Parc national de Port-Cros.<\/p>\n<\/p><\/div>\n<div class=\"intext\"> Une loi de simplification d\u00e9sir\u00e9e depuis des ann\u00e9es\n              <\/div>\n<div class=\"paragraph\">\n<p>Ce blocage a \u00e9t\u00e9 r\u00e9solu gr\u00e2ce \u00e0 un projet de loi de simplification des normes applicables aux collectivit\u00e9s territoriale adopt\u00e9 au S\u00e9nat le 24\u00a0juin, pour laquelle la R\u00e9gion milite depuis des ann\u00e9es. Celui-ci doit permettre une meilleure coh\u00e9rence et une compl\u00e9mentarit\u00e9 entre Parc national et Parc naturel r\u00e9gional. \u00ab\u00a0<i>C\u2019est une excellente nouvelle. Cela d\u00e9montre que lorsqu\u2019un obstacle administratif freine un projet d\u2019int\u00e9r\u00eat g\u00e9n\u00e9ral, il est possible de le lever par le dialogue et la d\u00e9termination<\/i><i>\u00a0<\/i>\u00bb, se r\u00e9jouit le pr\u00e9sident de la R\u00e9gion Renaud Muselier, qui parle d\u2019 \u00ab\u00a0<i>une \u00e9tape essentielle pour la cr\u00e9ation du 10<\/i><i><sup>e<\/sup><\/i><i> PNR de la r\u00e9gion.<\/i><i>\u00a0<\/i>\u00bb<\/p>\n<p>Le projet de PNR a re\u00e7u l\u2019aval du pr\u00e9fet en mars\u00a02025, et veut d\u00e9sormais adopter une charte d\u2019ici la fin de l\u2019ann\u00e9e, \u00e0 l\u2019issue d\u2019une consultation publique courant jusqu\u2019au 30\u00a0septembre. L\u2019ouverture du parc est pr\u00e9vue pour 2028.<\/p>\n<\/p><\/div>\n","protected":false},"excerpt":{"rendered":"N&eacute; en 2022 suite aux violents incendies de 2021, qui avaient ravag&eacute; 8&nbsp;000&nbsp;hectares dans le massif des Maures et provoqu&eacute; des dommages dramatiques pour la biodiversit&eacute; (avec, notamment, l&rsquo;extinction de 40% &#8230;","protected":false},"author":1,"featured_media":35545,"comment_status":"open","ping_status":"open","sticky":false,"template":"","format":"standard","meta":{"footnotes":""},"categories":[3926,3925,330],"tags":[385,208,1122,418,27,1396,6042,981,1404,82,5522,1567,3169,537,86,708,1920,4427,31],"news-destination":[3944],"news-source":[475],"is_homepage":[],"ta_other":[],"class_list":["post-35544","post","type-post","status-publish","format-standard","has-post-thumbnail","hentry","category-accueil-merge","category-accueil-third","category-politique","tag-bormes-les-mimosas","tag-collectivites","tag-creation","tag-foret","tag-hyeres","tag-incendies","tag-la-londe-les-maures","tag-le-lavandou","tag-parc-national","tag-parc-naturel-regional","tag-parc-regional","tag-prefet","tag-projet-de-loi","tag-protection","tag-region","tag-renaud-muselier","tag-senat","tag-tanneron","tag-var","news-destination-homepage","news-source-website"],"_links":{"self":[{"href":"https:\/\/euapp01.newsmemory.com\/lamarseillaise\/news\/wp-json\/wp\/v2\/posts\/35544","targetHints":{"allow":["GET"]}}],"collection":[{"href":"https:\/\/euapp01.newsmemory.com\/lamarseillaise\/news\/wp-json\/wp\/v2\/posts"}],"about":[{"href":"https:\/\/euapp01.newsmemory.com\/lamarseillaise\/news\/wp-json\/wp\/v2\/types\/post"}],"author":[{"embeddable":true,"href":"https:\/\/euapp01.newsmemory.com\/lamarseillaise\/news\/wp-json\/wp\/v2\/users\/1"}],"replies":[{"embeddable":true,"href":"https:\/\/euapp01.newsmemory.com\/lamarseillaise\/news\/wp-json\/wp\/v2\/comments?post=35544"}],"version-history":[{"count":1,"href":"https:\/\/euapp01.newsmemory.com\/lamarseillaise\/news\/wp-json\/wp\/v2\/posts\/35544\/revisions"}],"predecessor-version":[{"id":35546,"href":"https:\/\/euapp01.newsmemory.com\/lamarseillaise\/news\/wp-json\/wp\/v2\/posts\/35544\/revisions\/35546"}],"wp:featuredmedia":[{"embeddable":true,"href":"https:\/\/euapp01.newsmemory.com\/lamarseillaise\/news\/wp-json\/wp\/v2\/media\/35545"}],"wp:attachment":[{"href":"https:\/\/euapp01.newsmemory.com\/lamarseillaise\/news\/wp-json\/wp\/v2\/media?parent=35544"}],"wp:term":[{"taxonomy":"category","embeddable":true,"href":"https:\/\/euapp01.newsmemory.com\/lamarseillaise\/news\/wp-json\/wp\/v2\/categories?post=35544"},{"taxonomy":"post_tag","embeddable":true,"href":"https:\/\/euapp01.newsmemory.com\/lamarseillaise\/news\/wp-json\/wp\/v2\/tags?post=35544"},{"taxonomy":"news-destination","embeddable":true,"href":"https:\/\/euapp01.newsmemory.com\/lamarseillaise\/news\/wp-json\/wp\/v2\/news-destination?post=35544"},{"taxonomy":"news-source","embeddable":true,"href":"https:\/\/euapp01.newsmemory.com\/lamarseillaise\/news\/wp-json\/wp\/v2\/news-source?post=35544"},{"taxonomy":"is_homepage","embeddable":true,"href":"https:\/\/euapp01.newsmemory.com\/lamarseillaise\/news\/wp-json\/wp\/v2\/is_homepage?post=35544"},{"taxonomy":"ta_other","embeddable":true,"href":"https:\/\/euapp01.newsmemory.com\/lamarseillaise\/news\/wp-json\/wp\/v2\/ta_other?post=35544"}],"curies":[{"name":"wp","href":"https:\/\/api.w.org\/{rel}","templated":true}]}}